{"id":313937,"date":"2025-08-12T12:52:10","date_gmt":"2025-08-12T12:52:10","guid":{"rendered":"https:\/\/www.europesays.com\/fr\/313937\/"},"modified":"2025-08-12T12:52:10","modified_gmt":"2025-08-12T12:52:10","slug":"le-stade-rennais-devoile-un-nouveau-maillot-inspire-dun-lieu-de-rencontres-emblematique-de-rennes","status":"publish","type":"post","link":"https:\/\/www.europesays.com\/fr\/313937\/","title":{"rendered":"Le Stade Rennais d\u00e9voile un nouveau maillot inspir\u00e9 d&rsquo;un lieu de rencontres embl\u00e9matique de Rennes\u2026"},"content":{"rendered":"<p>            Par<br \/>\n        <strong><br \/>\n            <a href=\"https:\/\/actu.fr\/auteur\/lou-batteux\" title=\"Consulter tous les articles de Lou Batteux\" target=\"_blank\" rel=\"noopener\">Lou Batteux<\/a><br \/>\n        <\/strong><\/p>\n<p>        Publi\u00e9 le<\/p>\n<p>            12 ao\u00fbt 2025 \u00e0 14h06        <\/p>\n<p>Pour la <strong>saison 2025-2026<\/strong>, la marque de sport <strong>Puma et le Stade Rennais F.C.<\/strong> d\u00e9voilent une nouvelle tenue <strong>\u00ab\u2009Third\u2009\u00bb<\/strong>. Si les <a href=\"https:\/\/actu.fr\/bretagne\/rennes_35238\/nouveau-logo-sur-le-maillot-du-stade-rennais-quel-est-ce-nouveau-sponsor-majeur-du-club-breton_62982266.html\" target=\"_blank\" rel=\"noopener\">maillots pour les matchs \u00e0 domicile et pour l\u2019ext\u00e9rieur ont d\u00e9j\u00e0 \u00e9t\u00e9 r\u00e9v\u00e9l\u00e9s au grand public<\/a>, ce troisi\u00e8me maillot cherche \u00e0 m\u00ealer \u00ab\u2009modernit\u00e9, ancrage local et <strong>fiert\u00e9 rennaise\u2009\u00bb<\/strong>, explique l\u2019\u00e9quipementier.<\/p>\n<p class=\" wall-content\">Puma a donc choisi de mettre \u00e0 l\u2019honneur un lieu \u00ab\u2009vivant, populaire et embl\u00e9matique des week-ends rennais\u2009\u00bb\u2009: le <strong>march\u00e9 des Lices<\/strong>. Toujours par\u00e9 de <strong>noir et rouge<\/strong>, le maillot montre toutefois quelques sp\u00e9cificit\u00e9s.<\/p>\n<p>En hommages aux traditions rennaises<\/p>\n<p class=\" wall-content\">Place \u00e0 un petit descriptif de ce nouveau style. La tunique se pare d\u2019un <strong>noir profond<\/strong>, \u00ab\u2009symbole d\u2019\u00e9l\u00e9gance et de force\u2009\u00bb, pareillement au <strong>short \u00ab\u2009Third\u2009\u00bb<\/strong>.<\/p>\n<blockquote class=\"ac-article-quote wall-content\">\n<p>Le col rond et les manches rappellent l\u2019architecture ainsi que les motifs rouges et or des briques de la Halle Martenot, b\u00e2timent iconique du march\u00e9.<\/p>\n<p>    <strong>Puma<\/strong><br \/>\n        \u00c9quipementier du Stade Rennais    <\/p><\/blockquote>\n<p class=\" wall-content\">Le club de football rennais adresse ainsi \u00ab\u2009un clin d\u2019\u0153il aux racines locales\u2009\u00bb.<\/p>\n<p>Un shooting photo avec les marchands<\/p>\n<p class=\" wall-content\">Pour lancer cette nouvelle \u00e9dition, Puma et le Stade Rennais F.C. ont organis\u00e9 \u00ab\u2009un <strong>shooting photo immersif\u2009\u00bb<\/strong> au c\u0153ur m\u00eame du march\u00e9 des Lices, samedi 9\u00a0ao\u00fbt 2025. Derri\u00e8re leur stand, au milieu des melons, des galettes-saucisses et des kouign-amanns, les <strong>commer\u00e7ants locaux ont port\u00e9 fi\u00e8rement le <\/strong><strong>maillot Third<\/strong>, aux couleurs de leur ville.<\/p>\n<p class=\" wall-content\">Apr\u00e8s le reveal (r\u00e9v\u00e9lation) du maillot au sein du plus grand march\u00e9 de Bretagne, les supporters, les commer\u00e7ants et quelques personnalit\u00e9s rennaises se sont retrouv\u00e9s dans <strong>l\u2019un des bars de la place des Lices<\/strong> \u00ab\u2009pour un moment de convivialit\u00e9\u2009\u00bb.<\/p>\n<blockquote class=\"ac-article-quote wall-content\">\n<p>Galettes-saucisses, musique avec DJ et ambiance de march\u00e9 \u00e9taient au rendez-vous, avant d\u2019aller encourager les Rennais le soir au Roazhon Park.<\/p>\n<p>    <strong>Puma<\/strong><br \/>\n        \u00c9quipementier du Stade Rennais    <\/p><\/blockquote>\n<p class=\" wall-content\">Samedi 9\u00a0ao\u00fbt, lors d\u2019une <strong>rencontre amicale contre le club italien\u00a0Genoa<\/strong>, les joueurs du Stade Rennais ont port\u00e9 pour la premi\u00e8re fois ce nouveau maillot.<\/p>\n<p>Comment se le procurer\u2009?<\/p>\n<p class=\" wall-content\">Pour cr\u00e9er ce v\u00eatement de sport, Puma utilise principalement des <strong>d\u00e9chets textiles recycl\u00e9s<\/strong>, en polyester notamment, comme mati\u00e8re premi\u00e8re.<\/p>\n<p class=\" wall-content\">Retrouvez le maillot \u00ab\u2009Third\u2009\u00bb dans la <strong>boutique officielle<\/strong>, situ\u00e9e au Roazhon Park, ainsi que <a href=\"https:\/\/boutique.staderennais.com\/2259-third\" target=\"_blank\" rel=\"noopener\">sur la boutique en ligne<\/a>. Il est au prix de <strong>100\u00a0euros<\/strong>.<\/p>\n<p class=\" wall-content\">Suivez toute l\u2019actualit\u00e9 de vos villes et m\u00e9dias favoris en vous inscrivant \u00e0 <a href=\"https:\/\/moncompte.actu.fr\" title=\"D\u00e9couvez Mon Actu\" rel=\"nofollow noopener\" data-trk=\"{&quot;cta&quot;:{&quot;action&quot;:&quot;https:\\\/\\\/moncompte.actu.fr&quot;,&quot;category&quot;:&quot;mon compte&quot;,&quot;from&quot;:&quot;article footer&quot;,&quot;name&quot;:&quot;Mon actu&quot;,&quot;type&quot;:&quot;cta&quot;}}\" target=\"_blank\">Mon Actu<\/a>.<\/p>\n","protected":false},"excerpt":{"rendered":"Par Lou Batteux Publi\u00e9 le 12 ao\u00fbt 2025 \u00e0 14h06 Pour la saison 2025-2026, la marque de sport&hellip;\n","protected":false},"author":2,"featured_media":313938,"comment_status":"","ping_status":"","sticky":false,"template":"","format":"standard","meta":{"footnotes":""},"categories":[2821],"tags":[1111,11,829,1777,674,63,1011,27,2089,12,584,25,7091,60,3087],"class_list":{"0":"post-313937","1":"post","2":"type-post","3":"status-publish","4":"format-standard","5":"has-post-thumbnail","7":"category-rennes","8":"tag-actu","9":"tag-actualites","10":"tag-bretagne","11":"tag-eu","12":"tag-europe","13":"tag-football","14":"tag-fr","15":"tag-france","16":"tag-marche","17":"tag-news","18":"tag-rennes","19":"tag-republique-francaise","20":"tag-roazhon-park","21":"tag-sports","22":"tag-stade-rennais"},"share_on_mastodon":{"url":"https:\/\/pubeurope.com\/@fr\/115015892535735432","error":""},"_links":{"self":[{"href":"https:\/\/www.europesays.com\/fr\/wp-json\/wp\/v2\/posts\/313937","targetHints":{"allow":["GET"]}}],"collection":[{"href":"https:\/\/www.europesays.com\/fr\/wp-json\/wp\/v2\/posts"}],"about":[{"href":"https:\/\/www.europesays.com\/fr\/wp-json\/wp\/v2\/types\/post"}],"author":[{"embeddable":true,"href":"https:\/\/www.europesays.com\/fr\/wp-json\/wp\/v2\/users\/2"}],"replies":[{"embeddable":true,"href":"https:\/\/www.europesays.com\/fr\/wp-json\/wp\/v2\/comments?post=313937"}],"version-history":[{"count":0,"href":"https:\/\/www.europesays.com\/fr\/wp-json\/wp\/v2\/posts\/313937\/revisions"}],"wp:featuredmedia":[{"embeddable":true,"href":"https:\/\/www.europesays.com\/fr\/wp-json\/wp\/v2\/media\/313938"}],"wp:attachment":[{"href":"https:\/\/www.europesays.com\/fr\/wp-json\/wp\/v2\/media?parent=313937"}],"wp:term":[{"taxonomy":"category","embeddable":true,"href":"https:\/\/www.europesays.com\/fr\/wp-json\/wp\/v2\/categories?post=313937"},{"taxonomy":"post_tag","embeddable":true,"href":"https:\/\/www.europesays.com\/fr\/wp-json\/wp\/v2\/tags?post=313937"}],"curies":[{"name":"wp","href":"https:\/\/api.w.org\/{rel}","templated":true}]}}