{"id":313945,"date":"2025-08-12T12:57:33","date_gmt":"2025-08-12T12:57:33","guid":{"rendered":"https:\/\/www.europesays.com\/fr\/313945\/"},"modified":"2025-08-12T12:57:33","modified_gmt":"2025-08-12T12:57:33","slug":"reze-la-saison-des-grand-petits-bazars-se-cloture-en-musique-dessins-et-pas-que","status":"publish","type":"post","link":"https:\/\/www.europesays.com\/fr\/313945\/","title":{"rendered":"Rez\u00e9. La saison des Grand Petits Bazars se cl\u00f4ture en musique, dessins et pas que"},"content":{"rendered":"<p>Pour la fin de la saison des GPB, Estelle Rattier aka Estelle R, 33\u00a0ans, pr\u00e9sentera ses illustrations en cartes postales, affiches,\u00a0etc. \u00a0Je propose aussi des jeux de 7\u00a0familles pour enfants que j\u2019ai illustr\u00e9s\u00a0\u00bb, pr\u00e9cise la jeune femme originaire de Touraine, ayant suivi une formation d\u2019illustration et graphisme \u00e0 l\u2019\u00e9cole Pivaut \u00e0 Nantes.<\/p>\n<p>Elle a d\u2019abord travaill\u00e9 avec des \u00e9diteurs jeunesse en r\u00e9alisant plusieurs albums aux \u00c9ditions Naive, Chours, Les Minots mais \u00e9galement pour des \u00e9ditions de manuels scolaires et des jeux. \u00a0J\u2019ai connu le Grand Petit Bazar par l\u2019interm\u00e9diaire d\u2019Anne-Laure Godeau qui l\u2019organise. J\u2019ai eu envie d\u2019y venir pour son c\u00f4t\u00e9 \u00e9thique qui soutient l\u2019artisanat local\u00a0, insiste Estelle, qu\u2019il est possible de suivre sur les r\u00e9seaux. Et dans la tradition des Grand Bazar, Julien Ariza dit Arwenn de son nom d\u2019artiste, sera au rendez-vous avec son handpan, pour accompagner les visiteurs de sa douce musique.<\/p>\n<p>Place des filets, \u00e0 Trentemoult, le dimanche 24\u00a0ao\u00fbt, de 11\u00a0h \u00e0 18\u00a0h.<\/p>\n<p>\u00a0<\/p>\n","protected":false},"excerpt":{"rendered":"Pour la fin de la saison des GPB, Estelle Rattier aka Estelle R, 33\u00a0ans, pr\u00e9sentera ses illustrations en&hellip;\n","protected":false},"author":2,"featured_media":313946,"comment_status":"","ping_status":"","sticky":false,"template":"","format":"standard","meta":{"footnotes":""},"categories":[2818],"tags":[1111,11,45343,22854,21350,1777,674,1011,27,2515,873,766,12,2636,5175,25,3740,3272,3242],"class_list":{"0":"post-313945","1":"post","2":"type-post","3":"status-publish","4":"format-standard","5":"has-post-thumbnail","7":"category-nantes","8":"tag-actu","9":"tag-actualites","10":"tag-bazars","11":"tag-cloture","12":"tag-dessins","13":"tag-eu","14":"tag-europe","15":"tag-fr","16":"tag-france","17":"tag-grand","18":"tag-musique","19":"tag-nantes","20":"tag-news","21":"tag-pays-de-la-loire","22":"tag-petits","23":"tag-republique-francaise","24":"tag-reze","25":"tag-saint-nazaire","26":"tag-saison"},"share_on_mastodon":{"url":"https:\/\/pubeurope.com\/@fr\/115015912321861620","error":""},"_links":{"self":[{"href":"https:\/\/www.europesays.com\/fr\/wp-json\/wp\/v2\/posts\/313945","targetHints":{"allow":["GET"]}}],"collection":[{"href":"https:\/\/www.europesays.com\/fr\/wp-json\/wp\/v2\/posts"}],"about":[{"href":"https:\/\/www.europesays.com\/fr\/wp-json\/wp\/v2\/types\/post"}],"author":[{"embeddable":true,"href":"https:\/\/www.europesays.com\/fr\/wp-json\/wp\/v2\/users\/2"}],"replies":[{"embeddable":true,"href":"https:\/\/www.europesays.com\/fr\/wp-json\/wp\/v2\/comments?post=313945"}],"version-history":[{"count":0,"href":"https:\/\/www.europesays.com\/fr\/wp-json\/wp\/v2\/posts\/313945\/revisions"}],"wp:featuredmedia":[{"embeddable":true,"href":"https:\/\/www.europesays.com\/fr\/wp-json\/wp\/v2\/media\/313946"}],"wp:attachment":[{"href":"https:\/\/www.europesays.com\/fr\/wp-json\/wp\/v2\/media?parent=313945"}],"wp:term":[{"taxonomy":"category","embeddable":true,"href":"https:\/\/www.europesays.com\/fr\/wp-json\/wp\/v2\/categories?post=313945"},{"taxonomy":"post_tag","embeddable":true,"href":"https:\/\/www.europesays.com\/fr\/wp-json\/wp\/v2\/tags?post=313945"}],"curies":[{"name":"wp","href":"https:\/\/api.w.org\/{rel}","templated":true}]}}