{"id":313947,"date":"2025-08-12T12:58:16","date_gmt":"2025-08-12T12:58:16","guid":{"rendered":"https:\/\/www.europesays.com\/fr\/313947\/"},"modified":"2025-08-12T12:58:16","modified_gmt":"2025-08-12T12:58:16","slug":"un-motard-recidiviste-flashe-a-211-km-h-sur-une-route-departementale","status":"publish","type":"post","link":"https:\/\/www.europesays.com\/fr\/313947\/","title":{"rendered":"un motard r\u00e9cidiviste flash\u00e9 \u00e0 211\u00a0km\/h sur une route d\u00e9partementale"},"content":{"rendered":"<p>La portion de cette RD117, situ\u00e9e au sud de Nantes, est limit\u00e9e \u00e0 110km\/h. Le mis en cause, qui va \u00eatre convoqu\u00e9 par la justice, n\u2019en est pas \u00e0 son coup d\u2019essai.<\/p>\n<p class=\"fig-paragraph\">Plus de 100\u00a0km\/h au-dessus de la limite autoris\u00e9e. Samedi apr\u00e8s-midi, les gendarmes de\u00a0<a href=\"http:\/\/www.lefigaro.fr\/faits-divers\/loire-atlantique-il-recidive-et-ecope-de-deux-mois-de-prison-ferme-apres-avoir-vole-un-yaourt-a-boire-20250801\" target=\"_blank\" data-fig-type=\"NewsFlash\" rel=\"noopener\" data-gtm-custom-categorie=\"navigation\" data-gtm-custom-action=\"crossclick\" data-gtm-custom-label=\"Contextuel\" data-gtm-event=\"customEventSPE\" data-fig-domain=\"LEFIGARO\">Loire-Atlantique<\/a>\u00a0ont contr\u00f4l\u00e9 un conducteur visiblement bien press\u00e9. Sur la RD117, reliant\u00a0<a href=\"http:\/\/www.lefigaro.fr\/nantes\/a-clisson-les-ecologistes-veulent-verifier-le-bilan-carbone-d-un-festival-de-voitures-anciennes-20250801\" target=\"_blank\" data-fig-type=\"NewsFlash\" rel=\"noopener\" data-gtm-custom-categorie=\"navigation\" data-gtm-custom-action=\"crossclick\" data-gtm-custom-label=\"Contextuel\" data-gtm-event=\"customEventSPE\" data-fig-domain=\"LEFIGARO\">Clisson<\/a>\u00a0\u00e0\u00a0<a href=\"https:\/\/www.lefigaro.fr\/flash-actu\/2015\/06\/26\/97001-20150626FILWWW00036-machecoul-accord-entre-sncf-et-proprietaires.php\" target=\"_blank\" data-fig-type=\"NewsFlash\" rel=\"noopener\" data-gtm-custom-categorie=\"navigation\" data-gtm-custom-action=\"crossclick\" data-gtm-custom-label=\"Contextuel\" data-gtm-event=\"customEventSPE\" data-fig-domain=\"LEFIGARO\">Machecoul<\/a>, l\u2019escadron d\u00e9partemental de s\u00e9curit\u00e9 routi\u00e8re a arr\u00eat\u00e9 un motard flash\u00e9 \u00e0 211\u00a0km\/h. En l\u2019occurrence, celui-ci a \u00e9t\u00e9 contr\u00f4l\u00e9 sur une portion de voie situ\u00e9e sur la commune de La Chevroli\u00e8re limit\u00e9e \u00e0 110\u00a0km\/h. \u00abLe pilote, \u00e2g\u00e9 de 50 ans, \u00e9tait d\u00e9j\u00e0 connu pour un grand exc\u00e8s de vitesse\u00bb, pr\u00e9cise la gendarmerie de Loire-Atlantique,\u00a0<a href=\"https:\/\/www.facebook.com\/photo?fbid=1050368397261778&amp;set=a.229466512685308&amp;locale=fr_FR\" target=\"_blank\" rel=\"noopener\" data-gtm-custom-categorie=\"navigation\" data-gtm-custom-action=\"crossclick\" data-gtm-custom-label=\"Contextuel\" data-gtm-event=\"customEventSPE\">dans un message publi\u00e9 sur Facebook<\/a>.<\/p>\n<p class=\"fig-paragraph\">La moto du quinquag\u00e9naire a \u00e9t\u00e9 saisie, et son permis suspendu en attendant une d\u00e9cision administrative puis judiciaire. \u00abConvoqu\u00e9 par la justice, il devra r\u00e9pondre de ses actes\u00bb, mentionne la publication visible sur les r\u00e9seaux sociaux. Il devrait \u00eatre jug\u00e9 dans le cadre d\u2019une comparution sur reconnaissance pr\u00e9alable de culpabilit\u00e9 (CRPC) d\u00e9but 2026.<\/p>\n<p>                                    <a class=\"fig-a11y-skip a11y-hidden\" href=\"#fig-a11y-skip-main-inarticle\"><br \/>\n        Passer la publicit\u00e9<br \/>\n    <\/a><\/p>\n<p class=\"fig-paragraph\">Ce n\u2019est pas la premi\u00e8re fois qu\u2019un grand exc\u00e8s de vitesse est enregistr\u00e9 par les forces de l\u2019ordre sur cette route. En 2021, par exemple, un jeune conducteur avait \u00e9t\u00e9 contr\u00f4l\u00e9 \u00e0 161\u00a0km\/h sur une portion de cette m\u00eame d\u00e9partementale limit\u00e9e \u00e0 80 km\/h, \u00e0 hauteur de Saint-Philbert-de-Grand-Lieu. Il \u00e9tait d\u00e9tenteur de son permis depuis seulement 13 jours.<\/p>\n","protected":false},"excerpt":{"rendered":"La portion de cette RD117, situ\u00e9e au sud de Nantes, est limit\u00e9e \u00e0 110km\/h. Le mis en cause,&hellip;\n","protected":false},"author":2,"featured_media":313948,"comment_status":"","ping_status":"","sticky":false,"template":"","format":"standard","meta":{"footnotes":""},"categories":[2818],"tags":[1111,11,1777,674,5915,1011,27,766,12,2636,25],"class_list":{"0":"post-313947","1":"post","2":"type-post","3":"status-publish","4":"format-standard","5":"has-post-thumbnail","7":"category-nantes","8":"tag-actu","9":"tag-actualites","10":"tag-eu","11":"tag-europe","12":"tag-exces-de-vitesse","13":"tag-fr","14":"tag-france","15":"tag-nantes","16":"tag-news","17":"tag-pays-de-la-loire","18":"tag-republique-francaise"},"share_on_mastodon":{"url":"https:\/\/pubeurope.com\/@fr\/115015916427009407","error":""},"_links":{"self":[{"href":"https:\/\/www.europesays.com\/fr\/wp-json\/wp\/v2\/posts\/313947","targetHints":{"allow":["GET"]}}],"collection":[{"href":"https:\/\/www.europesays.com\/fr\/wp-json\/wp\/v2\/posts"}],"about":[{"href":"https:\/\/www.europesays.com\/fr\/wp-json\/wp\/v2\/types\/post"}],"author":[{"embeddable":true,"href":"https:\/\/www.europesays.com\/fr\/wp-json\/wp\/v2\/users\/2"}],"replies":[{"embeddable":true,"href":"https:\/\/www.europesays.com\/fr\/wp-json\/wp\/v2\/comments?post=313947"}],"version-history":[{"count":0,"href":"https:\/\/www.europesays.com\/fr\/wp-json\/wp\/v2\/posts\/313947\/revisions"}],"wp:featuredmedia":[{"embeddable":true,"href":"https:\/\/www.europesays.com\/fr\/wp-json\/wp\/v2\/media\/313948"}],"wp:attachment":[{"href":"https:\/\/www.europesays.com\/fr\/wp-json\/wp\/v2\/media?parent=313947"}],"wp:term":[{"taxonomy":"category","embeddable":true,"href":"https:\/\/www.europesays.com\/fr\/wp-json\/wp\/v2\/categories?post=313947"},{"taxonomy":"post_tag","embeddable":true,"href":"https:\/\/www.europesays.com\/fr\/wp-json\/wp\/v2\/tags?post=313947"}],"curies":[{"name":"wp","href":"https:\/\/api.w.org\/{rel}","templated":true}]}}