{"id":313957,"date":"2025-08-12T13:05:14","date_gmt":"2025-08-12T13:05:14","guid":{"rendered":"https:\/\/www.europesays.com\/fr\/313957\/"},"modified":"2025-08-12T13:05:14","modified_gmt":"2025-08-12T13:05:14","slug":"un-ete-qui-pulse-avec-le-sunset-live","status":"publish","type":"post","link":"https:\/\/www.europesays.com\/fr\/313957\/","title":{"rendered":"un \u00e9t\u00e9 qui pulse avec le Sunset Live"},"content":{"rendered":"<p>\u00c0 mi-parcours de sa troisi\u00e8me \u00e9dition, le <a href=\"https:\/\/www.lesterrassesduport.com\/evenements\/les-terrasses-du-port-le-sunset-live?https:\/\/www.lesterrassesduport.com\/evenements&amp;gad_source=1&amp;gad_campaignid=22169576363&amp;gbraid=0AAAAA95PPO4cE8oCy1xSi3ZpQk2ADSCkZ&amp;gclid=Cj0KCQjwqebEBhD9ARIsAFZMbfxaT0HWiJZvMrxx4HU9EUB45haJX1PoQ9JN--9ij5ip-phELFJ6MGAaAtqNEALw_wcB\" data-type=\"link\" data-id=\"https:\/\/www.lesterrassesduport.com\/evenements\/les-terrasses-du-port-le-sunset-live?https:\/\/www.lesterrassesduport.com\/evenements&amp;gad_source=1&amp;gad_campaignid=22169576363&amp;gbraid=0AAAAA95PPO4cE8oCy1xSi3ZpQk2ADSCkZ&amp;gclid=Cj0KCQjwqebEBhD9ARIsAFZMbfxaT0HWiJZvMrxx4HU9EUB45haJX1PoQ9JN--9ij5ip-phELFJ6MGAaAtqNEALw_wcB\" target=\"_blank\" rel=\"noreferrer noopener nofollow\"><strong>Sunset Live<\/strong><\/a> des Terrasses du Port s\u2019impose comme un rendez-vous phare de l\u2019\u00e9t\u00e9 marseillais. Organis\u00e9 sur la terrasse panoramique des Terrasses du Port, l\u2019\u00e9v\u00e9nement gratuit, en partenariat avec Radio Star, attire chaque semaine des milliers de personnes autour de la musique, de la danse et de la d\u00e9tente en bord de mer. Le point sur cette \u00e9dition 2025 qui bat d\u00e9j\u00e0 tous les records de fr\u00e9quentation.<\/p>\n<p>Depuis 2023, <strong><a href=\"https:\/\/www.lesterrassesduport.com\/\" data-type=\"link\" data-id=\"https:\/\/www.lesterrassesduport.com\/\" target=\"_blank\" rel=\"noreferrer noopener nofollow\">les Terrasses du Port<\/a> <\/strong>ont fait le pari de proposer un \u00e9v\u00e9nement estival gratuit, \u00e0 la fois accessible, attractif, et f\u00e9d\u00e9rateur. \u00ab On a voulu proposer quelque chose de diff\u00e9renciant, utiliser cette terrasse, ce spot atypique, pour que les clients puissent retrouver ce lien avec la mer, tout en passant un bon moment dans un lieu qui leur sert de shopping, mais pas que \u00bb, explique Alexia Adam. R\u00e9sultat : des samedis anim\u00e9s par les \u00ab Sunset Latino \u00bb (cours de salsa, bachata et DJ set), et des dimanches sous le signe de la sc\u00e8ne musicale live. \u00ab C\u2019est une vraie collaboration \u00bb, confie Alexia Adam, directrice adjointe du centre commercial. \u00ab \u00c0 l\u2019origine, c\u2019est le centre qui veut animer ses parties communes depuis des ann\u00e9es, mais sur cette op\u00e9ration, on s\u2019est associ\u00e9s \u00e0 Radio Star, qui nous accompagne sur toute la programmation. C\u2019est clairement leur m\u00e9tier. \u00bb Une alliance qui fonctionne : le Sunset Live se distingue par une ambiance populaire, festive, mais aussi qualitative sur le plan artistique.<\/p>\n<p>Des pics de fr\u00e9quentation \u00ab\u00a0jusqu\u2019\u00e0 3 000 personnes\u00a0\u00bb<\/p>\n<p>La fr\u00e9quentation, elle, d\u00e9passe toutes les attentes. Si les deux premi\u00e8res \u00e9ditions n\u2019avaient pas fait l\u2019objet de comptages syst\u00e9matiques, l\u2019\u00e9dition 2025 affiche des pics assez importants. \u00ab Cette ann\u00e9e, on est sur la plus grosse fr\u00e9quentation, notamment les dimanches. On monte \u00e0 1 500 personnes le samedi, uniquement sur la terrasse. Et sur les moments avec artistes, on peut monter \u00e0 3 000 personnes \u00bb, affirme la directrice adjointe. Les t\u00eates d\u2019affiche n\u2019y sont pas pour rien. Le passage de Soprano, Wejdene, Keen V ou encore Frank Bush a permis de dynamiser la premi\u00e8re partie du programme. \u00ab Ce week-end-l\u00e0 reste notre plus forte affluence. Mais m\u00eame sur les artistes revival comme Nadia (dimanche 3 ao\u00fbt), on a vu un public fid\u00e8le, aussi nombreux que pour certains dimanches de juillet \u00bb, ajoute-t-elle.<\/p>\n<p><a data-no-instant=\"1\" href=\"https:\/\/my.weezevent.com\/3e-forum-nos-energies-en-questions\" rel=\"noopener nofollow\" class=\"a2t-link\" target=\"_blank\" aria-label=\"Maxi Header 2 1200\u00d7148\"><img loading=\"lazy\" decoding=\"async\" src=\"data:image\/svg+xml,%3Csvg%20xmlns=\" http:=\"\" alt=\"\" data-lazy- data-lazy- width=\"2048\" height=\"253\" style=\"display: inline-block;\" data-lazy-src=\"https:\/\/www.europesays.com\/fr\/wp-content\/uploads\/2025\/08\/maxi-header-2-1200x148-1-scaled.png\"\/><\/a><img loading=\"lazy\" decoding=\"async\" width=\"1024\" height=\"458\" src=\"data:image\/svg+xml,%3Csvg%20xmlns=\" http:=\"\" alt=\"Terrasses du Port Sunset Live\" class=\"wp-image-371981\" data-lazy- data-lazy- data-lazy-src=\"https:\/\/www.europesays.com\/fr\/wp-content\/uploads\/2025\/08\/img_1335-1024x458.jpeg\"\/>Wejdene, Soprano et Franglish sont venus au Sunset live dans le cadre de leur promotion d\u2019album avec Radio Star \/ (Cr\u00e9dit : Les Terrasses du port)<\/p>\n<p>Au-del\u00e0 des chiffres, c\u2019est l\u2019exp\u00e9rience globale qui a \u00e9t\u00e9 renforc\u00e9e cette ann\u00e9e. Des investissements ont \u00e9t\u00e9 r\u00e9alis\u00e9s sur l\u2019am\u00e9nagement : cabanons de food &amp; drink, parasols pour ombrager les zones trop expos\u00e9es, mobilier de d\u00e9tente\u2026 \u00ab On veut que le client puisse passer un bon moment, quel qu\u2019il soit. On a voulu pousser l\u2019exp\u00e9rience encore plus loin, avec des places assises, de quoi se restaurer, se rafra\u00eechir, tout en profitant de l\u2019ambiance. \u00bb L\u2019impact sur la fr\u00e9quentation du centre commercial est \u00e9galement mesur\u00e9. \u00ab On organise des enqu\u00eates clients ces jours-l\u00e0 pour savoir d\u2019o\u00f9 ils viennent. Il y a de plus en plus de gens qui viennent expr\u00e8s pour l\u2019\u00e9v\u00e9nement \u00bb, souligne Alexia Adam. \u00ab J\u2019ai eu l\u2019occasion de discuter avec certains habitu\u00e9s, qui reviennent chaque week-end. Certains viennent pour l\u2019animation et finissent par faire les boutiques. D\u2019autres viennent pour le shopping et d\u00e9couvrent l\u2019\u00e9v\u00e9nement par hasard. \u00bb Si le centre ne dispose pas de donn\u00e9es d\u00e9taill\u00e9es sur les achats post-\u00e9v\u00e9nement, les indicateurs visuels ne trompent pas. \u00ab On voit que les clients ont des sacs. C\u2019est tout \u00e0 fait visible \u00bb, note-t-elle.<\/p>\n<p>La 2e partie des Sunset live plut\u00f4t \u00ab\u00a0revival\u00a0\u00bb, toujours dans une d\u00e9marche \u00e9co-responsable<\/p>\n<p>C\u00f4t\u00e9 programmation, la seconde partie de l\u2019\u00e9t\u00e9 prend un virage plus nostalgique. \u00ab On a distingu\u00e9 juillet et ao\u00fbt. En juillet, c\u2019\u00e9taient surtout des artistes en pleine actualit\u00e9, en promotion d\u2019album. En ao\u00fbt, on passe en mode revival avec des artistes d\u2019ancienne g\u00e9n\u00e9ration comme Larusso, Trag\u00e9die ou Banda \u00e0 Part. \u00bb Et le spectacle ne se limite pas \u00e0 la sc\u00e8ne. Des jeux interactifs comme des blind tests musicaux sont organis\u00e9s via QR code, permettant aux visiteurs de gagner des cadeaux offerts par les enseignes du centre.<\/p>\n<p>Le Sunset Live se veut aussi \u00e9coresponsable, <a href=\"https:\/\/gomet.net\/thassalia-donne-de-lenergie-aux-terrasses-du-port\/\" target=\"_blank\" data-type=\"link\" data-id=\"https:\/\/gomet.net\/thassalia-donne-de-lenergie-aux-terrasses-du-port\/\" rel=\"noreferrer noopener nofollow\"><strong>dans la continuit\u00e9 des engagements RSE du centre<\/strong><\/a>. \u00ab Toutes les installations \u00e9lectriques, les cabanons, la sc\u00e8ne, sont aliment\u00e9s gr\u00e2ce \u00e0 nos panneaux photovolta\u00efques install\u00e9s sur le toit. \u00bb Une station de micro-m\u00e9thanisation permet aussi de revaloriser les biod\u00e9chets, y compris ceux issus des cabanons \u00e9ph\u00e9m\u00e8res. \u00ab Ces restes alimentaires sont transform\u00e9s en eau, \u00e9nergie et compost. On trie aussi 17 flux de d\u00e9chets diff\u00e9rents. Chaque locataire doit apporter ses d\u00e9chets dans notre d\u00e9chetterie interne. Ils sont ensuite refactur\u00e9s \u00e0 la consommation r\u00e9elle. L\u2019objectif, c\u2019est de sensibiliser tous les occupants \u2014 commer\u00e7ants, restaurateurs ou exposants \u2014 au tri et \u00e0 la revalorisation\u00a0\u00bb, confie Alexia.<\/p>\n<p>Le Sunset Live des Terrasses du Port en ao\u00fbt<img loading=\"lazy\" decoding=\"async\" width=\"1024\" height=\"553\" src=\"data:image\/svg+xml,%3Csvg%20xmlns=\" http:=\"\" alt=\"\" class=\"wp-image-371974\" data-lazy- data-lazy- data-lazy-src=\"https:\/\/www.europesays.com\/fr\/wp-content\/uploads\/2025\/08\/img_1332-1024x553.jpeg\"\/>(Cr\u00e9dit : Screenshot du site des Terrasses du Port)<\/p>\n","protected":false},"excerpt":{"rendered":"\u00c0 mi-parcours de sa troisi\u00e8me \u00e9dition, le Sunset Live des Terrasses du Port s\u2019impose comme un rendez-vous phare&hellip;\n","protected":false},"author":2,"featured_media":313958,"comment_status":"","ping_status":"","sticky":false,"template":"","format":"standard","meta":{"footnotes":""},"categories":[2814],"tags":[1111,11,1777,674,1011,27,884,12,882,25],"class_list":{"0":"post-313957","1":"post","2":"type-post","3":"status-publish","4":"format-standard","5":"has-post-thumbnail","7":"category-marseille","8":"tag-actu","9":"tag-actualites","10":"tag-eu","11":"tag-europe","12":"tag-fr","13":"tag-france","14":"tag-marseille","15":"tag-news","16":"tag-provence-alpes-cote-dazur","17":"tag-republique-francaise"},"share_on_mastodon":{"url":"https:\/\/pubeurope.com\/@fr\/115015943665089354","error":""},"_links":{"self":[{"href":"https:\/\/www.europesays.com\/fr\/wp-json\/wp\/v2\/posts\/313957","targetHints":{"allow":["GET"]}}],"collection":[{"href":"https:\/\/www.europesays.com\/fr\/wp-json\/wp\/v2\/posts"}],"about":[{"href":"https:\/\/www.europesays.com\/fr\/wp-json\/wp\/v2\/types\/post"}],"author":[{"embeddable":true,"href":"https:\/\/www.europesays.com\/fr\/wp-json\/wp\/v2\/users\/2"}],"replies":[{"embeddable":true,"href":"https:\/\/www.europesays.com\/fr\/wp-json\/wp\/v2\/comments?post=313957"}],"version-history":[{"count":0,"href":"https:\/\/www.europesays.com\/fr\/wp-json\/wp\/v2\/posts\/313957\/revisions"}],"wp:featuredmedia":[{"embeddable":true,"href":"https:\/\/www.europesays.com\/fr\/wp-json\/wp\/v2\/media\/313958"}],"wp:attachment":[{"href":"https:\/\/www.europesays.com\/fr\/wp-json\/wp\/v2\/media?parent=313957"}],"wp:term":[{"taxonomy":"category","embeddable":true,"href":"https:\/\/www.europesays.com\/fr\/wp-json\/wp\/v2\/categories?post=313957"},{"taxonomy":"post_tag","embeddable":true,"href":"https:\/\/www.europesays.com\/fr\/wp-json\/wp\/v2\/tags?post=313957"}],"curies":[{"name":"wp","href":"https:\/\/api.w.org\/{rel}","templated":true}]}}