{"id":313959,"date":"2025-08-12T13:06:14","date_gmt":"2025-08-12T13:06:14","guid":{"rendered":"https:\/\/www.europesays.com\/fr\/313959\/"},"modified":"2025-08-12T13:06:14","modified_gmt":"2025-08-12T13:06:14","slug":"calanques-de-marseille-lacces-sous-haute-surveillance-cet-ete","status":"publish","type":"post","link":"https:\/\/www.europesays.com\/fr\/313959\/","title":{"rendered":"Calanques de Marseille : l\u2019acc\u00e8s sous haute surveillance cet \u00e9t\u00e9"},"content":{"rendered":"<p><strong>Une carte mise \u00e0 jour chaque jour<\/strong><\/p>\n<p>La r\u00e8glementation, pilot\u00e9e par les services de la pr\u00e9fecture, repose sur une \u00e9valuation quotidienne du danger incendie. Chaque jour \u00e0 18 heures, une carte actualis\u00e9e d\u00e9termine les secteurs accessibles pour le lendemain. En cas de risque tr\u00e8s \u00e9lev\u00e9 (niveau rouge), l\u2019acc\u00e8s terrestre est tout simplement interdit, aussi bien pour les randonneurs que pour les v\u00e9hicules. Seule exception : la navigation reste autoris\u00e9e, \u00e0 condition de ne pas d\u00e9barquer.<\/p>\n<p>Ce syst\u00e8me, d\u00e9sormais bien rod\u00e9, s\u2019applique \u00e0 l\u2019ensemble des massifs forestiers des Bouches-du-Rh\u00f4ne, dont les c\u00e9l\u00e8bres calanques qui s\u2019\u00e9tendent entre Marseille et Cassis. Pour consulter la<a target=\"_blank\" rel=\"noopener noreferrer nofollow\" href=\"https:\/\/www.risque-prevention-incendie.fr\/13\"> carte d\u2019acc\u00e8s<\/a>, plusieurs options existent : site de la pr\u00e9fecture, application mobile Mes Calanques ou encore ligne t\u00e9l\u00e9phonique d\u00e9di\u00e9e.<br \/><a target=\"_blank\" rel=\"noopener noreferrer nofollow\" href=\"https:\/\/www.calanques-parcnational.fr\/fr\/des-decouvertes\/preparer-sa-visite\/reservation-sugiton\">R\u00e9servation obligatoire pour Sugiton et Pierres-Tomb\u00e9es<\/a><\/p>\n<p>Certaines calanques particuli\u00e8rement fragiles, comme Sugiton et les Pierres-Tomb\u00e9es, font l\u2019objet d\u2019une r\u00e9gulation plus stricte. Depuis 2022, une r\u00e9servation gratuite est obligatoire pendant les pics de fr\u00e9quentation. Ce dispositif est reconduit \u00e0 l\u2019\u00e9t\u00e9 2025, aux dates suivantes :<br \/>o    Les week-ends des 21-22 juin, 6-7 et 13-14 septembre<br \/>o    Chaque jour entre le 28 juin et le 31 ao\u00fbt inclus<br \/>La proc\u00e9dure est simple : les r\u00e9servations ouvrent trois jours avant la date souhait\u00e9e, \u00e0 9 heures, et se ferment \u00e0 18 heures la veille. Il suffit de s\u2019inscrire en ligne et de pr\u00e9senter la confirmation re\u00e7ue par e-mail \u00e0 l\u2019entr\u00e9e du site. Le quota est fix\u00e9 \u00e0 400 personnes par jour.<br \/>Cette mesure vise \u00e0 endiguer l\u2019\u00e9rosion des sols, provoqu\u00e9e par une fr\u00e9quentation massive (jusqu\u2019\u00e0 4 000 visiteurs par jour auparavant), et \u00e0 pr\u00e9server la pin\u00e8de qui surplombe ces criques embl\u00e9matiques.<\/p>\n<p><strong>Ce qu\u2019il faut retenir avant de partir<\/strong><\/p>\n<p>Pour \u00e9viter toute mauvaise surprise, il est recommand\u00e9 aux promeneurs, nageurs et plaisanciers de v\u00e9rifier les conditions d\u2019acc\u00e8s la veille de leur sortie. Voici les principales r\u00e8gles \u00e0 suivre :<br \/>o    Consulter chaque jour apr\u00e8s 18 h la carte d\u2019acc\u00e8s aux massifs forestiers<br \/>o    Ne pas tenter d\u2019entrer dans une zone class\u00e9e rouge (acc\u00e8s terrestre interdit)<br \/>o    Naviguer sans d\u00e9barquer dans les zones ferm\u00e9es<br \/>o    R\u00e9server \u00e0 l\u2019avance pour Sugiton et Pierres-Tomb\u00e9es aux dates concern\u00e9es<br \/>o    Pr\u00e9f\u00e9rer les transports en commun ou les mobilit\u00e9s douces pour se rendre aux points de d\u00e9part<\/p>\n<p><strong>Pr\u00e9server un site exceptionnel<\/strong><\/p>\n<p>Face \u00e0 l\u2019\u00e9rosion des sols, au recul de la v\u00e9g\u00e9tation et aux risques d\u2019incendie accrus par le changement climatique, ces restrictions apparaissent d\u00e9sormais comme un passage oblig\u00e9. Derri\u00e8re la contrainte, c\u2019est une ambition de long terme qui se dessine : faire en sorte que les g\u00e9n\u00e9rations futures puissent elles aussi profiter de ces paysages grandioses.<\/p>\n<p>Et avant de partir en mer, ayez les bons r\u00e9flexes en consultant la m\u00e9t\u00e9o sur <a target=\"_blank\" rel=\"noopener noreferrer nofollow\" href=\"https:\/\/marine.meteoconsult.fr\/\">METEO CONSULT Marine<\/a> et en t\u00e9l\u00e9chargeant <a target=\"_blank\" rel=\"noopener noreferrer nofollow\" href=\"https:\/\/figaronautisme.meteoconsult.fr\/services\/applications_bloc_marine\">l&rsquo;application mobile gratuite Bloc Marine<\/a>.<\/p>\n","protected":false},"excerpt":{"rendered":"Une carte mise \u00e0 jour chaque jour La r\u00e8glementation, pilot\u00e9e par les services de la pr\u00e9fecture, repose sur&hellip;\n","protected":false},"author":2,"featured_media":313960,"comment_status":"","ping_status":"","sticky":false,"template":"","format":"standard","meta":{"footnotes":""},"categories":[2814],"tags":[1111,11,1777,674,1011,27,884,12,882,25],"class_list":{"0":"post-313959","1":"post","2":"type-post","3":"status-publish","4":"format-standard","5":"has-post-thumbnail","7":"category-marseille","8":"tag-actu","9":"tag-actualites","10":"tag-eu","11":"tag-europe","12":"tag-fr","13":"tag-france","14":"tag-marseille","15":"tag-news","16":"tag-provence-alpes-cote-dazur","17":"tag-republique-francaise"},"share_on_mastodon":{"url":"https:\/\/pubeurope.com\/@fr\/115015947601964089","error":""},"_links":{"self":[{"href":"https:\/\/www.europesays.com\/fr\/wp-json\/wp\/v2\/posts\/313959","targetHints":{"allow":["GET"]}}],"collection":[{"href":"https:\/\/www.europesays.com\/fr\/wp-json\/wp\/v2\/posts"}],"about":[{"href":"https:\/\/www.europesays.com\/fr\/wp-json\/wp\/v2\/types\/post"}],"author":[{"embeddable":true,"href":"https:\/\/www.europesays.com\/fr\/wp-json\/wp\/v2\/users\/2"}],"replies":[{"embeddable":true,"href":"https:\/\/www.europesays.com\/fr\/wp-json\/wp\/v2\/comments?post=313959"}],"version-history":[{"count":0,"href":"https:\/\/www.europesays.com\/fr\/wp-json\/wp\/v2\/posts\/313959\/revisions"}],"wp:featuredmedia":[{"embeddable":true,"href":"https:\/\/www.europesays.com\/fr\/wp-json\/wp\/v2\/media\/313960"}],"wp:attachment":[{"href":"https:\/\/www.europesays.com\/fr\/wp-json\/wp\/v2\/media?parent=313959"}],"wp:term":[{"taxonomy":"category","embeddable":true,"href":"https:\/\/www.europesays.com\/fr\/wp-json\/wp\/v2\/categories?post=313959"},{"taxonomy":"post_tag","embeddable":true,"href":"https:\/\/www.europesays.com\/fr\/wp-json\/wp\/v2\/tags?post=313959"}],"curies":[{"name":"wp","href":"https:\/\/api.w.org\/{rel}","templated":true}]}}