{"id":313961,"date":"2025-08-12T13:07:11","date_gmt":"2025-08-12T13:07:11","guid":{"rendered":"https:\/\/www.europesays.com\/fr\/313961\/"},"modified":"2025-08-12T13:07:11","modified_gmt":"2025-08-12T13:07:11","slug":"que-font-les-familles-de-venssieux-qui-ne-peuvent-pas-partir-en-vacances","status":"publish","type":"post","link":"https:\/\/www.europesays.com\/fr\/313961\/","title":{"rendered":"que font les familles de V\u00e9nssieux qui ne peuvent pas partir en vacances\u00a0?"},"content":{"rendered":"<p>Au pied des barres d\u2019immeubles de la Darnaise, \u00e0 V\u00e9nissieux, des centaines de personnes se sont rassembl\u00e9es ce 7\u00a0ao\u00fbt, \u00e0 la tomb\u00e9e de la nuit, pour une derni\u00e8re \u00ab\u00a0f\u00eate de l\u2019\u00e9t\u00e9\u00a0\u00bb \u00e0 V\u00e9nissieux.<\/p>\n<p>Les \u201cJeudis de l\u2019\u00e9t\u00e9\u201d, nous explique-t-on, c\u2019est une \u00ab\u00a0institution incontournable\u00a0\u00bb pour bon nombre de V\u00e9nissians, et cela, depuis pr\u00e8s d\u2019une vingtaine d\u2019ann\u00e9es. La musique bat son plein, les enfants courent dans tous les sens et les familles se rassemblent.<\/p>\n<p>V\u00e9nissieux, \u00ab\u00a0une ambiance de village\u00a0\u00bb<\/p>\n<p>\u00ab\u00a0C\u2019est un moment pour se rencontrer, briser l\u2019isolement et sortir du quotidien\u00a0\u00bb, appuie Malika&#8230;<\/p>\n","protected":false},"excerpt":{"rendered":"Au pied des barres d\u2019immeubles de la Darnaise, \u00e0 V\u00e9nissieux, des centaines de personnes se sont rassembl\u00e9es ce&hellip;\n","protected":false},"author":2,"featured_media":313962,"comment_status":"","ping_status":"","sticky":false,"template":"","format":"standard","meta":{"footnotes":""},"categories":[1889],"tags":[1111,11,2430,1687,3152,1777,674,3326,1011,27,2428,12,4043,25,2429,104,953,4375,4407],"class_list":{"0":"post-313961","1":"post","2":"type-post","3":"status-publish","4":"format-standard","5":"has-post-thumbnail","7":"category-lyon","8":"tag-actu","9":"tag-actualites","10":"tag-auvergne-rhone-alpes","11":"tag-culture-loisirs","12":"tag-edition-est-lyonnais","13":"tag-eu","14":"tag-europe","15":"tag-fete-locale","16":"tag-fr","17":"tag-france","18":"tag-lyon","19":"tag-news","20":"tag-repas-et-the-dansant","21":"tag-republique-francaise","22":"tag-rhone","23":"tag-societe","24":"tag-soiree","25":"tag-venissieux","26":"tag-venissieux-bassin"},"share_on_mastodon":{"url":"https:\/\/pubeurope.com\/@fr\/115015951489576583","error":""},"_links":{"self":[{"href":"https:\/\/www.europesays.com\/fr\/wp-json\/wp\/v2\/posts\/313961","targetHints":{"allow":["GET"]}}],"collection":[{"href":"https:\/\/www.europesays.com\/fr\/wp-json\/wp\/v2\/posts"}],"about":[{"href":"https:\/\/www.europesays.com\/fr\/wp-json\/wp\/v2\/types\/post"}],"author":[{"embeddable":true,"href":"https:\/\/www.europesays.com\/fr\/wp-json\/wp\/v2\/users\/2"}],"replies":[{"embeddable":true,"href":"https:\/\/www.europesays.com\/fr\/wp-json\/wp\/v2\/comments?post=313961"}],"version-history":[{"count":0,"href":"https:\/\/www.europesays.com\/fr\/wp-json\/wp\/v2\/posts\/313961\/revisions"}],"wp:featuredmedia":[{"embeddable":true,"href":"https:\/\/www.europesays.com\/fr\/wp-json\/wp\/v2\/media\/313962"}],"wp:attachment":[{"href":"https:\/\/www.europesays.com\/fr\/wp-json\/wp\/v2\/media?parent=313961"}],"wp:term":[{"taxonomy":"category","embeddable":true,"href":"https:\/\/www.europesays.com\/fr\/wp-json\/wp\/v2\/categories?post=313961"},{"taxonomy":"post_tag","embeddable":true,"href":"https:\/\/www.europesays.com\/fr\/wp-json\/wp\/v2\/tags?post=313961"}],"curies":[{"name":"wp","href":"https:\/\/api.w.org\/{rel}","templated":true}]}}