{"id":313967,"date":"2025-08-12T13:11:10","date_gmt":"2025-08-12T13:11:10","guid":{"rendered":"https:\/\/www.europesays.com\/fr\/313967\/"},"modified":"2025-08-12T13:11:10","modified_gmt":"2025-08-12T13:11:10","slug":"le-president-de-lina-interpelle-a-son-domicile-apres-avoir-achete-de-la-cocaine","status":"publish","type":"post","link":"https:\/\/www.europesays.com\/fr\/313967\/","title":{"rendered":"le pr\u00e9sident de l&rsquo;INA interpell\u00e9 \u00e0 son domicile apr\u00e8s avoir achet\u00e9 de la coca\u00efne"},"content":{"rendered":"<p>            Par<br \/>\n        <strong><br \/>\n            <a href=\"https:\/\/actu.fr\/auteur\/redaction-paris\" title=\"Consulter tous les articles de R\u00e9daction Paris\" target=\"_blank\" rel=\"noopener\">R\u00e9daction Paris<\/a><br \/>\n        <\/strong><\/p>\n<p>        Publi\u00e9 le<\/p>\n<p>            12 ao\u00fbt 2025 \u00e0 14h24        <\/p>\n<p>Il a \u00e9t\u00e9 pris la main dans le sac. Le pr\u00e9sident de l\u2019Institut national de l\u2019audiovisuel (INA) <strong>Laurent Vallet<\/strong> a \u00e9t\u00e9 interpell\u00e9 fin juillet \u00e0 Paris apr\u00e8s s\u2019\u00eatre fait livrer de <a href=\"https:\/\/actu.fr\/ile-de-france\/tremblay-en-france_93073\/vaste-trafic-de-cocaine-demantele-a-l-aeroport-de-roissy-ils-sortaient-des-dizaines-de-kilos-chaque-mois_62743994.html\" target=\"_blank\" rel=\"noopener\">la coca\u00efne<\/a> \u00e0 son domicile, a appris l\u2019AFP de sources judiciaire et polici\u00e8re, ce mardi 12\u00a0ao\u00fbt 2025, confirmant une information de <a href=\"https:\/\/www.valeursactuelles.com\/faits-divers\/info-va-paris-le-president-de-lina-laurent-vallet-interpelle-pour-achat-de-stupefiants-a-un-mineur\" target=\"_blank\" rel=\"noopener\">Valeurs Actuelles<\/a>. S\u2019agissant d\u2019une premi\u00e8re interpellation, il a \u00e9t\u00e9 \u00ab\u2009orient\u00e9 vers une injonction th\u00e9rapeutique\u2009\u00bb, a pr\u00e9cis\u00e9 une source judiciaire.<\/p>\n<p class=\" wall-content\">Sollicit\u00e9, l\u2019INA, qui a pour mission d\u2019archiver les images et sons de la t\u00e9l\u00e9vision et de la radio et de valoriser ces fonds, n\u2019a pas r\u00e9agi dans l\u2019imm\u00e9diat.<\/p>\n<p>\u00ab\u2009L\u2019ami\u2009\u00bb \u00e9tait en fait l\u2019INA<\/p>\n<p class=\" wall-content\">Tout a d\u00e9but\u00e9 par une filature d\u2019un jeune homme de 17\u00a0ans par des policiers de la BAC (brigade anti-criminalit\u00e9) qui parviennent le suivre jusque dans la cour int\u00e9rieure d\u2019un b\u00e2timent, a relat\u00e9 une source polici\u00e8re. \u00c0 sa sortie, ils l\u2019interpellent et d\u00e9couvrent qu\u2019il est porteur d\u2019<strong>une somme de 600\u00a0euros<\/strong>. Le jeune homme leur affirme \u00eatre all\u00e9 voir un ami.<\/p>\n<p class=\" wall-content\">Les policiers prennent alors contact avec \u00ab\u2009l\u2019ami\u2009\u00bb, qui est en fait le pr\u00e9sident de l\u2019INA. Celui-ci reconna\u00eet avoir achet\u00e9 au jeune homme de la coca\u00efne pour un montant de 600\u00a0euros et remet la drogue aux policiers. La coca\u00efne se vend g\u00e9n\u00e9ralement autour de 60\u00a0euros le gramme, au d\u00e9tail, en France.<\/p>\n<p>Encore des probl\u00e8mes \u00e0 la pr\u00e9sidence<\/p>\n<p class=\" wall-content\">\u00c2g\u00e9 de 55\u00a0ans, Laurent Vallet a \u00e9t\u00e9 reconduit en mai pour un troisi\u00e8me mandat de cinq ans \u00e0 la t\u00eate de l\u2019INA, sur proposition de la ministre de la Culture, Rachida Dati.\u00a0Il occupe la pr\u00e9sidence de cette structure publique depuis mai\u00a02015. Il avait alors succ\u00e9d\u00e9 \u00e0 Agn\u00e8s Saal, rest\u00e9e moins d\u2019un an en poste. Elle avait d\u00fb d\u00e9missionner \u00e0 la demande de la ministre de la Culture de l\u2019\u00e9poque, Fleur Pellerin, apr\u00e8s <strong>la r\u00e9v\u00e9lation de frais de taxi d\u00e9passant 40\u2009000\u00a0euros<\/strong> en dix mois.<\/p>\n<p class=\" wall-content\">Avant de diriger l\u2019INA, Laurent Vallet \u00e9tait depuis 2002 directeur g\u00e9n\u00e9ral de l\u2019Institut pour le financement du cin\u00e9ma et des industries culturelles (Ifcic), \u00e9tablissement de cr\u00e9dit qui vise \u00e0 faciliter l\u2019acc\u00e8s au cr\u00e9dit des entreprises culturelles. Il est dipl\u00f4m\u00e9 de Sciences Po, HEC et l\u2019ENA.<\/p>\n<p class=\" wall-content\"><strong>Avec AFP<\/strong><\/p>\n<p class=\" wall-content\">Suivez toute l\u2019actualit\u00e9 de vos villes et m\u00e9dias favoris en vous inscrivant \u00e0 <a href=\"https:\/\/moncompte.actu.fr\" title=\"D\u00e9couvez Mon Actu\" rel=\"nofollow noopener\" data-trk=\"{&quot;cta&quot;:{&quot;action&quot;:&quot;https:\\\/\\\/moncompte.actu.fr&quot;,&quot;category&quot;:&quot;mon compte&quot;,&quot;from&quot;:&quot;article footer&quot;,&quot;name&quot;:&quot;Mon actu&quot;,&quot;type&quot;:&quot;cta&quot;}}\" target=\"_blank\">Mon Actu<\/a>.<\/p>\n","protected":false},"excerpt":{"rendered":"Par R\u00e9daction Paris Publi\u00e9 le 12 ao\u00fbt 2025 \u00e0 14h24 Il a \u00e9t\u00e9 pris la main dans le&hellip;\n","protected":false},"author":2,"featured_media":313968,"comment_status":"","ping_status":"","sticky":false,"template":"","format":"standard","meta":{"footnotes":""},"categories":[1888],"tags":[1111,1928,11,1927,3993,1052,1777,674,1011,27,12,1926,626,1925,1072,25,104],"class_list":{"0":"post-313967","1":"post","2":"type-post","3":"status-publish","4":"format-standard","5":"has-post-thumbnail","7":"category-paris","8":"tag-actu","9":"tag-actu-paris","10":"tag-actualites","11":"tag-actualites-paris","12":"tag-cocaine","13":"tag-drogue","14":"tag-eu","15":"tag-europe","16":"tag-fr","17":"tag-france","18":"tag-news","19":"tag-news-paris","20":"tag-paris","21":"tag-paris-news","22":"tag-police","23":"tag-republique-francaise","24":"tag-societe"},"share_on_mastodon":{"url":"https:\/\/pubeurope.com\/@fr\/115015967224189800","error":""},"_links":{"self":[{"href":"https:\/\/www.europesays.com\/fr\/wp-json\/wp\/v2\/posts\/313967","targetHints":{"allow":["GET"]}}],"collection":[{"href":"https:\/\/www.europesays.com\/fr\/wp-json\/wp\/v2\/posts"}],"about":[{"href":"https:\/\/www.europesays.com\/fr\/wp-json\/wp\/v2\/types\/post"}],"author":[{"embeddable":true,"href":"https:\/\/www.europesays.com\/fr\/wp-json\/wp\/v2\/users\/2"}],"replies":[{"embeddable":true,"href":"https:\/\/www.europesays.com\/fr\/wp-json\/wp\/v2\/comments?post=313967"}],"version-history":[{"count":0,"href":"https:\/\/www.europesays.com\/fr\/wp-json\/wp\/v2\/posts\/313967\/revisions"}],"wp:featuredmedia":[{"embeddable":true,"href":"https:\/\/www.europesays.com\/fr\/wp-json\/wp\/v2\/media\/313968"}],"wp:attachment":[{"href":"https:\/\/www.europesays.com\/fr\/wp-json\/wp\/v2\/media?parent=313967"}],"wp:term":[{"taxonomy":"category","embeddable":true,"href":"https:\/\/www.europesays.com\/fr\/wp-json\/wp\/v2\/categories?post=313967"},{"taxonomy":"post_tag","embeddable":true,"href":"https:\/\/www.europesays.com\/fr\/wp-json\/wp\/v2\/tags?post=313967"}],"curies":[{"name":"wp","href":"https:\/\/api.w.org\/{rel}","templated":true}]}}