{"id":313973,"date":"2025-08-12T13:14:15","date_gmt":"2025-08-12T13:14:15","guid":{"rendered":"https:\/\/www.europesays.com\/fr\/313973\/"},"modified":"2025-08-12T13:14:15","modified_gmt":"2025-08-12T13:14:15","slug":"deux-mineurs-en-garde-a-vue-pour-avoir-jete-des-cocktails-molotov-contre-la-prison-de-la-sante","status":"publish","type":"post","link":"https:\/\/www.europesays.com\/fr\/313973\/","title":{"rendered":"deux mineurs en garde \u00e0 vue pour avoir jet\u00e9 des cocktails Molotov contre la prison de la Sant\u00e9"},"content":{"rendered":"<p>Les faits ont eu lieu t\u00f4t ce mardi matin vers 1h30. Les deux suspects ont d\u00e9clar\u00e9 avoir \u00e9t\u00e9 pay\u00e9s 200 euros pour commettre ce d\u00e9lit.<\/p>\n<p class=\"fig-paragraph\">Deux individus mineurs ont \u00e9t\u00e9 plac\u00e9s en garde \u00e0 vue ce mardi apr\u00e8s avoir jet\u00e9 des\u00a0<a href=\"http:\/\/www.lefigaro.fr\/lyon\/des-cocktails-molotov-jetes-sur-le-commissariat-de-rillieux-la-pape-le-maire-s-en-prend-au-depute-lfi-20250515\" data-fig-type=\"NewsFlash\" data-gtm-custom-categorie=\"navigation\" data-gtm-custom-action=\"crossclick\" data-gtm-custom-label=\"Contextuel\" data-gtm-event=\"customEventSPE\" data-fig-domain=\"LEFIGARO\" target=\"_blank\" rel=\"noopener\">cocktails molotov<\/a>\u00a0sur la\u00a0<a href=\"http:\/\/www.lefigaro.fr\/actualite-france\/securite-plongee-dans-la-maison-d-arret-de-la-sante-ou-la-pratique-du-yoyo-fait-rage-20240607\" data-fig-type=\"Article\" data-gtm-custom-categorie=\"navigation\" data-gtm-custom-action=\"crossclick\" data-gtm-custom-label=\"Contextuel\" data-gtm-event=\"customEventSPE\" data-fig-domain=\"LEFIGARO\" target=\"_blank\" rel=\"noopener\">Maison d\u2019arr\u00eat de la Sant\u00e9<\/a>\u00a0dans le 14e arrondissement de\u00a0<a href=\"http:\/\/www.lefigaro.fr\/faits-divers\/paris-plusieurs-individus-rassembles-sur-les-champs-elysees-en-buggys-et-quads-ce-week-end-20250812\" data-fig-type=\"NewsFlash\" data-gtm-custom-categorie=\"navigation\" data-gtm-custom-action=\"crossclick\" data-gtm-custom-label=\"Contextuel\" data-gtm-event=\"customEventSPE\" data-fig-domain=\"LEFIGARO\" target=\"_blank\" rel=\"noopener\">Paris<\/a>, a appris Le Figaro aupr\u00e8s du parquet de\u00a0<a href=\"http:\/\/www.lefigaro.fr\/faits-divers\/creteil-un-soutien-de-jordan-bardella-accuse-un-militant-lfi-de-violences-et-d-insultes-racistes-20240426\" data-fig-type=\"NewsFlash\" data-gtm-custom-categorie=\"navigation\" data-gtm-custom-action=\"crossclick\" data-gtm-custom-label=\"Contextuel\" data-gtm-event=\"customEventSPE\" data-fig-domain=\"LEFIGARO\" target=\"_blank\" rel=\"noopener\">Cr\u00e9teil (Val-de-Marne)<\/a>, confirmant des informations de\u00a0<a href=\"https:\/\/www.valeursactuelles.com\/faits-divers\/info-va-paris-des-cocktails-molotov-lances-contre-la-prison-de-la-sante-deux-mineurs-interpelles\" target=\"_blank\" rel=\"sponsored noopener\" data-gtm-custom-categorie=\"navigation\" data-gtm-custom-action=\"crossclick\" data-gtm-custom-label=\"Contextuel\" data-gtm-event=\"customEventSPE\">Valeurs Actuelles<\/a> .<\/p>\n<p class=\"fig-paragraph\">Les deux suspects originaires de Cr\u00e9teil ont \u00e9t\u00e9 pris en flagrant d\u00e9lit alors qu\u2019un \u00e9quipage de la BAC patrouillait dans le secteur juste \u00e0 ce moment-l\u00e0, aux alentours d\u20191h30 du matin.\u00a0Une enqu\u00eate a \u00e9t\u00e9 ouverte \u00abdes chefs de d\u00e9gradation par moyen dangereux et d\u00e9tention de substance ou produit incendiaire ou explosif\u00bb, indique le parquet.<\/p>\n<p>                                    <a class=\"fig-a11y-skip a11y-hidden\" href=\"#fig-a11y-skip-main-inarticle\"><br \/>\n        Passer la publicit\u00e9<br \/>\n    <\/a><\/p>\n<p>Pay\u00e9s 200 euros<\/p>\n<p class=\"fig-paragraph\">Selon nos informations, les effectifs auraient surpris les deux individus se rapprochant de la gu\u00e9rite, pr\u00e8s de l\u2019entr\u00e9e principale du centre p\u00e9nitentiaire. Les deux mineurs ont alors allum\u00e9 les cocktails molotov puis se sont enfuis \u00e0 pied. Apr\u00e8s une course-poursuite ils ont finalement \u00e9t\u00e9 rattrap\u00e9s quelques heures apr\u00e8s, pr\u00e9cise une source polici\u00e8re. Interrog\u00e9s par des enqu\u00eateurs, ils auraient expliqu\u00e9 avoir \u00e9t\u00e9 pay\u00e9s 200 euros pour jeter les cocktails.<\/p>\n<p class=\"fig-body-link\">\n            \u00c0 lire aussi<br \/>\n        <a class=\"fig-body-link__link fig-premium-mark\" href=\"https:\/\/www.lefigaro.fr\/actualite-france\/les-premiers-radicalises-sont-arrives-a-la-prison-de-la-sante-20190717\" data-fig-type=\"Article\" data-gtm-custom-categorie=\"navigation\" data-gtm-custom-action=\"crossclick\" data-gtm-custom-label=\"Contextuel\" data-gtm-event=\"customEventSPE\" data-fig-domain=\"LEFIGARO\" target=\"_blank\" rel=\"noopener\">Les premiers d\u00e9tenus radicalis\u00e9s sont arriv\u00e9s \u00e0 la prison de la Sant\u00e9<br \/>\n    <\/a>\n<\/p>\n<p class=\"fig-paragraph\">Mobilis\u00e9s sur place, les sapeurs-pompiers ont constat\u00e9 que le feu \u00e9tait d\u00e9j\u00e0 \u00e9teint \u00e0 leur arriv\u00e9e. Aucun bless\u00e9 n\u2019est \u00e0 d\u00e9plorer, ont d\u00e9clar\u00e9 au Figaro les soldats du feu. D\u2019apr\u00e8s les \u00e9l\u00e9ments de Valeurs Actuelles, la fa\u00e7ade de la gu\u00e9rite a \u00e9t\u00e9 partiellement noircie sur plus d\u2019un m\u00e8tre et des \u00e9clats de verre qui portaient une \u00e9tiquette \u00abSobieski\u00bb, une marque de vodka, ont \u00e9t\u00e9 retrouv\u00e9s par les forces de l\u2019ordre.<\/p>\n","protected":false},"excerpt":{"rendered":"Les faits ont eu lieu t\u00f4t ce mardi matin vers 1h30. Les deux suspects ont d\u00e9clar\u00e9 avoir \u00e9t\u00e9&hellip;\n","protected":false},"author":2,"featured_media":313974,"comment_status":"","ping_status":"","sticky":false,"template":"","format":"standard","meta":{"footnotes":""},"categories":[1888],"tags":[11,1777,674,1011,27,12,626,45344,25],"class_list":{"0":"post-313973","1":"post","2":"type-post","3":"status-publish","4":"format-standard","5":"has-post-thumbnail","7":"category-paris","8":"tag-actualites","9":"tag-eu","10":"tag-europe","11":"tag-fr","12":"tag-france","13":"tag-news","14":"tag-paris","15":"tag-prison-de-la-sante","16":"tag-republique-francaise"},"share_on_mastodon":{"url":"https:\/\/pubeurope.com\/@fr\/115015979115810237","error":""},"_links":{"self":[{"href":"https:\/\/www.europesays.com\/fr\/wp-json\/wp\/v2\/posts\/313973","targetHints":{"allow":["GET"]}}],"collection":[{"href":"https:\/\/www.europesays.com\/fr\/wp-json\/wp\/v2\/posts"}],"about":[{"href":"https:\/\/www.europesays.com\/fr\/wp-json\/wp\/v2\/types\/post"}],"author":[{"embeddable":true,"href":"https:\/\/www.europesays.com\/fr\/wp-json\/wp\/v2\/users\/2"}],"replies":[{"embeddable":true,"href":"https:\/\/www.europesays.com\/fr\/wp-json\/wp\/v2\/comments?post=313973"}],"version-history":[{"count":0,"href":"https:\/\/www.europesays.com\/fr\/wp-json\/wp\/v2\/posts\/313973\/revisions"}],"wp:featuredmedia":[{"embeddable":true,"href":"https:\/\/www.europesays.com\/fr\/wp-json\/wp\/v2\/media\/313974"}],"wp:attachment":[{"href":"https:\/\/www.europesays.com\/fr\/wp-json\/wp\/v2\/media?parent=313973"}],"wp:term":[{"taxonomy":"category","embeddable":true,"href":"https:\/\/www.europesays.com\/fr\/wp-json\/wp\/v2\/categories?post=313973"},{"taxonomy":"post_tag","embeddable":true,"href":"https:\/\/www.europesays.com\/fr\/wp-json\/wp\/v2\/tags?post=313973"}],"curies":[{"name":"wp","href":"https:\/\/api.w.org\/{rel}","templated":true}]}}