{"id":313975,"date":"2025-08-12T13:15:14","date_gmt":"2025-08-12T13:15:14","guid":{"rendered":"https:\/\/www.europesays.com\/fr\/313975\/"},"modified":"2025-08-12T13:15:14","modified_gmt":"2025-08-12T13:15:14","slug":"en-alaska-trump-et-poutine-pourraient-recevoir-un-accueil-glacial","status":"publish","type":"post","link":"https:\/\/www.europesays.com\/fr\/313975\/","title":{"rendered":"En Alaska, Trump et Poutine pourraient recevoir un accueil glacial"},"content":{"rendered":"\n<p>Vladimir Poutine pourrait bien recevoir un accueil frisquet en Alaska. L\u2019\u00c9tat am\u00e9ricain, qui a longtemps cherch\u00e9 \u00e0 \u00e9toffer ses liens avec la Russie, voire \u00e0 les c\u00e9l\u00e9brer, ne voit plus en effet d\u2019un aussi bon \u0153il son voisin situ\u00e9 de l\u2019autre c\u00f4t\u00e9 de la mer de B\u00e9ring.<\/p>\n<p>Donald Trump a d\u00e9clar\u00e9 vendredi [8\u00a0ao\u00fbt] qu\u2019il rencontrerait Vladimir Poutine le 15\u00a0ao\u00fbt en Alaska en vue de conclure un accord mettant un terme \u00e0 la guerre en Ukraine. Trump avait laiss\u00e9 entendre pr\u00e9c\u00e9demment qu\u2019un accord de paix entre l\u2019Ukraine et la Russie pourrait pr\u00e9voir un \u201c\u00e9change de territoires\u201d, et donc que les \u00c9tats-Unis pourraient se joindre \u00e0 la Russie pour obliger l\u2019Ukraine \u00e0 c\u00e9der d\u00e9finitivement une partie de son territoire.<\/p>\n<p>David Ramseur, qui fut l\u2019assistant de deux anciens gouverneurs d\u2019Alaska, Tony Knowles et Steve Cowper, juge le contexte de cette rencontre pour le moins \u00e9pineux, compte tenu de l\u2019effilochage des \u201caffinit\u00e9s\u201d historiques entre Russes et Alaskiens depuis l\u2019invasion russe de l\u2019Ukraine.<\/p>\n<p>\u201cLes promoteurs de l\u2019Alaska font pression, depuis la cr\u00e9ation de l\u2019\u00c9tat, pour qu\u2019il devienne un carrefour international, explique David Ramseur, auteur de Melting the Ice Curtain\u00a0: The Extraordinary Story of Citizen Diplomacy on the Russia-Alaska Frontier [\u201cFaire fondre le rideau de glace\u00a0: l\u2019histoire extr<\/p>\n<p>                                     <strong class=\"paywall-title\">Cet article est r\u00e9serv\u00e9 aux\u00a0abonn\u00e9s.<\/strong>   <\/p>\n<p class=\"paywall-text\">Profitez de\u00a0l\u2019offre sp\u00e9ciale num\u00e9rique pour acc\u00e9der \u00e0\u00a0l\u2019int\u00e9gralit\u00e9 de\u00a0nos contenus en\u00a0illimit\u00e9.<\/p>\n<p>Source de l\u2019article<\/p>\n<p>   <img decoding=\"async\" class=\"source-logo\" src=\"https:\/\/www.europesays.com\/fr\/wp-content\/uploads\/2025\/08\/c878735_1643653451901-the-new-york-times.jpg\"  alt=\"Logo\" loading=\"lazy\" width=\"32\" height=\"32\"\/>  The New York Times  (New York)       <\/p>\n<p>Avec 1\u00a0700 journalistes, une trentaine de bureaux \u00e0 l\u2019\u00e9tranger, plus de 130 prix Pulitzer et\u00a0plus de 11\u00a0millions d\u2019abonn\u00e9s au total \u00e0 la fin de l\u2019ann\u00e9e 2024, The New York Times est le quotidien de r\u00e9f\u00e9rence aux \u00c9tats-Unis, dans lequel on peut lire \u201call the news that\u2019s fit to print\u201d (\u201ctoute l\u2019information digne d\u2019\u00eatre publi\u00e9e\u201d).<\/p>\n<p>Dans son \u00e9dition dominicale, on trouve notamment The New York Times Book Review, un suppl\u00e9ment livres qui fait autorit\u00e9, et l\u2019in\u00e9gal\u00e9 New York Times Magazine. La famille Ochs-Sulzberger, qui, en 1896, a pris la direction de ce journal cr\u00e9\u00e9 en 1851, est toujours \u00e0 la t\u00eate du quotidien de centre gauche.<\/p>\n<p>Quant \u00e0 l\u2019\u00e9dition web, qui revendique \u00e0 elle seule plus de 10\u00a0millions d\u2019abonn\u00e9s \u00e0 la fin de 2024, elle propose tout ce que l\u2019on peut attendre d\u2019un service en ligne, avec en plus des dizaines de rubriques sp\u00e9cifiques. Les archives regroupent des articles parus depuis 1851, consultables en ligne \u00e0 partir de 1981.<\/p>\n<p>      <a href=\"https:\/\/www.courrierinternational.com\/notule-source\/the-new-york-times\" class=\"source-link\" target=\"_blank\" rel=\"noopener\">Lire la suite<\/a>                 <\/p>\n<p>Nos services<\/p>\n","protected":false},"excerpt":{"rendered":"Vladimir Poutine pourrait bien recevoir un accueil frisquet en Alaska. L\u2019\u00c9tat am\u00e9ricain, qui a longtemps cherch\u00e9 \u00e0 \u00e9toffer&hellip;\n","protected":false},"author":2,"featured_media":313976,"comment_status":"","ping_status":"","sticky":false,"template":"","format":"standard","meta":{"footnotes":""},"categories":[1591],"tags":[11,3822,75,674,1887,1892,131,12,1885,1886,132,770,220,135],"class_list":{"0":"post-313975","1":"post","2":"type-post","3":"status-publish","4":"format-standard","5":"has-post-thumbnail","7":"category-russie","8":"tag-actualites","9":"tag-amu00e9riques","10":"tag-donald-trump","11":"tag-europe","12":"tag-federation-de-russie","13":"tag-gu00e9opolitique","14":"tag-guerre-en-ukraine","15":"tag-news","16":"tag-russia","17":"tag-russian-federation","18":"tag-russie","19":"tag-u00e9tats-unis","20":"tag-ukraine","21":"tag-vladimir-poutine"},"share_on_mastodon":{"url":"https:\/\/pubeurope.com\/@fr\/115015983166936858","error":""},"_links":{"self":[{"href":"https:\/\/www.europesays.com\/fr\/wp-json\/wp\/v2\/posts\/313975","targetHints":{"allow":["GET"]}}],"collection":[{"href":"https:\/\/www.europesays.com\/fr\/wp-json\/wp\/v2\/posts"}],"about":[{"href":"https:\/\/www.europesays.com\/fr\/wp-json\/wp\/v2\/types\/post"}],"author":[{"embeddable":true,"href":"https:\/\/www.europesays.com\/fr\/wp-json\/wp\/v2\/users\/2"}],"replies":[{"embeddable":true,"href":"https:\/\/www.europesays.com\/fr\/wp-json\/wp\/v2\/comments?post=313975"}],"version-history":[{"count":0,"href":"https:\/\/www.europesays.com\/fr\/wp-json\/wp\/v2\/posts\/313975\/revisions"}],"wp:featuredmedia":[{"embeddable":true,"href":"https:\/\/www.europesays.com\/fr\/wp-json\/wp\/v2\/media\/313976"}],"wp:attachment":[{"href":"https:\/\/www.europesays.com\/fr\/wp-json\/wp\/v2\/media?parent=313975"}],"wp:term":[{"taxonomy":"category","embeddable":true,"href":"https:\/\/www.europesays.com\/fr\/wp-json\/wp\/v2\/categories?post=313975"},{"taxonomy":"post_tag","embeddable":true,"href":"https:\/\/www.europesays.com\/fr\/wp-json\/wp\/v2\/tags?post=313975"}],"curies":[{"name":"wp","href":"https:\/\/api.w.org\/{rel}","templated":true}]}}