{"id":313994,"date":"2025-08-12T13:27:11","date_gmt":"2025-08-12T13:27:11","guid":{"rendered":"https:\/\/www.europesays.com\/fr\/313994\/"},"modified":"2025-08-12T13:27:11","modified_gmt":"2025-08-12T13:27:11","slug":"un-debut-dincendie-entraine-levacuation-du-campus-du-rct","status":"publish","type":"post","link":"https:\/\/www.europesays.com\/fr\/313994\/","title":{"rendered":"un d\u00e9but d\u2019incendie entra\u00eene l\u2019\u00e9vacuation du Campus du RCT"},"content":{"rendered":"<p><strong>LE SCAN SPORT &#8211; <\/strong>Var-Matin a r\u00e9v\u00e9l\u00e9 que des fum\u00e9es \u00e0 la brasserie ont n\u00e9cessit\u00e9 l\u2019intervention des sapeurs-pompiers, ce mardi matin \u00e0 l\u2019issue de l\u2019entra\u00eenement public des joueurs toulonnais.<\/p>\n<p class=\"fig-paragraph\">L\u2019entra\u00eenement ouvert au public des joueurs toulonnais venait de se terminer, ce mardi, quand, vers 11h30, des fum\u00e9es sont apparues au niveau de la brasserie Le Muguet,\u00a0<a href=\"https:\/\/www.varmatin.com\/sport\/une-partie-du-campus-rct-evacuee-ce-mardi-les-sapeurs-pompiers-sur-place-997777\" target=\"_blank\" rel=\"sponsored noopener\" data-gtm-custom-categorie=\"navigation\" data-gtm-custom-action=\"crossclick\" data-gtm-custom-label=\"Contextuel\" data-gtm-event=\"customEventSPE\">selon les informations de Var-Matin.<\/a><\/p>\n<p class=\"fig-paragraph\">Il y avait alors encore une centaine de supporters pr\u00e9sents sur<a href=\"https:\/\/www.lefigaro.fr\/sports\/rugby\/top-14\/fil-info\/video-le-rct-s-est-installe-dans-son-nouveau-et-magnifique-centre-d-entrainement-1019317\" data-fig-type=\"NewsFlash\" data-gtm-custom-categorie=\"navigation\" data-gtm-custom-action=\"crossclick\" data-gtm-custom-label=\"Contextuel\" data-gtm-event=\"customEventSPE\" data-fig-domain=\"LEFIGARO\" target=\"_blank\" rel=\"noopener\">\u00a0le Campus RCT\u00a0<\/a>\u2013 le centre d\u2019entra\u00eenement des joueurs varois \u2013 pour une s\u00e9ance d\u2019autographes \u00e0 l\u2019issue de la s\u00e9ance, effectu\u00e9e, elle, en pr\u00e9sence d\u2019environ 500 fans.<\/p>\n<p>                                    <a class=\"fig-a11y-skip a11y-hidden\" href=\"#fig-a11y-skip-main-inarticle\"><br \/>\n        Passer la publicit\u00e9<br \/>\n    <\/a><\/p>\n<p>Les supporters \u00e9vacu\u00e9s<\/p>\n<p class=\"fig-paragraph\">Alors que le demi de m\u00eal\u00e9e Baptiste Serin \u00e9tait le dernier \u00e0 signer sur la pelouse, cette centaine de supporters a d\u00fb \u00eatre \u00e9vacu\u00e9e, tout comme le personnel de la brasserie, la police s\u00e9curisant le p\u00e9rim\u00e8tre.<\/p>\n<p class=\"fig-paragraph\">Selon les premiers \u00e9l\u00e9ments, ces fum\u00e9es, qui ont n\u00e9cessit\u00e9 l\u2019intervention des sapeurs-pompiers, proviendraient d\u2019un d\u00e9but d\u2019incendie du transformateur \u00e9lectrique du restaurant.<\/p>\n","protected":false},"excerpt":{"rendered":"LE SCAN SPORT &#8211; Var-Matin a r\u00e9v\u00e9l\u00e9 que des fum\u00e9es \u00e0 la brasserie ont n\u00e9cessit\u00e9 l\u2019intervention des sapeurs-pompiers,&hellip;\n","protected":false},"author":2,"featured_media":313995,"comment_status":"","ping_status":"","sticky":false,"template":"","format":"standard","meta":{"footnotes":""},"categories":[1416],"tags":[1011,27,4977,3461,479,10405,1468,60],"class_list":{"0":"post-313994","1":"post","2":"type-post","3":"status-publish","4":"format-standard","5":"has-post-thumbnail","7":"category-rugby","8":"tag-fr","9":"tag-france","10":"tag-le-scan-sport","11":"tag-rct","12":"tag-rugby","13":"tag-rugby-club-toulonnais","14":"tag-rugby-football","15":"tag-sports"},"share_on_mastodon":{"url":"https:\/\/pubeurope.com\/@fr\/115016030233120717","error":""},"_links":{"self":[{"href":"https:\/\/www.europesays.com\/fr\/wp-json\/wp\/v2\/posts\/313994","targetHints":{"allow":["GET"]}}],"collection":[{"href":"https:\/\/www.europesays.com\/fr\/wp-json\/wp\/v2\/posts"}],"about":[{"href":"https:\/\/www.europesays.com\/fr\/wp-json\/wp\/v2\/types\/post"}],"author":[{"embeddable":true,"href":"https:\/\/www.europesays.com\/fr\/wp-json\/wp\/v2\/users\/2"}],"replies":[{"embeddable":true,"href":"https:\/\/www.europesays.com\/fr\/wp-json\/wp\/v2\/comments?post=313994"}],"version-history":[{"count":0,"href":"https:\/\/www.europesays.com\/fr\/wp-json\/wp\/v2\/posts\/313994\/revisions"}],"wp:featuredmedia":[{"embeddable":true,"href":"https:\/\/www.europesays.com\/fr\/wp-json\/wp\/v2\/media\/313995"}],"wp:attachment":[{"href":"https:\/\/www.europesays.com\/fr\/wp-json\/wp\/v2\/media?parent=313994"}],"wp:term":[{"taxonomy":"category","embeddable":true,"href":"https:\/\/www.europesays.com\/fr\/wp-json\/wp\/v2\/categories?post=313994"},{"taxonomy":"post_tag","embeddable":true,"href":"https:\/\/www.europesays.com\/fr\/wp-json\/wp\/v2\/tags?post=313994"}],"curies":[{"name":"wp","href":"https:\/\/api.w.org\/{rel}","templated":true}]}}