{"id":314000,"date":"2025-08-12T13:31:12","date_gmt":"2025-08-12T13:31:12","guid":{"rendered":"https:\/\/www.europesays.com\/fr\/314000\/"},"modified":"2025-08-12T13:31:12","modified_gmt":"2025-08-12T13:31:12","slug":"alors-que-revoila-lidee-des-grilles-inversees-en-f1","status":"publish","type":"post","link":"https:\/\/www.europesays.com\/fr\/314000\/","title":{"rendered":"Alors que revoil\u00e0 l&rsquo;id\u00e9e des grilles invers\u00e9es en F1"},"content":{"rendered":"<p>\u00c0 ceux qui pensent que la question n&rsquo;est pas de savoir si la Formule\u00a01 introduira un jour des grilles invers\u00e9es, mais quand, Stefano Domenicali vient de donner du grain \u00e0 moudre. Dans <a href=\"https:\/\/www.the-race.com\/formula-1\/domenicali-moots-reverse-grids-in-f1-sprint-race-expansion-plan\/\" target=\"_blank\" rel=\"noopener nofollow\">un entretien accord\u00e9 \u00e0 The Race<\/a>, le PDG du championnat a avanc\u00e9 ses pions sur le sujet. Quatre ans apr\u00e8s avoir mis le pied dans la porte avec l&rsquo;arriv\u00e9e des sprints sur certains Grands Prix, Liberty Media continue de r\u00e9fl\u00e9chir \u00e0 de nouveaux formats.\u00a0\u00a0<\/p>\n<p>\u00ab\u00a0Je pense qu&rsquo;il y a des possibilit\u00e9s pour \u00e9largir deux choses, ce dont nous devons discuter, \u00e0 la fois avec les pilotes et les \u00e9curies, et bien s\u00fbr avec la FIA\u00a0\u00bb, propose Stefano Domenicali. \u00ab\u00a0D&rsquo;abord, pouvons-nous appliquer [les sprints] \u00e0 plus de courses\u00a0? Et est-ce la bonne formule pour avoir la possibilit\u00e9 d&rsquo;introduire une grille invers\u00e9e, comme nous le faisons en F2 et en F3\u00a0?\u00a0\u00bb<\/p>\n<p>\u00ab\u00a0Ce sont des points de discussion. Je pense que nous arrivons \u00e0 un stade de maturit\u00e9 qui permettra de s&rsquo;assurer que ce point sera trait\u00e9 s\u00e9rieusement avec les \u00e9quipes.\u00a0Les signaux pour progresser dans cette direction se renforcent clairement, et je suis donc pr\u00eat \u00e0 pr\u00e9senter et \u00e0 discuter non seulement de davantage de sprints\u2026 mais aussi de nouveaux formats, de nouvelles id\u00e9es.\u00a0\u00bb<\/p>\n<p>\u00ab\u00a0Nous y sommes ouverts, car je pense que c&rsquo;est la bonne chose \u00e0 faire\u00a0: \u00e9couter nos fans, essayer de cr\u00e9er quelque chose, et ne pas avoir peur de faire des erreurs. Celui qui croit qu&rsquo;il ne faut pas faire d&rsquo;erreurs ne fait jamais rien de nouveau.\u00a0\u00bb<\/p>\n<p>Depuis leur apparition en 2021, la proportion des week-ends sprint a doubl\u00e9 puisqu&rsquo;ils ont d&rsquo;abord \u00e9t\u00e9 au nombre de trois, avant de passer \u00e0 six. Ce chiffre devrait rester identique en 2026 mais pourrait donc \u00e9voluer \u00e0 la hausse par la suite, sans toutefois aller jusqu&rsquo;\u00e0 int\u00e9grer la totalit\u00e9 des Grands Prix comme c&rsquo;est par exemple le cas en MotoGP.<\/p>\n<p>\u00ab\u00a0Je pense que le sprint, quel que soit le bon format, est n\u00e9cessaire\u00a0\u00bb, plaide Stefano Domenicali.\u00a0\u00ab\u00a0\u00c7a repr\u00e9sentera l&rsquo;avenir. Je ne dis pas non [\u00e0 100% de week-ends sprint], mais je pense qu&rsquo;entre six et 24, on doit viser un entre-deux.\u00a0\u00bb<\/p>\n<p>\u00a0            <\/p>\n<p>Dans cet article<\/p>\n<p>Soyez le premier inform\u00e9 et souscrivez aux alertes mails pour recevoir les infos en temps r\u00e9el<\/p>\n<p>    S&rsquo;abonner aux alertes de news<\/p>\n","protected":false},"excerpt":{"rendered":"\u00c0 ceux qui pensent que la question n&rsquo;est pas de savoir si la Formule\u00a01 introduira un jour des&hellip;\n","protected":false},"author":2,"featured_media":314001,"comment_status":"","ping_status":"","sticky":false,"template":"","format":"standard","meta":{"footnotes":""},"categories":[1412],"tags":[45347,1451,1452,1453,1454,1455,1011,27,60],"class_list":{"0":"post-314000","1":"post","2":"type-post","3":"status-publish","4":"format-standard","5":"has-post-thumbnail","7":"category-f1","8":"tag-alors-que-revoilu00e0-lidu00e9e-des-grilles-inversu00e9es-en-f1","9":"tag-f1","10":"tag-formula-1","11":"tag-formula1","12":"tag-formule-1","13":"tag-formule1","14":"tag-fr","15":"tag-france","16":"tag-sports"},"share_on_mastodon":{"url":"https:\/\/pubeurope.com\/@fr\/115016045891876339","error":""},"_links":{"self":[{"href":"https:\/\/www.europesays.com\/fr\/wp-json\/wp\/v2\/posts\/314000","targetHints":{"allow":["GET"]}}],"collection":[{"href":"https:\/\/www.europesays.com\/fr\/wp-json\/wp\/v2\/posts"}],"about":[{"href":"https:\/\/www.europesays.com\/fr\/wp-json\/wp\/v2\/types\/post"}],"author":[{"embeddable":true,"href":"https:\/\/www.europesays.com\/fr\/wp-json\/wp\/v2\/users\/2"}],"replies":[{"embeddable":true,"href":"https:\/\/www.europesays.com\/fr\/wp-json\/wp\/v2\/comments?post=314000"}],"version-history":[{"count":0,"href":"https:\/\/www.europesays.com\/fr\/wp-json\/wp\/v2\/posts\/314000\/revisions"}],"wp:featuredmedia":[{"embeddable":true,"href":"https:\/\/www.europesays.com\/fr\/wp-json\/wp\/v2\/media\/314001"}],"wp:attachment":[{"href":"https:\/\/www.europesays.com\/fr\/wp-json\/wp\/v2\/media?parent=314000"}],"wp:term":[{"taxonomy":"category","embeddable":true,"href":"https:\/\/www.europesays.com\/fr\/wp-json\/wp\/v2\/categories?post=314000"},{"taxonomy":"post_tag","embeddable":true,"href":"https:\/\/www.europesays.com\/fr\/wp-json\/wp\/v2\/tags?post=314000"}],"curies":[{"name":"wp","href":"https:\/\/api.w.org\/{rel}","templated":true}]}}