{"id":314002,"date":"2025-08-12T13:32:16","date_gmt":"2025-08-12T13:32:16","guid":{"rendered":"https:\/\/www.europesays.com\/fr\/314002\/"},"modified":"2025-08-12T13:32:16","modified_gmt":"2025-08-12T13:32:16","slug":"la-selection-guadeloupeenne-prete-a-relever-le-defi-cinq-jours-apres-le-tour-de-guadeloupe","status":"publish","type":"post","link":"https:\/\/www.europesays.com\/fr\/314002\/","title":{"rendered":"la s\u00e9lection guadeloup\u00e9enne pr\u00eate \u00e0 relever le d\u00e9fi cinq jours apr\u00e8s le Tour de Guadeloupe"},"content":{"rendered":"<p>\u00c0 peine 48 heures apr\u00e8s la fin du Tour de Guadeloupe, six coureurs de l\u2019archipel s\u2019appr\u00eatent \u00e0 reprendre la route pour la 34\u1d49 \u00e9dition du Tour de Guyane, du 16 au 24 ao\u00fbt. Encadr\u00e9s par le s\u00e9lectionneur Franck Duro, ils viseront la victoire au fil des neuf \u00e9tapes de l\u2019\u00e9preuve.<\/p>\n<p>Le Tour de Guadeloupe s\u2019est achev\u00e9 hier, mais pour certains coureurs, le r\u00e9pit sera de courte dur\u00e9e. D\u00e8s la fin de semaine, six repr\u00e9sentants de l\u2019archipel remettront un dossard, direction la Guyane, pour participer \u00e0 la 34\u1d49 \u00e9dition du Tour cycliste local. La s\u00e9lection, compos\u00e9e de <strong>Kendrick Clavier, Benjamin Le Ny, Yannis Agricole, Larry Lutin, Ronald G\u00e9ran et Philgy Palmiste<\/strong>, sera plac\u00e9e sous la direction de <strong>Franck Duro<\/strong>.<\/p>\n<p>Pour Fr\u00e9d\u00e9ric Th\u00e9obald, pr\u00e9sident du comit\u00e9 r\u00e9gional de cyclisme de Guadeloupe, ce groupe a tout pour briller malgr\u00e9 le calendrier serr\u00e9.<\/p>\n<blockquote class=\"ftvi_content_quote\">\n<p class=\"ftvi_citation_quote\">Ce n&rsquo;\u00e9tait pas simple de faire une s\u00e9lection, mais on part avec une \u00e9quipe comp\u00e9titive. Ces coureurs sont parfois critiqu\u00e9s, et comme je leur ai dit, c\u2019est l\u2019occasion de prouver qu\u2019ils ont de la valeur et du courage pour repr\u00e9senter la Guadeloupe. <\/p>\n<p>Fr\u00e9d\u00e9ric Th\u00e9obald, pr\u00e9sident du Comit\u00e9 r\u00e9gional cycliste de Guadeloupe<\/p><\/blockquote>\n<p><a target=\"_blank\" rel=\"noopener noreferrer nofollow\" href=\"https:\/\/la1ere.franceinfo.fr\/guyane\/entretien-budget-equipes-nouveautes-jean-yves-thiver-fait-le-point-sur-le-tour-cycliste-de-guyane-2025-1612734.html\">Le Tour de Guyane 2025<\/a> se d\u00e9roulera sur <strong>neuf \u00e9tapes, dont trois d\u00e9passeront les 150 kilom\u00e8tres.<\/strong> Particularit\u00e9 de cette 34\u1d49 \u00e9dition : aucune incursion n\u2019est pr\u00e9vue dans l\u2019est de la Guyane. Les coureurs devront affronter un trac\u00e9 condens\u00e9, mais toujours exigeant, o\u00f9 chaleur et relief feront partie des principaux adversaires. La caravane de la grande boucle guyanaise d\u00e9marre dans la commune de Cayenne et s&rsquo;arr\u00eatera au fil des \u00e9tapes \u00e0 Matoury, R\u00e9mire-Montjoly, Sinnamary, Saint-Laurent, Mana, Apatou, Awala-Yalimapo, Iracoubo, Kourou et Macouria. Les coureurs auront alors parcouru 1296 kms. Cette ann\u00e9e, il y a une nouveaut\u00e9. Il y a <strong>une seule course contre-la-montre individuelle<\/strong>, ce sera \u00e0 Awala-Yalimapo, le jeudi 21 ao\u00fbt. Ce sera le tron\u00e7on deux de l&rsquo;\u00e9tape 6.<\/p>\n<p>Il y aura tout de m\u00eame <strong>une autre \u00e9tape en deux tron\u00e7ons, <\/strong>le dimanche 17 ao\u00fbt. Seulement, il s&rsquo;agira de deux courses en ligne.<\/p>\n<p>Neuf \u00e9quipes ont \u00e9t\u00e9 invit\u00e9es, dont cinq formations internationales. La comp\u00e9tition promet d\u2019\u00eatre relev\u00e9e et tactique. Pour la Guadeloupe, l\u2019objectif est clair : d\u00e9crocher le maillot jaune et inscrire \u00e0 nouveau l\u2019archipel au palmar\u00e8s de l\u2019\u00e9preuve. En 2015 c&rsquo;est Boris Car\u00e8ne qui avait remport\u00e9 le tour et en 2016, C\u00e9dric Locatin. Le dernier Guadeloup\u00e9en \u00e0 avoir remport\u00e9 le Tour de Guyane est <a target=\"_blank\" rel=\"noopener noreferrer nofollow\" href=\"https:\/\/la1ere.franceinfo.fr\/guyane\/le-tour-de-guyane-2023-remporte-par-meving-gene-de-la-guadeloupe-1423973.html\">Meving G\u00e8ne en 2023.<\/a><\/p>\n","protected":false},"excerpt":{"rendered":"\u00c0 peine 48 heures apr\u00e8s la fin du Tour de Guadeloupe, six coureurs de l\u2019archipel s\u2019appr\u00eatent \u00e0 reprendre&hellip;\n","protected":false},"author":2,"featured_media":314003,"comment_status":"","ping_status":"","sticky":false,"template":"","format":"standard","meta":{"footnotes":""},"categories":[1411],"tags":[1154,207,1011,27,60],"class_list":{"0":"post-314002","1":"post","2":"type-post","3":"status-publish","4":"format-standard","5":"has-post-thumbnail","7":"category-cyclisme","8":"tag-cycling","9":"tag-cyclisme","10":"tag-fr","11":"tag-france","12":"tag-sports"},"share_on_mastodon":{"url":"https:\/\/pubeurope.com\/@fr\/115016049880056724","error":""},"_links":{"self":[{"href":"https:\/\/www.europesays.com\/fr\/wp-json\/wp\/v2\/posts\/314002","targetHints":{"allow":["GET"]}}],"collection":[{"href":"https:\/\/www.europesays.com\/fr\/wp-json\/wp\/v2\/posts"}],"about":[{"href":"https:\/\/www.europesays.com\/fr\/wp-json\/wp\/v2\/types\/post"}],"author":[{"embeddable":true,"href":"https:\/\/www.europesays.com\/fr\/wp-json\/wp\/v2\/users\/2"}],"replies":[{"embeddable":true,"href":"https:\/\/www.europesays.com\/fr\/wp-json\/wp\/v2\/comments?post=314002"}],"version-history":[{"count":0,"href":"https:\/\/www.europesays.com\/fr\/wp-json\/wp\/v2\/posts\/314002\/revisions"}],"wp:featuredmedia":[{"embeddable":true,"href":"https:\/\/www.europesays.com\/fr\/wp-json\/wp\/v2\/media\/314003"}],"wp:attachment":[{"href":"https:\/\/www.europesays.com\/fr\/wp-json\/wp\/v2\/media?parent=314002"}],"wp:term":[{"taxonomy":"category","embeddable":true,"href":"https:\/\/www.europesays.com\/fr\/wp-json\/wp\/v2\/categories?post=314002"},{"taxonomy":"post_tag","embeddable":true,"href":"https:\/\/www.europesays.com\/fr\/wp-json\/wp\/v2\/tags?post=314002"}],"curies":[{"name":"wp","href":"https:\/\/api.w.org\/{rel}","templated":true}]}}