{"id":314012,"date":"2025-08-12T13:37:19","date_gmt":"2025-08-12T13:37:19","guid":{"rendered":"https:\/\/www.europesays.com\/fr\/314012\/"},"modified":"2025-08-12T13:37:19","modified_gmt":"2025-08-12T13:37:19","slug":"voici-tout-ce-qui-change-sur-votre-petit-ecran-de-television","status":"publish","type":"post","link":"https:\/\/www.europesays.com\/fr\/314012\/","title":{"rendered":"voici tout ce qui change sur votre petit \u00e9cran de t\u00e9l\u00e9vision"},"content":{"rendered":"<p>C\u2019est bient\u00f4t la rentr\u00e9e des classes, mais aussi des \u00e9missions de t\u00e9l\u00e9vision. Entre nouveaux visages, horaires modifi\u00e9s et arriv\u00e9es tr\u00e8s m\u00e9diatis\u00e9es, la rentr\u00e9e t\u00e9l\u00e9visuelle 2025 va quelque peu bousculer les habitudes des t\u00e9l\u00e9spectateurs.<\/p>\n<p>Voici un tour d\u2019horizon des principaux changements annonc\u00e9s par les cha\u00eenes, \u00e0 partir du 1er\u00a0septembre.<\/p>\n<p>Des matinales qui jouent les prolongations<\/p>\n<p>La bataille entre \u00ab\u00a0T\u00e9l\u00e9matin\u00a0\u00bb sur France 2 et \u00ab\u00a0Bonjour\u00a0!\u00a0\u00bb sur TF1 continue. Les deux \u00e9missions seront rallong\u00e9es et diffuseront d\u00e9sormais jusqu\u2019\u00e0 9h50 sur France 2, et 10\u00a0heures sur TF1, rapporte <a href=\"https:\/\/www.leparisien.fr\/culture-loisirs\/tv\/telematin-et-bonjour-rallonges-arrivee-de-cyril-hanouna-et-prime-time-retarde-sur-w-9-ce-qui-change-a-la-tele-11-08-2025-BMVXWEBZU5C4XFKJKYZMSOPGEI.php\" rel=\"nofollow noopener\" target=\"_blank\" class=\"color-ultramarine c-link\">Le Parisien<\/a>.<\/p>\n<p>C\u00f4t\u00e9 France 2, Maya Lauqu\u00e9 et Damien Th\u00e9venot, jusque-l\u00e0 aux manettes le week-end, deviennent titulaires en semaine, succ\u00e9dant \u00e0 Flavie Flament et <a href=\"https:\/\/www.20minutes.fr\/arts-stars\/television\/4162548-20250708-ecarte-telematin-journaliste-julien-arnaud-quitte-france-2-rejoindre-bfmtv\" class=\"color-ultramarine c-link\" target=\"_blank\" rel=\"noopener\">Julien Arnaud<\/a>. Ils seront suivis par un nouveau rendez-vous quotidien, \u00ab\u00a0Bel &amp; Bien ensemble\u00a0\u00bb, anim\u00e9 par Agathe Lecaron, consacr\u00e9 au bien-\u00eatre, indique <a href=\"https:\/\/www.francetelevisions.fr\/et-vous\/notre-tele\/en-bref\/rentree-2025-les-nouveautes-45706\" rel=\"nofollow noopener\" target=\"_blank\" class=\"color-ultramarine c-link\">France T\u00e9l\u00e9visions<\/a> dans un communiqu\u00e9 de presse.<\/p>\n<p>Sur TF1, Bruce Toussaint conserve la pr\u00e9sentation et <a href=\"https:\/\/www.20minutes.fr\/arts-stars\/television\/4162838-20250709-tf1-rallonge-bonjour-matinale-animee-bruce-toussaint-integre-anicet-mbida-sandrine-arcizet\" class=\"color-ultramarine c-link\" target=\"_blank\" rel=\"noopener\">accueillera trois nouveaux chroniqueurs<\/a> \u00e0 la rentr\u00e9e\u00a0: Anicet Mbida pour la technologie, Nicolas Doze pour l\u2019\u00e9conomie et Sandrine Arcizet pour une rubrique gym. L\u2019\u00e9mission s\u2019ach\u00e8vera d\u00e9sormais \u00e0 10\u00a0heures.<\/p>\n<p>France 2\u00a0: un JT du 20h revisit\u00e9 et des magazines renforc\u00e9s<\/p>\n<p>Vous n\u2019avez pas pu manquer l\u2019info\u00a0: sur France 2, <a href=\"https:\/\/www.20minutes.fr\/arts-stars\/television\/4159328-20250619-lea-salame-reprend-20-heures-france-2-annonce-depart-france-inter\" class=\"color-ultramarine c-link\" target=\"_blank\" rel=\"noopener\">L\u00e9a Salam\u00e9<\/a> succ\u00e8de \u00e0 <a href=\"https:\/\/www.20minutes.fr\/arts-stars\/television\/4155662-20250527-anne-sophie-lapix-va-quitter-presentation-20-heures-france-2-mi-juillet-2025-annonce-france-televisions\" class=\"color-ultramarine c-link\" target=\"_blank\" rel=\"noopener\">Anne-Sophie Lapix<\/a> \u00e0 la pr\u00e9sentation du Journal de 20h en semaine, tandis que Laurent Delahousse conserve les \u00e9ditions du vendredi au dimanche explique France T\u00e9l\u00e9visions.<\/p>\n<p>Toujours sur la cha\u00eene publique, \u00ab\u00a0Compl\u00e9ment d\u2019enqu\u00eate, La guerre de l\u2019info\u00a0\u00bb reviendra avec davantage de num\u00e9ros in\u00e9dits, analysant les strat\u00e9gies d\u2019influence et la d\u00e9sinformation. Le jeudi soir restera consacr\u00e9 au triptyque \u00ab\u00a0Envoy\u00e9 Sp\u00e9cial\u00a0\u00bb, \u00ab\u00a0Nous, les Europ\u00e9ens\u00a0\u00bb et \u00ab\u00a0Compl\u00e9ment d\u2019enqu\u00eate\u00a0\u00bb.<\/p>\n<\/p>\n<p>Hanouna s\u2019installe sur W9 et d\u00e9cale les soir\u00e9es<\/p>\n<p>L\u2019un des transferts les plus comment\u00e9s de la rentr\u00e9e est celui de <a href=\"https:\/\/www.20minutes.fr\/arts-stars\/television\/cyril_hanouna\/\" class=\"color-ultramarine c-link\" target=\"_blank\" rel=\"noopener\">Cyril Hanouna<\/a>. Comme indiqu\u00e9 dans un article de <a href=\"https:\/\/www.20minutes.fr\/arts-stars\/television\/4167558-20250811-w9-arrivee-cyril-hanouna-chaine-va-faire-grand-changement\" class=\"color-ultramarine c-link\" target=\"_blank\" rel=\"noopener\">20 Minutes<\/a> plus d\u00e9taill\u00e9, il animera d\u00e8s le 1er\u00a0septembre \u00ab\u00a0Tout beau, tout neuf\u00a0\u00bb, un talk-show de trois heures diffus\u00e9 \u00e0 18h45. Pour lui faire de la place, W9 d\u00e9cale le lancement de ses prime time \u00e0 21h25 au lieu de 21h10. Ce changement entra\u00eene aussi l\u2019avancement de la t\u00e9l\u00e9r\u00e9alit\u00e9 Les Cinquante \u00e0 17h50.<\/p>\n<p>La rentr\u00e9e de l\u2019info sur M6<\/p>\n<p>Xavier de Moulins entamera sa 15e rentr\u00e9e au 19.45. Selon le communiqu\u00e9 de presse de <a href=\"https:\/\/www.20minutes.fr\/dossier\/m6\" class=\"color-ultramarine c-link\" target=\"_blank\" rel=\"noopener\">M6<\/a>, ce format proposera une immersion plus pouss\u00e9e gr\u00e2ce \u00e0 de nouveaux univers de plateau, du hall de gare \u00e0 la station-service.<\/p>\n<p>Le 12.45 de Nathalie Renoux accueillera chaque mercredi un reportage r\u00e9alis\u00e9 par un coll\u00e9gien, en partenariat avec Gulli. Enfin, <a href=\"https:\/\/www.20minutes.fr\/arts-stars\/television\/4160702-20250627-television-journaliste-ashley-chevalier-quitte-bfmtv-jt-week-end-m6\" class=\"color-ultramarine c-link\" target=\"_blank\" rel=\"noopener\">Ashley Chevalier<\/a> (ex-BFMTV) rejoint la cha\u00eene pour pr\u00e9senter les JT du week-end d\u00e8s le 29\u00a0ao\u00fbt.<\/p>\n<p>Lancement de NoVo 19\u00a0: une nouvelle venue sur la TNT<\/p>\n<p>Le 1er\u00a0septembre, c\u2019est aussi le lancement attendu de NoVo 19, nouvelle cha\u00eene du groupe Ouest-France sur le canal 19. D\u2019apr\u00e8s <a href=\"https:\/\/www.leparisien.fr\/culture-loisirs\/tv\/un-talk-show-un-jt-et-des-rediffusions-que-reserve-novo-19-la-chaine-lancee-le-1er-septembre-11-08-2025-KVU7SO47CRG5DIJXJRDCVJYJ7U.php\" rel=\"nofollow noopener\" target=\"_blank\" class=\"color-ultramarine c-link\">Le Parisien<\/a>, elle proposera un journal quotidien, suivi d\u2019un talk-show anim\u00e9 par <a href=\"https:\/\/www.20minutes.fr\/arts-stars\/television\/4153629-20250515-claire-arnoux-novo19-jamais-lache-ambition-avoir-emission-actu\" class=\"color-ultramarine c-link\" target=\"_blank\" rel=\"noopener\">Claire Arnoux<\/a>, \u00ab\u00a0On a du nouveau\u00a0!\u00a0\u00bb, \u00e0 18h25.<\/p>\n<p>Si la grille compte quelques programmes originaux, elle repose largement sur des rediffusions d\u2019\u00e9missions d\u00e9j\u00e0 vues sur d\u2019autres cha\u00eenes, comme \u00ab\u00a0V\u00e9t\u00e9rinaires\u00a0: leur vie en direct\u00a0\u00bb ou \u00ab\u00a0Flics\u00a0: leur vie en direct\u00a0\u00bb.<\/p>\n<p>Autres ajustements sur la TNT<\/p>\n<p>Sur France 3, \u00ab\u00a0<a href=\"https:\/\/www.20minutes.fr\/arts-stars\/television\/4162565-20250708-20-heures-questions-champion-telematin-france-televisions-repond-questions-fachent\" class=\"color-ultramarine c-link\" target=\"_blank\" rel=\"noopener\">Questions pour un champion<\/a>\u00a0\u00bb dispara\u00eet en semaine, entra\u00eenant le d\u00e9calage de \u00ab\u00a0Duels en famille\u00a0\u00bb \u00e0 17h20 et de \u00ab\u00a0Slam\u00a0\u00bb \u00e0 18\u00a0heures, selon Le Parisien.<\/p>\n<p><a href=\"https:\/\/www.20minutes.fr\/arts-stars\/television\/nt1\/\" class=\"color-ultramarine c-link\" target=\"_blank\" rel=\"noopener\">TFX<\/a> avance \u00ab\u00a0La villa des c\u0153urs bris\u00e9s\u00a0\u00bb \u00e0 20h, tandis que \u00ab\u00a0Plus belle la vie, encore plus belle\u00a0\u00bb migre vers <a href=\"https:\/\/www.20minutes.fr\/television\/2198907-20180109-chaines-hd1-nt1-deviennent-tf1-series-films-tfx-fin-janvier\" class=\"color-ultramarine c-link\" target=\"_blank\" rel=\"noopener\">TF1 S\u00e9ries Films<\/a>. Enfin, <a href=\"https:\/\/www.20minutes.fr\/arts-stars\/television\/4157276-20250606-direct-nouvelle-numerotation-tnt-hop-nouvelle-chaine-t18-debarque-19h45\" class=\"color-ultramarine c-link\" target=\"_blank\" rel=\"noopener\">T18<\/a> accueillera Chlo\u00e9 Nab\u00e9dian dans \u00ab\u00a0Un jour ailleurs\u00a0\u00bb, quotidien consacr\u00e9 aux d\u00e9couvertes et \u00e0 l\u2019environnement, diffus\u00e9 \u00e0 17h40.<\/p>\n<p>Cette rentr\u00e9e, marqu\u00e9e par la concurrence frontale entre cha\u00eenes et la volont\u00e9 de retenir les t\u00e9l\u00e9spectateurs plus longtemps, annonce une grille dense\u2026 et parfois strat\u00e9gique jusque dans les horaires.<\/p>\n","protected":false},"excerpt":{"rendered":"C\u2019est bient\u00f4t la rentr\u00e9e des classes, mais aussi des \u00e9missions de t\u00e9l\u00e9vision. Entre nouveaux visages, horaires modifi\u00e9s et&hellip;\n","protected":false},"author":2,"featured_media":314013,"comment_status":"","ping_status":"","sticky":false,"template":"","format":"standard","meta":{"footnotes":""},"categories":[1356],"tags":[21313,6779,1083,58,59,1011,27,876,2400,594,4662,5097,3806,494,500,28313,252,199,1364,2395,4064],"class_list":{"0":"post-314012","1":"post","2":"type-post","3":"status-publish","4":"format-standard","5":"has-post-thumbnail","7":"category-television","8":"tag-anne-sophie-lapix","9":"tag-bruce-toussaint","10":"tag-cyril-hanouna","11":"tag-divertissement","12":"tag-entertainment","13":"tag-fr","14":"tag-france","15":"tag-france-3","16":"tag-france-televisions","17":"tag-france-2","18":"tag-journal","19":"tag-laurent-delahousse","20":"tag-lea-salame","21":"tag-m6","22":"tag-medias","23":"tag-rentree","24":"tag-television","25":"tag-tf1","26":"tag-tv","27":"tag-w9","28":"tag-week-end"},"share_on_mastodon":{"url":"https:\/\/pubeurope.com\/@fr\/115016069640138047","error":""},"_links":{"self":[{"href":"https:\/\/www.europesays.com\/fr\/wp-json\/wp\/v2\/posts\/314012","targetHints":{"allow":["GET"]}}],"collection":[{"href":"https:\/\/www.europesays.com\/fr\/wp-json\/wp\/v2\/posts"}],"about":[{"href":"https:\/\/www.europesays.com\/fr\/wp-json\/wp\/v2\/types\/post"}],"author":[{"embeddable":true,"href":"https:\/\/www.europesays.com\/fr\/wp-json\/wp\/v2\/users\/2"}],"replies":[{"embeddable":true,"href":"https:\/\/www.europesays.com\/fr\/wp-json\/wp\/v2\/comments?post=314012"}],"version-history":[{"count":0,"href":"https:\/\/www.europesays.com\/fr\/wp-json\/wp\/v2\/posts\/314012\/revisions"}],"wp:featuredmedia":[{"embeddable":true,"href":"https:\/\/www.europesays.com\/fr\/wp-json\/wp\/v2\/media\/314013"}],"wp:attachment":[{"href":"https:\/\/www.europesays.com\/fr\/wp-json\/wp\/v2\/media?parent=314012"}],"wp:term":[{"taxonomy":"category","embeddable":true,"href":"https:\/\/www.europesays.com\/fr\/wp-json\/wp\/v2\/categories?post=314012"},{"taxonomy":"post_tag","embeddable":true,"href":"https:\/\/www.europesays.com\/fr\/wp-json\/wp\/v2\/tags?post=314012"}],"curies":[{"name":"wp","href":"https:\/\/api.w.org\/{rel}","templated":true}]}}