{"id":314018,"date":"2025-08-12T13:40:12","date_gmt":"2025-08-12T13:40:12","guid":{"rendered":"https:\/\/www.europesays.com\/fr\/314018\/"},"modified":"2025-08-12T13:40:12","modified_gmt":"2025-08-12T13:40:12","slug":"alzheimer-et-si-le-lithium-etait-la-cle-pour-prevenir-les-troubles-cognitifs-ou-ralentir-levolution-de-la-maladie","status":"publish","type":"post","link":"https:\/\/www.europesays.com\/fr\/314018\/","title":{"rendered":"Alzheimer\u00a0: et si le lithium \u00e9tait la cl\u00e9 pour pr\u00e9venir les troubles cognitifs, ou ralentir l\u2019\u00e9volution de la maladie\u00a0?"},"content":{"rendered":"<p>\n                                                                Une \u00e9tude publi\u00e9e dans la revue scientifique Nature montre que les personnes atteintes d\u2019un alzheimer d\u00e9butant souffrent d\u2019un d\u00e9faut de lithium. Une th\u00e9rapie utilisant le compos\u00e9 chimique a am\u00e9lior\u00e9 l\u2019\u00e9tat de sant\u00e9 de souris malades.\n                            <\/p>\n<p>Troubles bipolaires, schizophr\u00e9nie, le lithium, d\u00e9j\u00e0 utilis\u00e9 dans le traitement de maladies psychiatriques, va-t-il r\u00e9volutionner la prise en charge de la maladie d\u2019alzheimer\u00a0? Une publication de la revue <a href=\"https:\/\/www.nature.com\/articles\/s41586-025-09335-x#Ack1\" target=\"_self\" rel=\"nofollow noopener\">Nature<\/a>\u00a0ouvre des pistes prometteuses, pour la prise en charge des troubles de m\u00e9moire et de comportements qui affectent 1\u00a0million de Fran\u00e7ais touch\u00e9s par la maladie.<\/p>\n<p>Que dit l\u2019\u00e9tude\u00a0? En deux mots, des chercheurs des universit\u00e9s am\u00e9ricaines de Harvard et de Rush montrent\u00a0qu\u2019une carence en lithium entra\u00eene des sympt\u00f4mes identiques \u00e0 alzheimer, et qu\u2019un apport en lithium prot\u00e8ge le cerveau de la neurod\u00e9g\u00e9n\u00e9rescence observ\u00e9e dans la maladie.<\/p>\n<p>Comment est-on arriv\u00e9 \u00e0 ces conclusions\u00a0? Tout d\u2019abord, en comparant les concentrations de 27 m\u00e9taux pr\u00e9sents dans le cerveau, tant des personnes en bonne sant\u00e9 que de personnes atteintes de troubles cognitifs l\u00e9gers, souvent annonciateurs d\u2019une maladie d\u2019alzheimer.<\/p>\n<p>Les chercheurs ont observ\u00e9 une baisse significative de la quantit\u00e9 de lithium pr\u00e9sent, \u00e0 l\u2019\u00e9tat naturel dans le cerveau des personnes malades\u00a0: \u00ab\u00a0Parmi les m\u00e9taux que nous avons analys\u00e9s, le lithium \u00e9tait le seul dont la concentration \u00e9tait significativement r\u00e9duite dans le cerveau des individus atteints de trouble cognitif l\u00e9ger, un \u00e9tat pr\u00e9curseur de la maladie d\u2019alzheimer\u00a0\u00bb.<\/p>\n<p>Exp\u00e9rimentation chez la souris<\/p>\n<p>Ils montrent aussi que chez les malades, le lithium est \u00ab\u00a0s\u00e9questr\u00e9\u00a0\u00bb par les plaques amylo\u00efdes, ces d\u00e9p\u00f4ts compos\u00e9s de peptides b\u00eata-amylo\u00efdes, \u00e0 l\u2019ext\u00e9rieur des neurones c\u00e9r\u00e9braux, qui constituent un des deux marqueurs les plus embl\u00e9matiques\u00a0de la maladie, avec l\u2019accumulation de prot\u00e9ines Tau dans les neurones.<\/p>\n<p>Une exp\u00e9rimentation animale, chez des souris avec une alimentation carenc\u00e9e en lithium, a montr\u00e9 que les rongeurs carenc\u00e9s avaient plus de d\u00e9p\u00f4ts de b\u00eata-amylo\u00efdes et de prot\u00e9ine tau, que les autres. Elles ont aussi plus de ph\u00e9nom\u00e8nes inflammatoires dans le cerveau, des pertes de connexions nerveuses et de fibres, un d\u00e9clin cognitif\u00a0acc\u00e9l\u00e9r\u00e9.<\/p>\n<p>\u00ab\u00a0Les analyses des cellules c\u00e9r\u00e9brales ont montr\u00e9 que la carence en lithium entra\u00eene des changements similaires \u00e0 ceux observ\u00e9s dans alzheimer\u00a0\u00bb, conclut l\u2019\u00e9quipe.<\/p>\n<p>Enfin, en testant un traitement \u00e0 base de sels de lithium, les scientifiques ont \u00ab\u00a0\u00e9vit\u00e9 la perte de m\u00e9moire\u00a0\u00bb et diminu\u00e9 les l\u00e9sions c\u00e9r\u00e9brales, \u00ab\u00a0aussi bien chez les souris alzheimer que chez les souris \u00e2g\u00e9es normales\u00a0\u00bb.<\/p>\n<p>Reste \u00e0 confirmer que le lithium sera une piste solide pour \u00ab\u00a0pr\u00e9venir ou ralentir la maladie\u00a0\u00bb, et \u00e0 d\u00e9finir le mode d\u2019administration ainsi que les doses adapt\u00e9es \u00e0 une th\u00e9rapie efficace.<\/p>\n","protected":false},"excerpt":{"rendered":"Une \u00e9tude publi\u00e9e dans la revue scientifique Nature montre que les personnes atteintes d\u2019un alzheimer d\u00e9butant souffrent d\u2019un&hellip;\n","protected":false},"author":2,"featured_media":314019,"comment_status":"","ping_status":"","sticky":false,"template":"","format":"standard","meta":{"footnotes":""},"categories":[10],"tags":[1011,27,72,71],"class_list":{"0":"post-314018","1":"post","2":"type-post","3":"status-publish","4":"format-standard","5":"has-post-thumbnail","7":"category-sante","8":"tag-fr","9":"tag-france","10":"tag-health","11":"tag-sante"},"share_on_mastodon":{"url":"https:\/\/pubeurope.com\/@fr\/115016081373323920","error":""},"_links":{"self":[{"href":"https:\/\/www.europesays.com\/fr\/wp-json\/wp\/v2\/posts\/314018","targetHints":{"allow":["GET"]}}],"collection":[{"href":"https:\/\/www.europesays.com\/fr\/wp-json\/wp\/v2\/posts"}],"about":[{"href":"https:\/\/www.europesays.com\/fr\/wp-json\/wp\/v2\/types\/post"}],"author":[{"embeddable":true,"href":"https:\/\/www.europesays.com\/fr\/wp-json\/wp\/v2\/users\/2"}],"replies":[{"embeddable":true,"href":"https:\/\/www.europesays.com\/fr\/wp-json\/wp\/v2\/comments?post=314018"}],"version-history":[{"count":0,"href":"https:\/\/www.europesays.com\/fr\/wp-json\/wp\/v2\/posts\/314018\/revisions"}],"wp:featuredmedia":[{"embeddable":true,"href":"https:\/\/www.europesays.com\/fr\/wp-json\/wp\/v2\/media\/314019"}],"wp:attachment":[{"href":"https:\/\/www.europesays.com\/fr\/wp-json\/wp\/v2\/media?parent=314018"}],"wp:term":[{"taxonomy":"category","embeddable":true,"href":"https:\/\/www.europesays.com\/fr\/wp-json\/wp\/v2\/categories?post=314018"},{"taxonomy":"post_tag","embeddable":true,"href":"https:\/\/www.europesays.com\/fr\/wp-json\/wp\/v2\/tags?post=314018"}],"curies":[{"name":"wp","href":"https:\/\/api.w.org\/{rel}","templated":true}]}}