{"id":314022,"date":"2025-08-12T13:42:12","date_gmt":"2025-08-12T13:42:12","guid":{"rendered":"https:\/\/www.europesays.com\/fr\/314022\/"},"modified":"2025-08-12T13:42:12","modified_gmt":"2025-08-12T13:42:12","slug":"ce-que-lon-sait-de-la-nouvelle-emission-de-cyril-hanouna-sur-w9","status":"publish","type":"post","link":"https:\/\/www.europesays.com\/fr\/314022\/","title":{"rendered":"ce que l\u2019on sait de la nouvelle \u00e9mission de Cyril Hanouna sur W9"},"content":{"rendered":"<p>        <img decoding=\"async\" loading=\"lazy\" src=\"https:\/\/www.europesays.com\/fr\/wp-content\/uploads\/2025\/08\/531548a_upload-1-xzvrisauu1fr-m6-0069163-0001-1.jpg\"  width=\"728\" height=\"410\" alt=\"Cyril Hanouna pr\u00e9sentera sa nouvelle \u00e9mission \u00ab\u00a0Tout beau, tout n9uf\u00a0\u00bb sur W9\u00a0\u00e0 partir du 1er septembre.\"\/>  <\/p>\n<p>Jack TRIBECA \/ Bestimage<\/p>\n<p>Cyril Hanouna pr\u00e9sentera sa nouvelle \u00e9mission \u00ab\u00a0Tout beau, tout n9uf\u00a0\u00bb sur W9\u00a0\u00e0 partir du 1er septembre.<\/p>\n<p class=\"asset asset-text\">T\u00c9L\u00c9VISION &#8211; La suite de <a href=\"https:\/\/www.huffingtonpost.fr\/culture\/article\/avant-la-fin-de-c8-et-de-tpmp-on-a-revu-la-premiere-emission-et-ca-n-avait-vraiment-rien-a-voir-avec-la-suite_246413.html\" rel=\"nofollow noopener\" target=\"_blank\">Touche pas \u00e0 mon poste\u00a0!<\/a> se livre petit \u00e0 petit. Apr\u00e8s le non-renouvellement des fr\u00e9quences de C8\u00a0et NRJ12\u00a0d\u00e9cid\u00e9 par l\u2019Arcom en d\u00e9cembre dernier, <a href=\"https:\/\/www.huffingtonpost.fr\/medias\/article\/cyril-hanouna-fait-une-promesse-dans-la-derniere-de-tpmp-qui-ne-va-pas-plaire-a-m6_248005.html\" rel=\"nofollow noopener\" target=\"_blank\">Cyril Hanouna<\/a> s\u2019est retrouv\u00e9 sans cha\u00eene pour son talk-show d\u00e8s fin mars. Mais seulement pour quelques mois car l\u2019animateur a trouv\u00e9 un nouveau groupe o\u00f9 rebondir et ce, d\u00e8s la rentr\u00e9e.<\/p>\n<p class=\"asset asset-text\">Intitul\u00e9 <a href=\"https:\/\/www.huffingtonpost.fr\/medias\/article\/cyril-hanouna-sur-w9-ce-qu-on-a-vu-de-la-promo-de-tout-beau-tout-9-nous-a-laisses-baba_251692.html\" rel=\"nofollow noopener\" target=\"_blank\">Tout beau, tout n9uf<\/a>, ce programme d\u00e9butera d\u00e8s le 1er\u00a0septembre sur W9\u00a0et sera diffus\u00e9 du lundi au vendredi \u00e0 18\u00a0h\u00a045\u00a0pendant \u00ab\u00a0pr\u00e8s de trois heures\u00a0\u00bb comme l\u2019a pr\u00e9cis\u00e9 la cha\u00eene dans un communiqu\u00e9 diffus\u00e9 lundi 11\u00a0ao\u00fbt. Le HuffPost fait le point sur ce que l\u2019on sait.<\/p>\n<p>    \u2022 Les chroniqueurs autour de la table    <\/p>\n<p class=\"asset asset-text\">D\u00e8s le 3\u00a0ao\u00fbt, l\u2019ancien pr\u00e9sentateur vedette de C8\u00a0a annonc\u00e9 que l\u2019\u00e9quipe de TBTN (sigle de l\u2019\u00e9mission) sera compos\u00e9e de neuf chroniqueurs comme sur Touche pas \u00e0 mon poste\u00a0!, dont \u00ab\u00a0cinq \u201canciens\u201d et quatre nouveaux\u00a0\u00bb. Le 8\u00a0ao\u00fbt, il a d\u00e9voil\u00e9 quelques noms qui seront pr\u00e9sents pour la premi\u00e8re\u00a0: Raymond Aabou, G\u00e9raldine Maillet, Olivier Dartigolles et Val\u00e9rie Bena\u00efm. Les chroniqueurs Fabien Lec\u0153uvre, qui a commenc\u00e9 \u00e0 travailler avec Cyril Hanouna sur Europe 1\u00a0avant de le rejoindre sur C8, et Michel Mary seront \u00e9galement rappel\u00e9s.<\/p>\n<p class=\"asset asset-text\">Dans le post sur X dans lequel il annonce une partie du casting de la premi\u00e8re, Cyril Hanouna a promis \u00ab\u00a0de la nouveaut\u00e9 et des grands retours\u00a0\u00bb. C\u00f4t\u00e9 nouveaut\u00e9, il y aura notamment l\u2019animateur J\u00e9r\u00f4me Anthony qui sera sur le plateau \u00ab\u00a0en fonction de (ses) plannings de tournage et de (sa) tourn\u00e9e de th\u00e9\u00e2tre\u00a0\u00bb comme il l\u2019a expliqu\u00e9 \u00e0 <a href=\"https:\/\/www.ozap.com\/actu\/tout-beau-tout-neuf-jerome-anthony-rejoint-la-bande-de-cyril-hanouna-sur-w9-l-animateur-officialise-le-retour-de-gilles-verdez\/651073\" target=\"_blank\" rel=\"noopener nofollow\" title=\"Nouvelle fen\u00eatre\">Purem\u00e9dias<\/a>. Gilles Verdez, chroniqueur historique de TPMP, fera son grand retour dans la \u00ab\u00a0bande \u00e0 Baba\u00a0\u00bb, comme le laisse entendre <a href=\"https:\/\/x.com\/Cyrilhanouna\/status\/1952390417288429900\" target=\"_blank\" rel=\"noopener nofollow\" title=\"Nouvelle fen\u00eatre\">ce tweet<\/a>.<\/p>\n<p>                     \u2022 Le d\u00e9cor    <\/p>\n<p class=\"asset asset-text\">Qui dit nouveau talk-show, dit nouveau d\u00e9cor. Toujours sur X, o\u00f9 Cyril Hanouna profite du mois d\u2019ao\u00fbt pour donner une info par jour, le pr\u00e9sentateur a donn\u00e9 quelques d\u00e9tails sur le plateau de Tout beau, tout n9uf. Il sera \u00ab\u00a0plus grand que celui de TPMP avec un espace happening\u00a0\u00bb, il pourra accueillir plus de public et il y aura \u00ab\u00a0plus d\u2019espace pour les personnes handicap\u00e9es\u00a0\u00bb.<\/p>\n<p class=\"asset asset-text\">Pour l\u2019heure, aucune image du plateau situ\u00e9 \u00e0 la Plaine Saint-Denis, au nord de Paris, n\u2019a \u00e9t\u00e9 divulgu\u00e9e. Mais <strong>comme vous pouvez le voir ci-dessous<\/strong>, l\u2019animateur star a partag\u00e9 une vid\u00e9o du plateau de Tout beau, tout fun, sa nouvelle \u00e9mission de radio qui sera diffus\u00e9e sur les antennes de Fun Radio. Dans sa publication, il pr\u00e9cise que le plateau de TBTN est \u00ab\u00a0juste \u00e0 c\u00f4t\u00e9\u00a0\u00bb ce qui lui permettra d\u2019encha\u00eener rapidement ses deux programmes.<\/p>\n<p> La lecture de ce contenu est susceptible d\u2019entra\u00eener un d\u00e9p\u00f4t de cookies de la part de l\u2019op\u00e9rateur tiers qui l\u2019h\u00e9berge. Compte-tenu des choix que vous avez exprim\u00e9s en mati\u00e8re de d\u00e9p\u00f4t de cookies, nous avons bloqu\u00e9 l\u2019affichage de ce contenu. Si vous souhaitez y acc\u00e9der, vous devez accepter la cat\u00e9gorie de cookies \u201cContenus tiers\u201d en cliquant sur le bouton ci-dessous. <\/p>\n<p> Lire la Vid\u00e9o        \u2022 Les sujets trait\u00e9s    <\/p>\n<p class=\"asset asset-text\">Rien n\u2019est encore tr\u00e8s pr\u00e9cis en ce qui concerne les th\u00e8mes trait\u00e9s par Tout beau, tout n9uf. Le communiqu\u00e9 dit que l\u2019\u00e9mission va \u00ab\u00a0parler sans langue de bois de tous les sujets qui animent les Fran\u00e7ais\u00a0\u00bb. Quant \u00e0 Cyril Hanouna, il a garanti sur les r\u00e9seaux sociaux qu\u2019il y aura \u00ab\u00a0de la darka, des happenings, du d\u00e9bat, du people et \u00e9galement des faits divers\u00a0\u00bb. Ce qui reste tr\u00e8s vague.<\/p>\n<p class=\"asset asset-text\">Lors d\u2019une conf\u00e9rence de presse en vue de la rentr\u00e9e 2025\u00a0\u00e0 laquelle Le HuffPost avait particip\u00e9 en juin, ses nouveaux employeurs ont assur\u00e9 qu\u2019ils avaient impos\u00e9 des garde-fous lors des n\u00e9gociations pour \u00e9viter que les d\u00e9bordements trop nombreux de Touche pas \u00e0 mon poste\u00a0! ne se r\u00e9p\u00e8tent. David Larramendy, pr\u00e9sident du directoire du groupe, avait d\u00e9clar\u00e9\u00a0: \u00ab\u00a0Pas de\u00a0<a href=\"https:\/\/www.huffingtonpost.fr\/medias\/video\/tpmp-cyril-hanouna-affirme-a-l-assemblee-qu-il-y-a-tres-peu-de-fake-news-a-l-antenne-dans-son-emission_231238.html?at_medium=email&amp;at_campaign=newsletters&amp;at_emailtype=retention&amp;at_creation=dailysoir&amp;at_send_date=20240314\" rel=\"nofollow noopener\" target=\"_blank\">promotion des fake news<\/a>, pas de discours politis\u00e9 et pas d\u2019<a href=\"https:\/\/www.huffingtonpost.fr\/divertissement\/article\/cyril-hanouna-deteste-plus-michel-cymes-que-karine-le-marchand-apres-les-propos-du-medecin-dans-c-mediatique_246357.html\" rel=\"nofollow noopener\" target=\"_blank\">attaques ad hominem<\/a>\u00a0\u00bb<\/p>\n<p class=\"asset asset-text\">Malgr\u00e9 tout, des questions restent encore en suspens. Par exemple, \u00e0 cette m\u00eame conf\u00e9rence de presse, David Larramendy avait avou\u00e9 ne pas savoir si l\u2019\u00e9mission de Cyril Hanouna sera diffus\u00e9e en direct ou en l\u00e9ger diff\u00e9r\u00e9. Aussi, le \u00ab\u00a0trublion du PAF\u00a0\u00bb avait indiqu\u00e9 lors de la derni\u00e8re de TPMP en mars\u00a02025 \u00ab\u00a0vouloir en faire plus pour (son) pays\u00a0\u00bb et \u00ab\u00a0aider les Fran\u00e7ais\u00a0\u00bb. Des mots qui peuvent trahir une envie politique alors que M6\u00a0l\u2019a recrut\u00e9 pour une chose\u00a0: le divertissement.<\/p>\n","protected":false},"excerpt":{"rendered":"Jack TRIBECA \/ Bestimage Cyril Hanouna pr\u00e9sentera sa nouvelle \u00e9mission \u00ab\u00a0Tout beau, tout n9uf\u00a0\u00bb sur W9\u00a0\u00e0 partir du&hellip;\n","protected":false},"author":2,"featured_media":314023,"comment_status":"","ping_status":"","sticky":false,"template":"","format":"standard","meta":{"footnotes":""},"categories":[8],"tags":[1083,58,59,1011,27,252,550,2395],"class_list":{"0":"post-314022","1":"post","2":"type-post","3":"status-publish","4":"format-standard","5":"has-post-thumbnail","7":"category-divertissement","8":"tag-cyril-hanouna","9":"tag-divertissement","10":"tag-entertainment","11":"tag-fr","12":"tag-france","13":"tag-television","14":"tag-tpmp","15":"tag-w9"},"share_on_mastodon":{"url":"https:\/\/pubeurope.com\/@fr\/115016089242138081","error":""},"_links":{"self":[{"href":"https:\/\/www.europesays.com\/fr\/wp-json\/wp\/v2\/posts\/314022","targetHints":{"allow":["GET"]}}],"collection":[{"href":"https:\/\/www.europesays.com\/fr\/wp-json\/wp\/v2\/posts"}],"about":[{"href":"https:\/\/www.europesays.com\/fr\/wp-json\/wp\/v2\/types\/post"}],"author":[{"embeddable":true,"href":"https:\/\/www.europesays.com\/fr\/wp-json\/wp\/v2\/users\/2"}],"replies":[{"embeddable":true,"href":"https:\/\/www.europesays.com\/fr\/wp-json\/wp\/v2\/comments?post=314022"}],"version-history":[{"count":0,"href":"https:\/\/www.europesays.com\/fr\/wp-json\/wp\/v2\/posts\/314022\/revisions"}],"wp:featuredmedia":[{"embeddable":true,"href":"https:\/\/www.europesays.com\/fr\/wp-json\/wp\/v2\/media\/314023"}],"wp:attachment":[{"href":"https:\/\/www.europesays.com\/fr\/wp-json\/wp\/v2\/media?parent=314022"}],"wp:term":[{"taxonomy":"category","embeddable":true,"href":"https:\/\/www.europesays.com\/fr\/wp-json\/wp\/v2\/categories?post=314022"},{"taxonomy":"post_tag","embeddable":true,"href":"https:\/\/www.europesays.com\/fr\/wp-json\/wp\/v2\/tags?post=314022"}],"curies":[{"name":"wp","href":"https:\/\/api.w.org\/{rel}","templated":true}]}}