{"id":314029,"date":"2025-08-12T13:46:13","date_gmt":"2025-08-12T13:46:13","guid":{"rendered":"https:\/\/www.europesays.com\/fr\/314029\/"},"modified":"2025-08-12T13:46:13","modified_gmt":"2025-08-12T13:46:13","slug":"en-direct-canicule-14-departements-en-alerte-rouge-aujourdhui-et-demain-64-en-orange","status":"publish","type":"post","link":"https:\/\/www.europesays.com\/fr\/314029\/","title":{"rendered":"EN DIRECT &#8211; Canicule : 14 d\u00e9partements en alerte rouge aujourd&rsquo;hui et demain, 64 en orange"},"content":{"rendered":"<p>Les 14 d\u00e9partements en rouge sont : <strong>Ard\u00e8che <\/strong>(07), <strong>Aude <\/strong>(11), <strong>Dordogne <\/strong>(24), <strong>Dr\u00f4me <\/strong>(26), <strong>Haute-Garonne<\/strong> (31), <strong>Gers <\/strong>(32), <strong>Gironde <\/strong>(33), <strong>Is\u00e8re <\/strong>(38), <strong>Landes <\/strong>(40), <strong>Lot <\/strong>(46), <strong>Lot-et-Garonne<\/strong> (47), <strong>Rh\u00f4ne <\/strong>(69), <strong>Tarn<\/strong> (81) et <strong>Tarn-et-Garonne<\/strong> (82).<\/p>\n<p>Les 64 d\u00e9partements en orange sont : <strong>Ain <\/strong>(01), <strong>Aisne <\/strong>(02), <strong>Allier <\/strong>(03), <strong>Alpes-de-Haute-Provence<\/strong> (04), <strong>Hautes-Alpes<\/strong> (05), <strong>Alpes-Maritimes<\/strong> (06), <strong>Ardennes <\/strong>(08), <strong>Ari\u00e8ge <\/strong>(09), <strong>Aube <\/strong>(10), <strong>Aveyron <\/strong>(12), <strong>Bouches-du-Rh\u00f4ne<\/strong> (13), <strong>Cantal <\/strong>(15), <strong>Charente <\/strong>(16), <strong>Charente-Maritime<\/strong> (17), <strong>Cher<\/strong> (18), <strong>Corr\u00e8ze <\/strong>(19), <strong>Corse-du-Sud<\/strong> (2A), <strong>Haute-Corse<\/strong> (2B), <strong>C\u00f4te-d&rsquo;Or<\/strong> (21), <strong>Creuse <\/strong>(23), <strong>Doubs <\/strong>(25), <strong>Gard <\/strong>(30), <strong>H\u00e9rault<\/strong> (34), <strong>Indre <\/strong>(36), <strong>Indre-et-Loire <\/strong>(37), <strong>Jura <\/strong>(39), <strong>Loire <\/strong>(42), <strong>Haute-Loire<\/strong> (43), <strong>Loiret <\/strong>(45), <strong>Loz\u00e8re<\/strong> (48), <strong>Marne <\/strong>(51),<strong> Haute-Marne<\/strong> (52), <strong>Meurthe-et-Moselle<\/strong> (54), <strong>Meuse <\/strong>(55), <strong>Moselle <\/strong>(57), <strong>Ni\u00e8vre <\/strong>(58), <strong>Nord <\/strong>(59), <strong>Oise <\/strong>(60), <strong>Puy-de-D\u00f4me<\/strong> (63),<strong> Pyr\u00e9n\u00e9es-Atlantiques <\/strong>(64), <strong>Hautes-Pyr\u00e9n\u00e9es<\/strong> (65), <strong>Pyr\u00e9n\u00e9es-Orientales<\/strong> (66), <strong>Bas-Rhin<\/strong> (67),<strong> Haut-Rhin<\/strong> (68), <strong>Haute-Sa\u00f4ne<\/strong> (70), <strong>Sa\u00f4ne-et-Loire <\/strong>(71), <strong>Savoie <\/strong>(73), <strong>Haute-Savoie<\/strong> (74), <strong>Paris <\/strong>(75), <strong>Seine-et- Marne <\/strong>(77), <strong>Yvelines <\/strong>(78), <strong>Deux-S\u00e8vres<\/strong> (79), <strong>Var <\/strong>(83), <strong>Vaucluse<\/strong> (84), <strong>Vienne <\/strong>(86), <strong>Haute-Vienne<\/strong> (87), <strong>Vosges <\/strong>(88), <strong>Yonne <\/strong>(89), <strong>Territoire de Belfort<\/strong> (90), <strong>Essonne <\/strong>(91), <strong>Hauts-de-Seine<\/strong> (92), <strong>Seine-Saint-Denis<\/strong> (93), <strong>Val-de-Marne<\/strong> (94), <strong>Val d&rsquo;Oise <\/strong>(95).<\/p>\n","protected":false},"excerpt":{"rendered":"Les 14 d\u00e9partements en rouge sont : Ard\u00e8che (07), Aude (11), Dordogne (24), Dr\u00f4me (26), Haute-Garonne (31), Gers&hellip;\n","protected":false},"author":2,"featured_media":314030,"comment_status":"","ping_status":"","sticky":false,"template":"","format":"standard","meta":{"footnotes":""},"categories":[4],"tags":[1111,11,1921,6698,4734,1011,27,1922,45357,11007,12,2119,25,133,11009],"class_list":{"0":"post-314029","1":"post","2":"type-post","3":"status-publish","4":"format-standard","5":"has-post-thumbnail","7":"category-france","8":"tag-actu","9":"tag-actualites","10":"tag-article-video","11":"tag-canicule","12":"tag-changement-climatique","13":"tag-fr","14":"tag-france","15":"tag-info","16":"tag-la-france-touchee-par-une-nouvelle-canicule-exceptionnelle-en-2025","17":"tag-meteo-quotidienne","18":"tag-news","19":"tag-previsions-meteo","20":"tag-republique-francaise","21":"tag-video","22":"tag-video-meteo-et-intemperies"},"share_on_mastodon":{"url":"https:\/\/pubeurope.com\/@fr\/115016104926974822","error":""},"_links":{"self":[{"href":"https:\/\/www.europesays.com\/fr\/wp-json\/wp\/v2\/posts\/314029","targetHints":{"allow":["GET"]}}],"collection":[{"href":"https:\/\/www.europesays.com\/fr\/wp-json\/wp\/v2\/posts"}],"about":[{"href":"https:\/\/www.europesays.com\/fr\/wp-json\/wp\/v2\/types\/post"}],"author":[{"embeddable":true,"href":"https:\/\/www.europesays.com\/fr\/wp-json\/wp\/v2\/users\/2"}],"replies":[{"embeddable":true,"href":"https:\/\/www.europesays.com\/fr\/wp-json\/wp\/v2\/comments?post=314029"}],"version-history":[{"count":0,"href":"https:\/\/www.europesays.com\/fr\/wp-json\/wp\/v2\/posts\/314029\/revisions"}],"wp:featuredmedia":[{"embeddable":true,"href":"https:\/\/www.europesays.com\/fr\/wp-json\/wp\/v2\/media\/314030"}],"wp:attachment":[{"href":"https:\/\/www.europesays.com\/fr\/wp-json\/wp\/v2\/media?parent=314029"}],"wp:term":[{"taxonomy":"category","embeddable":true,"href":"https:\/\/www.europesays.com\/fr\/wp-json\/wp\/v2\/categories?post=314029"},{"taxonomy":"post_tag","embeddable":true,"href":"https:\/\/www.europesays.com\/fr\/wp-json\/wp\/v2\/tags?post=314029"}],"curies":[{"name":"wp","href":"https:\/\/api.w.org\/{rel}","templated":true}]}}