{"id":314034,"date":"2025-08-12T13:50:09","date_gmt":"2025-08-12T13:50:09","guid":{"rendered":"https:\/\/www.europesays.com\/fr\/314034\/"},"modified":"2025-08-12T13:50:09","modified_gmt":"2025-08-12T13:50:09","slug":"ma-cliente-a-peur-de-le-recroiser","status":"publish","type":"post","link":"https:\/\/www.europesays.com\/fr\/314034\/","title":{"rendered":"Ma cliente a peur de le recroiser"},"content":{"rendered":"<p>            Par<br \/>\n        <strong><br \/>\n            <a href=\"https:\/\/actu.fr\/auteur\/emil-vautrin\" title=\"Consulter tous les articles de Emil Vautrin\" target=\"_blank\" rel=\"noopener\">Emil Vautrin<\/a><br \/>\n        <\/strong><\/p>\n<p>        Publi\u00e9 le<\/p>\n<p>            12 ao\u00fbt 2025 \u00e0 15h34        <\/p>\n<p>Lundi 28 juillet, <strong>une infirmi\u00e8re a \u00e9t\u00e9 agress\u00e9e<\/strong> alors qu\u2019elle regagnait sa voiture \u00e0 <strong>Tomblaine<\/strong>, pr\u00e8s de <a href=\"https:\/\/actu.fr\/grand-est\/nancy_54395\" target=\"_blank\" rel=\"noopener\">Nancy<\/a>, apr\u00e8s avoir fini sa tourn\u00e9e de soins \u00e0 domicile.<\/p>\n<p class=\" wall-content\">L\u2019affaire a \u00e9t\u00e9 jug\u00e9e le 31 juillet, et la d\u00e9cision de justice est tomb\u00e9e : 900 \u20ac <a href=\"https:\/\/actu.fr\/tag\/amendes\" target=\"_blank\" rel=\"noopener\">d\u2019amende<\/a> et <strong>1000 \u20ac<\/strong> de dommages et int\u00e9r\u00eats.<\/p>\n<p>Les versions s\u2019opposent<\/p>\n<p class=\" wall-content\">Contact\u00e9 par Lorraine Actu, Me Rolland, avocat de la victime, d\u00e9clare avoir \u00ab\u00a0<strong>l\u2019intime conviction qu\u2019il la connaissait, et qu\u2019il connaissait son m\u00e9tier<\/strong>\u00ab\u00a0. C\u2019est d\u2019ailleurs ce qu\u2019il a plaid\u00e9, sans succ\u00e8s.<\/p>\n<p class=\" wall-content\">En effet, <strong>le tribunal a estim\u00e9 que le coupable ne pouvait pas en avoir connaissance<\/strong>.<\/p>\n<p class=\" wall-content\">\u00ab\u00a0Elle ne se baladait pas dans la rue en <strong>blouse blanche<\/strong>\u00ab\u00a0, note d\u2019ailleurs Me Real, avocat du condamn\u00e9.<\/p>\n<p>\u00ab\u00a0Elle a du mal \u00e0 comprendre\u00a0\u00bb<\/p>\n<p class=\" wall-content\">Toujours est-il que <strong>la jeune femme a \u00e9t\u00e9 surprise<\/strong> de la peine prononc\u00e9e : \u00ab\u00a0Elle s\u2019attendait \u00e0 ce que son m\u00e9tier soit pris en compte, d\u2019autant qu\u2019<strong>elle connaissait l\u2019auteur<\/strong> depuis un moment\u00a0\u00bb.<\/p>\n<p class=\" wall-content\">En effet, ce dernier vit dans la m\u00eame entr\u00e9e d\u2019immeuble que trois des patients de l\u2019infirmi\u00e8re, rappelle <strong>Herv\u00e9 F\u00e9ron, maire de Tomblaine<\/strong>, contact\u00e9 par Lorraine Actu.<\/p>\n<p class=\" wall-content\">Il connait bien la soignante, qui d\u2019apr\u00e8s ses propos \u00ab\u00a0demandait <strong>depuis plusieurs mois<\/strong> \u00e0 \u00eatre raccompagn\u00e9e par un patient\u00a0\u00bb, par <strong>peur de cet homme<\/strong>.<\/p>\n<p class=\" wall-content\">Selon son avocat, elle aurait m\u00eame d\u00e9j\u00e0 port\u00e9 plainte \u00e0 son encontre pour menaces de mort en mai dernier, ce que l\u2019avocat de la partie adverse nie.<\/p>\n<p>\u00ab\u00a0Elle a peur pour la suite\u00a0\u00bb<\/p>\n<p class=\" wall-content\">\u00ab\u00a0Elle a peur de la suite, sachant qu\u2019elle est amen\u00e9e \u00e0 <strong>le recroiser tous les jours<\/strong>\u00ab\u00a0, indique son avocat, mais elle a aussi peur que les r\u00e9sidents h\u00e9sitent \u00e0 faire appel \u00e0 elle\u00a0\u00bb .\u00a0<\/p>\n<p class=\" wall-content\">Enfin, le maire de la commune pr\u00e9cise que, bien qu\u2019il ne \u00ab\u00a0souhaite la <strong>prison<\/strong> \u00e0 personne\u00a0\u00bb, il aurait au moins voulu qu\u2019une mesure d\u2019\u00e9loignement soit mise en place.<\/p>\n<p class=\" wall-content\">Suivez toute l\u2019actualit\u00e9 de vos villes et m\u00e9dias favoris en vous inscrivant \u00e0 <a href=\"https:\/\/moncompte.actu.fr\" title=\"D\u00e9couvez Mon Actu\" rel=\"nofollow noopener\" data-trk=\"{&quot;cta&quot;:{&quot;action&quot;:&quot;https:\\\/\\\/moncompte.actu.fr&quot;,&quot;category&quot;:&quot;mon compte&quot;,&quot;from&quot;:&quot;article footer&quot;,&quot;name&quot;:&quot;Mon actu&quot;,&quot;type&quot;:&quot;cta&quot;}}\" target=\"_blank\">Mon Actu<\/a>.<\/p>\n","protected":false},"excerpt":{"rendered":"Par Emil Vautrin Publi\u00e9 le 12 ao\u00fbt 2025 \u00e0 15h34 Lundi 28 juillet, une infirmi\u00e8re a \u00e9t\u00e9 agress\u00e9e&hellip;\n","protected":false},"author":2,"featured_media":314035,"comment_status":"","ping_status":"","sticky":false,"template":"","format":"standard","meta":{"footnotes":""},"categories":[9635],"tags":[1111,11,7622,1777,674,118,1011,27,775,303,1702,12,25],"class_list":{"0":"post-314034","1":"post","2":"type-post","3":"status-publish","4":"format-standard","5":"has-post-thumbnail","7":"category-nancy","8":"tag-actu","9":"tag-actualites","10":"tag-amendes","11":"tag-eu","12":"tag-europe","13":"tag-faits-divers","14":"tag-fr","15":"tag-france","16":"tag-grand-est","17":"tag-justice","18":"tag-nancy","19":"tag-news","20":"tag-republique-francaise"},"share_on_mastodon":{"url":"https:\/\/pubeurope.com\/@fr\/115016120595167142","error":""},"_links":{"self":[{"href":"https:\/\/www.europesays.com\/fr\/wp-json\/wp\/v2\/posts\/314034","targetHints":{"allow":["GET"]}}],"collection":[{"href":"https:\/\/www.europesays.com\/fr\/wp-json\/wp\/v2\/posts"}],"about":[{"href":"https:\/\/www.europesays.com\/fr\/wp-json\/wp\/v2\/types\/post"}],"author":[{"embeddable":true,"href":"https:\/\/www.europesays.com\/fr\/wp-json\/wp\/v2\/users\/2"}],"replies":[{"embeddable":true,"href":"https:\/\/www.europesays.com\/fr\/wp-json\/wp\/v2\/comments?post=314034"}],"version-history":[{"count":0,"href":"https:\/\/www.europesays.com\/fr\/wp-json\/wp\/v2\/posts\/314034\/revisions"}],"wp:featuredmedia":[{"embeddable":true,"href":"https:\/\/www.europesays.com\/fr\/wp-json\/wp\/v2\/media\/314035"}],"wp:attachment":[{"href":"https:\/\/www.europesays.com\/fr\/wp-json\/wp\/v2\/media?parent=314034"}],"wp:term":[{"taxonomy":"category","embeddable":true,"href":"https:\/\/www.europesays.com\/fr\/wp-json\/wp\/v2\/categories?post=314034"},{"taxonomy":"post_tag","embeddable":true,"href":"https:\/\/www.europesays.com\/fr\/wp-json\/wp\/v2\/tags?post=314034"}],"curies":[{"name":"wp","href":"https:\/\/api.w.org\/{rel}","templated":true}]}}