{"id":314038,"date":"2025-08-12T13:53:28","date_gmt":"2025-08-12T13:53:28","guid":{"rendered":"https:\/\/www.europesays.com\/fr\/314038\/"},"modified":"2025-08-12T13:53:28","modified_gmt":"2025-08-12T13:53:28","slug":"un-jeune-toulonnais-implique-dans-une-arnaque-au-faux-conseiller-bancaire-2","status":"publish","type":"post","link":"https:\/\/www.europesays.com\/fr\/314038\/","title":{"rendered":"Un jeune Toulonnais impliqu\u00e9 dans une arnaque au faux conseiller bancaire"},"content":{"rendered":"<p>Un Toulonnais \u00e2g\u00e9 de 19 ans a \u00e9t\u00e9 identifi\u00e9 comme \u00e9tant un maillon d\u2019une arnaque au faux conseiller bancaire, a-t-on appris ce jeudi de source polici\u00e8re.<\/p>\n<p>Le jeune homme avait transmis son relev\u00e9 d\u2019identit\u00e9 bancaire \u00e0 une personne non identifi\u00e9e qui a post\u00e9 sur le r\u00e9seau social Snapchat une annonce promettant de l\u2019argent facile&#8230;<\/p>\n<p>Le compte bancaire de ce Toulonnais a ainsi servi de support \u00e0 une escroquerie commise le 11 juin au pr\u00e9judice d\u2019une personne \u00e2g\u00e9e de 77 ans. La victime a re\u00e7u l\u2019appel d\u2019un faux conseiller bancaire qui l\u2019a convaincu de r\u00e9aliser un virement de 2.990 euros au pr\u00e9texte d\u2019une op\u00e9ration de s\u00e9curisation de son compte&#8230;<\/p>\n<p>                                Le commanditaire non identifi\u00e9<\/p>\n<p>Confondu par les \u00e9l\u00e9ments de l\u2019enqu\u00eate, le Toulonnais a reconnu avoir \u00e9t\u00e9 le destinataire de ce mouvement de fonds. Il a converti une partie de la somme en tickets de recharge de cartes pr\u00e9pay\u00e9es dites \u00ab\u00a0PCS\u00a0\u00bb. Un num\u00e9ro associ\u00e9 \u00e0 un coupon PCS permet de cr\u00e9diter ces cartes de retrait intra\u00e7ables&#8230; De quoi permettre \u00e0 son myst\u00e9rieux commanditaire de r\u00e9cup\u00e9rer l\u2019argent sans \u00eatre inqui\u00e9t\u00e9.<\/p>\n<p>Entendu dans les locaux de la brigade financi\u00e8re de la division de la criminalit\u00e9 territoriale (DCT) de Toulon, le jeune majeur a indiqu\u00e9 avoir b\u00e9n\u00e9fici\u00e9 d\u2019une commission de 500 euros.<\/p>\n<p>Sans ant\u00e9c\u00e9dent judiciaire, il a quitt\u00e9 l\u2019h\u00f4tel de police avec une convocation au tribunal en vue d\u2019une composition p\u00e9nale (alternative aux poursuites).<\/p>\n","protected":false},"excerpt":{"rendered":"Un Toulonnais \u00e2g\u00e9 de 19 ans a \u00e9t\u00e9 identifi\u00e9 comme \u00e9tant un maillon d\u2019une arnaque au faux conseiller&hellip;\n","protected":false},"author":2,"featured_media":302569,"comment_status":"","ping_status":"","sticky":false,"template":"","format":"standard","meta":{"footnotes":""},"categories":[9619],"tags":[1111,11,1777,674,118,1011,27,12,882,25,2310],"class_list":{"0":"post-314038","1":"post","2":"type-post","3":"status-publish","4":"format-standard","5":"has-post-thumbnail","7":"category-toulon","8":"tag-actu","9":"tag-actualites","10":"tag-eu","11":"tag-europe","12":"tag-faits-divers","13":"tag-fr","14":"tag-france","15":"tag-news","16":"tag-provence-alpes-cote-dazur","17":"tag-republique-francaise","18":"tag-toulon"},"share_on_mastodon":{"url":"https:\/\/pubeurope.com\/@fr\/115016132391902381","error":""},"_links":{"self":[{"href":"https:\/\/www.europesays.com\/fr\/wp-json\/wp\/v2\/posts\/314038","targetHints":{"allow":["GET"]}}],"collection":[{"href":"https:\/\/www.europesays.com\/fr\/wp-json\/wp\/v2\/posts"}],"about":[{"href":"https:\/\/www.europesays.com\/fr\/wp-json\/wp\/v2\/types\/post"}],"author":[{"embeddable":true,"href":"https:\/\/www.europesays.com\/fr\/wp-json\/wp\/v2\/users\/2"}],"replies":[{"embeddable":true,"href":"https:\/\/www.europesays.com\/fr\/wp-json\/wp\/v2\/comments?post=314038"}],"version-history":[{"count":0,"href":"https:\/\/www.europesays.com\/fr\/wp-json\/wp\/v2\/posts\/314038\/revisions"}],"wp:featuredmedia":[{"embeddable":true,"href":"https:\/\/www.europesays.com\/fr\/wp-json\/wp\/v2\/media\/302569"}],"wp:attachment":[{"href":"https:\/\/www.europesays.com\/fr\/wp-json\/wp\/v2\/media?parent=314038"}],"wp:term":[{"taxonomy":"category","embeddable":true,"href":"https:\/\/www.europesays.com\/fr\/wp-json\/wp\/v2\/categories?post=314038"},{"taxonomy":"post_tag","embeddable":true,"href":"https:\/\/www.europesays.com\/fr\/wp-json\/wp\/v2\/tags?post=314038"}],"curies":[{"name":"wp","href":"https:\/\/api.w.org\/{rel}","templated":true}]}}