{"id":314047,"date":"2025-08-12T14:01:23","date_gmt":"2025-08-12T14:01:23","guid":{"rendered":"https:\/\/www.europesays.com\/fr\/314047\/"},"modified":"2025-08-12T14:01:23","modified_gmt":"2025-08-12T14:01:23","slug":"pau-grenoble-enzo-basilio-les-tops-et-flops-de-la-1ere-journee","status":"publish","type":"post","link":"https:\/\/www.europesays.com\/fr\/314047\/","title":{"rendered":"Pau, Grenoble, Enzo Basilio, les tops et flops de la 1\u00e8re journ\u00e9e"},"content":{"rendered":"<p style=\"text-align: justify;\"><strong>LIGUE 2 2025-2026 \u2013 Suite \u00e0 deux mois et demi de pause, la Ligue 2 a repris ses droits ce weekend en proposant une 1\u00e8re journ\u00e9e spectaculaire et \u00e0 rebondissements. Une 1\u00e8re journ\u00e9e qui a \u00e9galement montr\u00e9 que, comme \u00e0 son habitude, ce championnat s\u2019annonce <\/strong><strong>extr\u00eamement resserr\u00e9.<\/strong><\/p>\n<p>Les Tops<br \/>\nGuingamp \u2013 Le Mans, un match d\u2019ouverture de folie<\/p>\n<p style=\"text-align: justify;\">La Ligue 2 a effectu\u00e9 son grand retour samedi apr\u00e8s-midi par une affiche au Roudourou entre <strong>Guingamp<\/strong> et <strong>Le Mans<\/strong>. Une rencontre qui va rester dans les m\u00e9moires, et qui a inaugur\u00e9 comme il se doit la saison. Si les Manceaux avaient fait la diff\u00e9rence en menant 2-0 \u00e0 la pause gr\u00e2ce \u00e0 <strong>Edwin Quarshie <\/strong>et <strong>Anthony Ribelin,<\/strong> les Bretons n\u2019ont rien l\u00e2ch\u00e9, et sont parvenus \u00e0 \u00e9galiser avec l\u2019entr\u00e9e dans le temps additionnel suite aux r\u00e9alisations d\u2019<strong>Albin Demouchy <\/strong>et <strong>Donatien Gomis<\/strong>. Puis, un temps additionnel allong\u00e9 a permis d\u2019offrir un final absolument haletant.<\/p>\n<p style=\"text-align: justify;\">\u00c0 la 99\u00e8me minute, le Roudourou a chavir\u00e9 lorsque<strong> Louis Mafouta<\/strong> a inscrit le but du 3-2. Mais il restait encore un peu de temps. Suffisamment pour que <strong>William Harhouz<\/strong>\u00a0climatise l\u2019ambiance en arrachant l\u2019\u00e9galisation \u00e0 3-3 ! Celui qui \u00e9voluait encore en N3 l\u2019ann\u00e9e derni\u00e8re a \u00e9t\u00e9 ensuite exclu en recevant deux jaunes rapides, mais l\u2019essentiel est ailleurs. Le promu manceau arrache un point en terres guingampaises au terme d\u2019un thriller passionnant.<\/p>\n<blockquote class=\"twitter-tweet\">\n<p dir=\"ltr\" lang=\"fr\">\ud83d\udea8\ud83d\ude31 \ud835\udde3\ud835\udde2\ud835\udde8\ud835\udde5 \ud835\udddf\u2019\ud835\uddd4\ud835\udde1\ud835\uddd8\ud835\uddd6\ud835\uddd7\ud835\udde2\ud835\udde7\ud835\uddd8 : William Harhouz, buteur pour le 3-3, \ud835\udddd\ud835\udde2\ud835\udde8\ud835\uddd4\ud835\udddc\ud835\udde7 \ud835\udddf\ud835\uddd4 \ud835\uddde\ud835\udddc\ud835\udde1\ud835\uddda\ud835\udde6 \ud835\udddf\ud835\uddd8\ud835\uddd4\ud835\uddda\ud835\udde8\ud835\uddd8 il y a quelques semaines. \ud83e\udd2f<\/p>\n<p>Il faisait partie de l\u2019\u00e9quipe Foot2Rue de <a href=\"https:\/\/twitter.com\/AmineMaTue?ref_src=twsrc%5Etfw\" target=\"_blank\" rel=\"noopener\">@AmineMaTue<\/a>\u2026 \ud835\uddd8\ud835\udde7 \ud835\uddd8\u0301\ud835\udde7\ud835\uddd4\ud835\udddc\ud835\udde7 \ud835\uddd8\ud835\udde1\ud835\uddd6\ud835\udde2\ud835\udde5\ud835\uddd8 \ud835\uddd8\ud835\udde1 \ud835\udde1\ud835\udfef \ud835\udddf\ud835\uddd4 \ud835\udde6\ud835\uddd4\ud835\udddc\ud835\udde6\ud835\udde2\ud835\udde1 \ud835\uddd7\ud835\uddd8\ud835\udde5\ud835\udde1\ud835\udddc\ud835\uddd8\u0300\ud835\udde5\ud835\uddd8,\u2026 <a href=\"https:\/\/t.co\/sQuYP01TBa\">https:\/\/t.co\/sQuYP01TBa<\/a> <a href=\"https:\/\/t.co\/MF7StcHsZb\">pic.twitter.com\/MF7StcHsZb<\/a><\/p>\n<p>\u2014 BeFootball (@_BeFootball) <a href=\"https:\/\/twitter.com\/_BeFootball\/status\/1954186807047774234?ref_src=twsrc%5Etfw\" target=\"_blank\" rel=\"noopener\">August 9, 2025<\/a><\/p>\n<\/blockquote>\n<p>Pau premier leader<\/p>\n<p style=\"text-align: justify;\">Comme chaque \u00e9t\u00e9, un vaste remaniement d\u2019effectif a eu lieu du c\u00f4t\u00e9 du B\u00e9arn. Bien install\u00e9 dans la division depuis de nombreuses ann\u00e9es, le <strong>Pau FC<\/strong> s\u2019est offert le droit de tr\u00f4ner en t\u00eate du classement \u00e0 l\u2019issue du premier weekend. Dans leur Nouste Camp, les Palois n\u2019ont jamais \u00e9t\u00e9 mis en danger par un <strong>Annecy<\/strong> friable, et r\u00e9duit \u00e0 10 avant la pause. Les locaux avaient d\u00e9j\u00e0 ouvert le score gr\u00e2ce \u00e0 <strong>Daylam Meddah<\/strong>, et un penalty d<strong>\u2018Omar Sadik<\/strong> dans le dernier quart d\u2019heure a ensuite valid\u00e9 un succ\u00e8s propre et sans bavure, 2-0. Auteurs d\u2019un mercato int\u00e9ressant sur le papier, les B\u00e9arnais pourraient \u00eatre l\u2019une des belles surprises de cette saison. Le d\u00e9placement \u00e0 Furiani en fin de semaine s\u2019apparentera d\u00e9j\u00e0 \u00e0 un premier test.<\/p>\n<p><a href=\"https:\/\/dicodusport.fr\/blog\/classement-ligue-2-2025-2026\/\" class=\"vlp-link\" title=\"Classement Ligue 2 2025-2026\" target=\"_blank\" rel=\"noopener\"><img loading=\"lazy\" decoding=\"async\" style=\"max-width: 792px;\" width=\"792\" height=\"445\" class=\"attachment-800x445 size-800x445 perfmatters-lazy\" alt=\"Classement Ligue 2 2025-2026\" src=\"https:\/\/www.europesays.com\/fr\/wp-content\/uploads\/2025\/08\/Classement-Ligue-2-2025-2026.png\"  data-\/><\/p>\n<p>Classement Ligue 2 2025-2026<\/p>\n<p>D\u00e9couvrez le classement complet de la Ligue 2 BKT saison 2025-2026. Qui va succ\u00e9der au FC Lorient et qui va monter en Ligue 1 ?<\/p>\n<p>Lire l&rsquo;article<\/p>\n<p>dicodusport.fr<\/p>\n<p>Enzo Basilio, ange gardien de Nancy<\/p>\n<p style=\"text-align: justify;\">De retour en Ligue 2, <strong>Nancy<\/strong> a v\u00e9cu un retour difficile sur la pelouse de Rodez. En manque d\u2019efficacit\u00e9 offensivement, le club lorrain aurait pu \u00eatre puni de l\u2019autre c\u00f4t\u00e9 du terrain si <strong>Enzo Basilio<\/strong> n\u2019avait pas r\u00e9alis\u00e9 le match parfait. Le gardien de 30 ans a d\u00fb g\u00e9rer plusieurs situations extr\u00eamement chaudes, auxquelles il a toujours apport\u00e9 la solution. En multipliant les arr\u00eats, parfois spectaculaires, comme cet arr\u00eat r\u00e9flexe \u00e0 20 minutes du coup de sifflet final, il a permis aux siens de repartir avec un bon point en pr\u00e9servant le 0-0. Alors que le poste de num\u00e9ro un \u00e9tait ind\u00e9cis en raison de la pr\u00e9sence de <strong>Martin Sourzac,<\/strong> titulaire lors de la mont\u00e9e l\u2019ann\u00e9e derni\u00e8re, Basilio s\u2019est affirm\u00e9 en seulement 90 minutes.<\/p>\n<blockquote class=\"twitter-tweet\">\n<p dir=\"ltr\" lang=\"fr\">Pour notre retour en Ligue 2 BKT, nos Nanc\u00e9iens repartent avec un match nul au terme d\u2019une rencontre pleine de combat.<br \/>Un grand Enzo Basilio a \u00e9t\u00e9 n\u00e9cessaire pour conserver ce score ! \ud83d\udc4a\ud83d\udd34\u26aa\ufe0f<\/p>\n<p>RAF 0\ufe0f\u20e3-0\ufe0f\u20e3 ASNL l 90\u2032<a href=\"https:\/\/twitter.com\/hashtag\/RAFASNL?src=hash&amp;ref_src=twsrc%5Etfw\" target=\"_blank\" rel=\"noopener\">#RAFASNL<\/a> <a href=\"https:\/\/twitter.com\/hashtag\/Ligue2BKT?src=hash&amp;ref_src=twsrc%5Etfw\" target=\"_blank\" rel=\"noopener\">#Ligue2BKT<\/a> <a href=\"https:\/\/t.co\/CWTJmUJQeh\">pic.twitter.com\/CWTJmUJQeh<\/a><\/p>\n<p>\u2014 AS Nancy-Lorraine (@asnlofficiel) <a href=\"https:\/\/twitter.com\/asnlofficiel\/status\/1954271603446931964?ref_src=twsrc%5Etfw\" target=\"_blank\" rel=\"noopener\">August 9, 2025<\/a><\/p>\n<\/blockquote>\n<p>Du spectacle \u00e0 gogo<\/p>\n<p style=\"text-align: justify;\">En dehors du 0-0 \u00e0 Rodez, une pluie de buts s\u2019est abattue sur les pelouses de Ligue 2 : <strong>27 buts en 8 matchs<\/strong> ! Le 3-3 entre Guingamp et Le Mans avait ouvert la saison sur les chapeaux de roues, et le multiplex du soir a confirm\u00e9 la tendance : 2-2 \u00e0 Dunkerque, 3-3 \u00e0 Laval, 2-1 \u00e0 Troyes\u2026 Et pour terminer en apoth\u00e9ose, un 2-2 \u00e0 Amiens avec un but \u00e9galisateur dans le temps additionnel. Le manque d\u2019automatismes et une condition physique encore \u00e0 peaufiner expliquent cette premi\u00e8re tonitruante. \u00c0 moins que cela devienne une norme ? \u00c0 voir dans les prochaines semaines !<\/p>\n<blockquote class=\"twitter-tweet\">\n<p dir=\"ltr\" lang=\"fr\">D\u00e9j\u00e0 le but de la saison ???? <a href=\"https:\/\/t.co\/f6arUqARO8\">pic.twitter.com\/f6arUqARO8<\/a><\/p>\n<p>\u2014 Ligue 2 BKT (@Ligue2BKT) <a href=\"https:\/\/twitter.com\/Ligue2BKT\/status\/1954664050920411207?ref_src=twsrc%5Etfw\" target=\"_blank\" rel=\"noopener\">August 10, 2025<\/a><\/p>\n<\/blockquote>\n<p>Les Flops<br \/>\nLes rel\u00e9gu\u00e9s tenus en \u00e9chec<\/p>\n<p style=\"text-align: justify;\">Cette saison, trois anciens pensionnaires de Ligue 1 sont en Ligue 2. \u00c0 l\u2019issue de la premi\u00e8re journ\u00e9e, aucun n\u2019est parvenu \u00e0 s\u2019imposer ! \u00c9pouvantail du championnat, <strong>Saint-\u00c9tienne<\/strong> s\u2019est fait surprendre sur la pelouse de <strong>Laval<\/strong>. Si les Verts ont men\u00e9 2-1, puis 3-2, ils ont vu l\u2019\u00e9ternel <strong>Malik Tchokount\u00e9<\/strong> s\u2019offrir un doubl\u00e9 en premi\u00e8re p\u00e9riode pour \u00e9galiser une premi\u00e8re fois, avant qu\u2019<strong>Ethan Clavreul<\/strong> fasse exploser les Mayennais en \u00e9galisant en fin de match, laissant les St\u00e9phanois frustr\u00e9s (3-3). Le<strong> Stade de Reims<\/strong> peut \u00e9galement l\u2019avoir mauvaise en ayant subi l\u2019\u00e9galisation ami\u00e9noise dans le temps additionnel (2-2). Enfin, <strong>Montpellier<\/strong> s\u2019en est bien tir\u00e9 face au <strong>Red Star<\/strong> (1-1) dans une partie plut\u00f4t domin\u00e9e par les Franciliens. Au lendemain d\u2019une saison en enfer, le MHSC ne s\u2019est pas rassur\u00e9.<\/p>\n<p>\n<a href=\"https:\/\/dicodusport.fr\/blog\/offres\/abonnements-sans-pub\/\" target=\"_blank\" rel=\"noopener\"><img loading=\"lazy\" decoding=\"async\" class=\"alignnone size-full wp-image-501284 perfmatters-lazy\" alt=\"\" width=\"1200\" height=\"200\" src=\"https:\/\/www.europesays.com\/fr\/wp-content\/uploads\/2025\/04\/Abonnements-sans-pubs-Dicodusport.png\"\/><\/a><br \/><a href=\"https:\/\/dicodusport.fr\/blog\/offres\/abonnements-sans-pub\/\" target=\"_blank\" rel=\"noopener\"><img loading=\"lazy\" decoding=\"async\" class=\"alignnone size-full wp-image-501296 perfmatters-lazy\" alt=\"\" width=\"400\" height=\"400\" src=\"https:\/\/www.europesays.com\/fr\/wp-content\/uploads\/2025\/04\/Abonnements-sans-pubs-Dicodusport-mobile.png\"\/><\/a><\/p>\n<blockquote class=\"twitter-tweet\">\n<p dir=\"ltr\" lang=\"fr\">\u23f1\ufe0f 90\u2019\u23ae <a href=\"https:\/\/twitter.com\/hashtag\/LAVALASSE?src=hash&amp;ref_src=twsrc%5Etfw\" target=\"_blank\" rel=\"noopener\">#LAVALASSE<\/a><\/p>\n<p>Vous \u00e9tiez 9 461 \u00e0 enflammer Le Basser pour cette premi\u00e8re ! Doubl\u00e9 de Malik Tchokount\u00e9 et \u00e9galisation d\u2019Ethan Clavreul pour d\u00e9crocher un point face \u00e0 Saint-\u00c9tienne ! \ud83e\udde1\ud83d\udda4<\/p>\n<p>3\ufe0f\u20e3-3\ufe0f\u20e3 <a href=\"https:\/\/t.co\/06L3i3IX9i\">pic.twitter.com\/06L3i3IX9i<\/a><\/p>\n<p>\u2014 Stade Lavallois (@stadelavallois) <a href=\"https:\/\/twitter.com\/stadelavallois\/status\/1954270658155753742?ref_src=twsrc%5Etfw\" target=\"_blank\" rel=\"noopener\">August 9, 2025<\/a><\/p>\n<\/blockquote>\n<p>Rayan Lutin lib\u00e8re Amiens<\/p>\n<p style=\"text-align: justify;\">Un match peut basculer sur un seul \u00e9clair de g\u00e9nie. <strong>Reims<\/strong> en a fait l\u2019exp\u00e9rience lundi soir au stade de la Licorne. Rapidement men\u00e9s au score suite \u00e0 un contre son camp du jeune <strong>Patrick Zabi,<\/strong> les Champenois ont \u00e9galis\u00e9 avant la pause, avant que <strong>Hafiz Ibrahim<\/strong> ne leur donne l\u2019avantage \u00e0 la 80\u00e8me minute. Dans la foul\u00e9e, le jeu a longtemps \u00e9t\u00e9 stopp\u00e9 par des petites blessures. Jusqu\u2019\u00e0 ce que fameux \u00e9clair intervienne. Lanc\u00e9 c\u00f4t\u00e9 droit, <strong>Rayan Lutin<\/strong> s\u2019est jou\u00e9 de son d\u00e9fenseur avec \u00e9l\u00e9gance pour ensuite offrir sur un plateau l\u2019\u00e9galisation \u00e0 <strong>Ange Chibozo<\/strong>. <strong>Amiens<\/strong> arrache donc le match nul 2-2, et <strong>Omar Daf<\/strong> peut \u00eatre satisfait de son coaching. <strong>Lutin<\/strong> et <strong>Chibozo<\/strong> \u00e9taient tous les deux entr\u00e9s en jeu un peu plus t\u00f4t.<\/p>\n<p>Grenoble passe au travers<\/p>\n<p style=\"text-align: justify;\">En se d\u00e9pla\u00e7ant \u00e0 <strong>Troyes<\/strong> pour la 1\u00e8re journ\u00e9e, <strong>Grenoble<\/strong> partait d\u00e9j\u00e0 avec un d\u00e9savantage. Quelques semaines plus t\u00f4t, les deux \u00e9quipes s\u2019\u00e9taient affront\u00e9es en pr\u00e9paration, et l\u2019ESTAC avait roul\u00e9 sur la rencontre (5-0). Si le score n\u2019a pas \u00e9t\u00e9 aussi s\u00e9v\u00e8re, le r\u00e9sultat a \u00e9t\u00e9 similaire. Min\u00e9 par l\u2019ouverture du score rapide de <strong>Jaures Assoumou<\/strong>, le GF38 avait \u00e9galis\u00e9 contre le cours du jeu par l\u2019interm\u00e9diaire de<strong> Mamady Bangr\u00e9<\/strong> (34\u00e8me). Mais l\u2019international burkinab\u00e9 a ensuite \u00e9t\u00e9 exclu dans le temps additionnel de la 1\u00e8re p\u00e9riode. \u00c0 10, son \u00e9quipe a ensuite \u00e9t\u00e9 incapable d\u2019inqui\u00e9ter des Troyens qui ont assur\u00e9 la victoire suite \u00e0 un but de <strong>Martin Adeline<\/strong>, trois minutes seulement apr\u00e8s son entr\u00e9e en jeu (75\u00e8me). Une premi\u00e8re \u00e0 oublier.<\/p>\n<blockquote class=\"twitter-tweet\">\n<p dir=\"ltr\" lang=\"fr\">Fin du match nos Grenoblois, en inf\u00e9riorit\u00e9 num\u00e9rique, s\u2019inclinent \u00e0 l\u2019ext\u00e9rieur !<\/p>\n<p>Rendez-vous la semaine prochaine \u00e0 la maison ! \ud83d\udc99<a href=\"https:\/\/twitter.com\/hashtag\/ESTACGF38?src=hash&amp;ref_src=twsrc%5Etfw\" target=\"_blank\" rel=\"noopener\">#ESTACGF38<\/a> <a href=\"https:\/\/t.co\/DkjHJlawjT\">pic.twitter.com\/DkjHJlawjT<\/a><\/p>\n<p>\u2014 Grenoble Foot 38 (@GF38_Officiel) <a href=\"https:\/\/twitter.com\/GF38_Officiel\/status\/1954271096322380012?ref_src=twsrc%5Etfw\" target=\"_blank\" rel=\"noopener\">August 9, 2025<\/a><\/p>\n<\/blockquote>\n<p>D\u00e9j\u00e0 un match en retard<\/p>\n<p style=\"text-align: justify;\">C\u2019est \u00e9videmment le gros point noir de ce d\u00e9but de saison. Comme cela est devenu une triste habitude \u00e0 chaque reprise, l\u2019incertitude a r\u00e9gn\u00e9 jusqu\u2019en d\u00e9but de semaine derni\u00e8re sur l\u2019identit\u00e9 du 18\u00e8me club \u00e0 prendre part au championnat. Ajaccio ayant \u00e9t\u00e9 exclu, <strong>Boulogne<\/strong> a mis la main sur le dernier strapontin, et doit donc se pr\u00e9parer \u00e0 la h\u00e2te, tout en ayant d\u00e9j\u00e0 un match en retard. En effet, la r\u00e9ception de <strong>Bastia<\/strong> a \u00e9t\u00e9 report\u00e9 au 16 septembre prochain. Une premi\u00e8re incongruit\u00e9 qui d\u00e9coule du manque de tranchant dans les d\u00e9cisions des instances au moment de prendre des d\u00e9cisions, et ce alors m\u00eame que la situation de l\u2019ACA \u00e9tait inextricable depuis de longues semaines.<\/p>\n<p>\t\t\t\t\t\t\t\t\t\t\t\t\t<script async src=\"https:\/\/platform.twitter.com\/widgets.js\" charset=\"utf-8\"><\/script><\/p>\n","protected":false},"excerpt":{"rendered":"LIGUE 2 2025-2026 \u2013 Suite \u00e0 deux mois et demi de pause, la Ligue 2 a repris ses&hellip;\n","protected":false},"author":2,"featured_media":314048,"comment_status":"","ping_status":"","sticky":false,"template":"","format":"standard","meta":{"footnotes":""},"categories":[9566],"tags":[1111,11,2430,2113,1777,674,63,1011,27,2731,45358,12,25],"class_list":{"0":"post-314047","1":"post","2":"type-post","3":"status-publish","4":"format-standard","5":"has-post-thumbnail","7":"category-grenoble","8":"tag-actu","9":"tag-actualites","10":"tag-auvergne-rhone-alpes","11":"tag-breve","12":"tag-eu","13":"tag-europe","14":"tag-football","15":"tag-fr","16":"tag-france","17":"tag-grenoble","18":"tag-ligue-2-bkt","19":"tag-news","20":"tag-republique-francaise"},"share_on_mastodon":{"url":"https:\/\/pubeurope.com\/@fr\/115016164050656227","error":""},"_links":{"self":[{"href":"https:\/\/www.europesays.com\/fr\/wp-json\/wp\/v2\/posts\/314047","targetHints":{"allow":["GET"]}}],"collection":[{"href":"https:\/\/www.europesays.com\/fr\/wp-json\/wp\/v2\/posts"}],"about":[{"href":"https:\/\/www.europesays.com\/fr\/wp-json\/wp\/v2\/types\/post"}],"author":[{"embeddable":true,"href":"https:\/\/www.europesays.com\/fr\/wp-json\/wp\/v2\/users\/2"}],"replies":[{"embeddable":true,"href":"https:\/\/www.europesays.com\/fr\/wp-json\/wp\/v2\/comments?post=314047"}],"version-history":[{"count":0,"href":"https:\/\/www.europesays.com\/fr\/wp-json\/wp\/v2\/posts\/314047\/revisions"}],"wp:featuredmedia":[{"embeddable":true,"href":"https:\/\/www.europesays.com\/fr\/wp-json\/wp\/v2\/media\/314048"}],"wp:attachment":[{"href":"https:\/\/www.europesays.com\/fr\/wp-json\/wp\/v2\/media?parent=314047"}],"wp:term":[{"taxonomy":"category","embeddable":true,"href":"https:\/\/www.europesays.com\/fr\/wp-json\/wp\/v2\/categories?post=314047"},{"taxonomy":"post_tag","embeddable":true,"href":"https:\/\/www.europesays.com\/fr\/wp-json\/wp\/v2\/tags?post=314047"}],"curies":[{"name":"wp","href":"https:\/\/api.w.org\/{rel}","templated":true}]}}