{"id":314051,"date":"2025-08-12T14:03:19","date_gmt":"2025-08-12T14:03:19","guid":{"rendered":"https:\/\/www.europesays.com\/fr\/314051\/"},"modified":"2025-08-12T14:03:19","modified_gmt":"2025-08-12T14:03:19","slug":"sur-quelle-chaine-et-a-quelle-heure-regarder-le-match","status":"publish","type":"post","link":"https:\/\/www.europesays.com\/fr\/314051\/","title":{"rendered":"sur quelle chaine et \u00e0 quelle heure regarder le match ?"},"content":{"rendered":"<p>        <a href=\"https:\/\/www.marseillemercato.fr\/wp-content\/uploads\/2023\/03\/rennes-om.jpg\" data-caption=\"Rennes-OM\" rel=\"nofollow noopener\" target=\"_blank\"><img loading=\"lazy\" decoding=\"async\" width=\"696\" height=\"464\" class=\"entry-thumb td-modal-image\" src=\"https:\/\/www.europesays.com\/fr\/wp-content\/uploads\/2025\/08\/rennes-om-696x464.jpg\"   alt=\"Rennes-OM\" title=\"rennes-om\"\/><\/a>Rennes-OM<\/p>\n<p><strong>L\u2019OM lance sa saison de Ligue 1 \u00e0 Rennes vendredi soir. Mais au fait, \u00e0 quelle heure et sur quelle cha\u00eene regarder Rennes-OM ? Comme s\u2019abonner simplement \u00e0 Ligue 1+ et au meilleur prix ? On vous dit tout \u00e7a !<\/strong><\/p>\n<p>Apr\u00e8s une saison 2024\/2025 riche en suspense et en \u00e9motions, l\u2019OM d\u00e9marre l\u2019exercice 2025-2026 \u00e0 Rennes ce vendredi soir face \u00e0 Habib Beye, Valentin Rongier ou encore Quentin Merlin, que des anciens Marseillais.<\/p>\n<p>Rennes-OM diffus\u00e9 sur la cha\u00eene Ligue 1+<\/p>\n<p>Un <strong>match Rennes-OM qui va lancer la saison de Ligue 1 et qui sera le premier diffus\u00e9 sur la nouvelle chaine de la LFP nomm\u00e9e Ligue 1+<\/strong>. Au niveau de l\u2019heure du match, Rennes-OM sera diffus\u00e9 ce vendredi soir \u00e0 partir de 20h45 et il y aura un avant-match de plusieurs minutes.<\/p>\n<p>Comme s\u2019abonner \u00e0 Ligue 1+ et regarder Rennes-OM ?<\/p>\n<p>Si le match Rennes-OM sera diffus\u00e9 sur la chaine Ligue 1+, comment s\u2019abonner \u00e0 cette derni\u00e8re ? Il y a plusieurs moyens, <a href=\"https:\/\/www.marseillemercato.fr\/match\/le-bon-plan-de-dazn-pour-regarder-rennes-om-et-la-ligue-1\/\" rel=\"nofollow noopener\" target=\"_blank\">que nous vous avons r\u00e9sum\u00e9 dans l\u2019article ici<\/a>.<\/p>\n<p>Il est possible de s\u2019abonner soit directement via l\u2019application ou le site de Ligue 1+, soit via votre fournisseur d\u2019acc\u00e8s \u00e0 internet, <strong>soit via un autre distributeur comme DAZN, qui propose une promotion int\u00e9ressante jusqu\u2019au 31 ao\u00fbt<\/strong>.<\/p>\n<p><a href=\"https:\/\/dazn.prf.hn\/click\/camref:1101l3WRYV\/adref:marseillemercato\" rel=\"nofollow noopener\" target=\"_blank\"><img loading=\"lazy\" decoding=\"async\" class=\"size-full wp-image-10071\" src=\"https:\/\/www.europesays.com\/fr\/wp-content\/uploads\/2025\/08\/dazn_ligue1_plus.jpeg\" alt=\"La Ligue 1 disponible encore su DAZN\" width=\"1920\" height=\"1080\"  \/><\/a><\/p>\n<p>Il est ainsi possible de vous abonner \u00e0 Ligue 1+ via DAZN pour\u00a0<strong>9,99 euros par mois pendant 3 mois, puis 14,99 euros par mois<\/strong> (avec engagement d\u2019un an) et cette offre vous permettra aussi de profiter des autres contenus de DAZN, \u00e0 savoir la cr\u00e8me du football italien (Serie A, Coupe d\u2019Italie, Supercoupe d\u2019Italie), le championnat des Pays-Bas, le championnat belge ainsi que la Betclic Elite, le championnat fran\u00e7ais de basket.<\/p>\n<p><a href=\"https:\/\/dazn.prf.hn\/click\/camref:1101l3WRYV\/adref:marseillemercato\" rel=\"nofollow noopener\" target=\"_blank\"><strong>Si cette offre vous int\u00e9resse, elle est disponible jusqu\u2019au 31 ao\u00fbt en cliquant ici<\/strong><\/a> et vous permettra ainsi de regarder le premier match de la saison de Ligue 1 Rennes-OM ce vendredi soir \u00e0 partir de 20h45.<\/p>\n","protected":false},"excerpt":{"rendered":"Rennes-OM L\u2019OM lance sa saison de Ligue 1 \u00e0 Rennes vendredi soir. Mais au fait, \u00e0 quelle heure&hellip;\n","protected":false},"author":2,"featured_media":312468,"comment_status":"","ping_status":"","sticky":false,"template":"","format":"standard","meta":{"footnotes":""},"categories":[2821],"tags":[1111,11,829,1777,674,1011,27,12,584,25],"class_list":{"0":"post-314051","1":"post","2":"type-post","3":"status-publish","4":"format-standard","5":"has-post-thumbnail","7":"category-rennes","8":"tag-actu","9":"tag-actualites","10":"tag-bretagne","11":"tag-eu","12":"tag-europe","13":"tag-fr","14":"tag-france","15":"tag-news","16":"tag-rennes","17":"tag-republique-francaise"},"share_on_mastodon":{"url":"https:\/\/pubeurope.com\/@fr\/115016172006846925","error":""},"_links":{"self":[{"href":"https:\/\/www.europesays.com\/fr\/wp-json\/wp\/v2\/posts\/314051","targetHints":{"allow":["GET"]}}],"collection":[{"href":"https:\/\/www.europesays.com\/fr\/wp-json\/wp\/v2\/posts"}],"about":[{"href":"https:\/\/www.europesays.com\/fr\/wp-json\/wp\/v2\/types\/post"}],"author":[{"embeddable":true,"href":"https:\/\/www.europesays.com\/fr\/wp-json\/wp\/v2\/users\/2"}],"replies":[{"embeddable":true,"href":"https:\/\/www.europesays.com\/fr\/wp-json\/wp\/v2\/comments?post=314051"}],"version-history":[{"count":0,"href":"https:\/\/www.europesays.com\/fr\/wp-json\/wp\/v2\/posts\/314051\/revisions"}],"wp:featuredmedia":[{"embeddable":true,"href":"https:\/\/www.europesays.com\/fr\/wp-json\/wp\/v2\/media\/312468"}],"wp:attachment":[{"href":"https:\/\/www.europesays.com\/fr\/wp-json\/wp\/v2\/media?parent=314051"}],"wp:term":[{"taxonomy":"category","embeddable":true,"href":"https:\/\/www.europesays.com\/fr\/wp-json\/wp\/v2\/categories?post=314051"},{"taxonomy":"post_tag","embeddable":true,"href":"https:\/\/www.europesays.com\/fr\/wp-json\/wp\/v2\/tags?post=314051"}],"curies":[{"name":"wp","href":"https:\/\/api.w.org\/{rel}","templated":true}]}}