{"id":314052,"date":"2025-08-12T14:04:11","date_gmt":"2025-08-12T14:04:11","guid":{"rendered":"https:\/\/www.europesays.com\/fr\/314052\/"},"modified":"2025-08-12T14:04:11","modified_gmt":"2025-08-12T14:04:11","slug":"achenheim-le-chantier-route-de-strasbourg-est-presque-termine-retour-sur-4-ans-de-travaux","status":"publish","type":"post","link":"https:\/\/www.europesays.com\/fr\/314052\/","title":{"rendered":"Achenheim. Le chantier route de Strasbourg est presque termin\u00e9, retour sur 4 ans de travaux"},"content":{"rendered":"<p>Personne ne s\u2019y attendait, <a href=\"https:\/\/www.dna.fr\/transport\/2025\/05\/27\/route-de-strasbourg-c-est-parti-pour-sept-mois-de-travaux\" target=\"_blank\" rel=\"noopener\">la route de Strasbourg refait parler d\u2019elle<\/a>. Tout roulait, aucun retard sur le programme\u2026 Pourtant, mardi\u00a029 et jeudi 31\u00a0juillet, <a href=\"https:\/\/www.dna.fr\/faits-divers-justice\/2025\/07\/31\/nouvelle-fuite-de-gaz-33-personnes-evacuees-dont-des-enfants-d-un-periscolaire\" target=\"_blank\" rel=\"noopener\">une fuite de gaz s\u2019est produite pendant les travaux de voirie<\/a>. 27 \u00e0 30 pompiers, des techniciens gaz arrivent quasi instantan\u00e9ment. Le probl\u00e8me est neutralis\u00e9 rapidement.<\/p>\n<p>Constats et d\u00e9buts<\/p>\n<p>En 2020, la circulation route de Strasbourg, c\u2019\u00e9tait 12\u00a0000 v\u00e9hicules\/jour, du transit surtout, 60\u00a0% de d\u00e9passements de la vitesse autoris\u00e9e \u00e0 40\u00a0km\/h, dans un environnement d\u2019\u00e9coles, gymnase, p\u00e9riscolaire, habitations. La liste men\u00e9e par <a href=\"https:\/\/www.dna.fr\/insolite\/2024\/08\/07\/france-2-diffuse-un-documentaire-sur-le-maire-d-achenheim-coureur-spirituel\" target=\"_blank\" rel=\"noopener\">Valentin Rabot<\/a> \u00ab\u00a0Achenheim 2020, avec vous\u00a0\u00bb y est sensible, programme une piste cyclable d\u00e9di\u00e9e&#8230;.<\/p>\n","protected":false},"excerpt":{"rendered":"Personne ne s\u2019y attendait, la route de Strasbourg refait parler d\u2019elle. Tout roulait, aucun retard sur le programme\u2026&hellip;\n","protected":false},"author":2,"featured_media":314053,"comment_status":"","ping_status":"","sticky":false,"template":"","format":"standard","meta":{"footnotes":""},"categories":[2820],"tags":[24061,1111,11,4749,33,2880,1777,674,107,1011,27,775,12,25,640,3089],"class_list":{"0":"post-314052","1":"post","2":"type-post","3":"status-publish","4":"format-standard","5":"has-post-thumbnail","7":"category-strasbourg","8":"tag-achenheim","9":"tag-actu","10":"tag-actualites","11":"tag-btp-et-chantiers","12":"tag-economie","13":"tag-edition-strasbourg","14":"tag-eu","15":"tag-europe","16":"tag-fil-info","17":"tag-fr","18":"tag-france","19":"tag-grand-est","20":"tag-news","21":"tag-republique-francaise","22":"tag-strasbourg","23":"tag-strasbourg-sud"},"share_on_mastodon":{"url":"https:\/\/pubeurope.com\/@fr\/115016175677830812","error":""},"_links":{"self":[{"href":"https:\/\/www.europesays.com\/fr\/wp-json\/wp\/v2\/posts\/314052","targetHints":{"allow":["GET"]}}],"collection":[{"href":"https:\/\/www.europesays.com\/fr\/wp-json\/wp\/v2\/posts"}],"about":[{"href":"https:\/\/www.europesays.com\/fr\/wp-json\/wp\/v2\/types\/post"}],"author":[{"embeddable":true,"href":"https:\/\/www.europesays.com\/fr\/wp-json\/wp\/v2\/users\/2"}],"replies":[{"embeddable":true,"href":"https:\/\/www.europesays.com\/fr\/wp-json\/wp\/v2\/comments?post=314052"}],"version-history":[{"count":0,"href":"https:\/\/www.europesays.com\/fr\/wp-json\/wp\/v2\/posts\/314052\/revisions"}],"wp:featuredmedia":[{"embeddable":true,"href":"https:\/\/www.europesays.com\/fr\/wp-json\/wp\/v2\/media\/314053"}],"wp:attachment":[{"href":"https:\/\/www.europesays.com\/fr\/wp-json\/wp\/v2\/media?parent=314052"}],"wp:term":[{"taxonomy":"category","embeddable":true,"href":"https:\/\/www.europesays.com\/fr\/wp-json\/wp\/v2\/categories?post=314052"},{"taxonomy":"post_tag","embeddable":true,"href":"https:\/\/www.europesays.com\/fr\/wp-json\/wp\/v2\/tags?post=314052"}],"curies":[{"name":"wp","href":"https:\/\/api.w.org\/{rel}","templated":true}]}}