{"id":314058,"date":"2025-08-12T14:07:26","date_gmt":"2025-08-12T14:07:26","guid":{"rendered":"https:\/\/www.europesays.com\/fr\/314058\/"},"modified":"2025-08-12T14:07:26","modified_gmt":"2025-08-12T14:07:26","slug":"logc-nice-fonce-sur-mahdi-camara","status":"publish","type":"post","link":"https:\/\/www.europesays.com\/fr\/314058\/","title":{"rendered":"l\u2019OGC Nice fonce sur Mahdi Camara"},"content":{"rendered":"<p>Joueur du Stade Brestois, Mahdi Camara est tomb\u00e9 d\u2019accord avec l\u2019OGC Nice et devrait rejoindre les Aiglons pour les quatre prochaines ann\u00e9es.<\/p>\n<p class=\"fig-paragraph\">Milieu de terrain de 27 ans,\u00a0<a href=\"https:\/\/www.lefigaro.fr\/sports\/football\/ligue-1\/fil-info\/saint-Etienne-apres-charles-abi-mahdi-camara-prolonge-1000197\" data-fig-type=\"NewsFlash\" data-gtm-custom-categorie=\"navigation\" data-gtm-custom-action=\"crossclick\" data-gtm-custom-label=\"Contextuel\" data-gtm-event=\"customEventSPE\" data-fig-domain=\"LEFIGARO\" target=\"_blank\" rel=\"noopener\">Mahdi Camara\u00a0<\/a>devrait quitter la Bretagne pour rejoindre le Gym. Selon les informations de\u00a0<a href=\"https:\/\/rmcsport.bfmtv.com\/football\/transferts\/mercato-nice-d-accord-avec-mahdi-camara-les-negociations-continuent-avec-brest_AV-202508120318.html\" target=\"_blank\" rel=\"sponsored noopener\" data-gtm-custom-categorie=\"navigation\" data-gtm-custom-action=\"crossclick\" data-gtm-custom-label=\"Contextuel\" data-gtm-event=\"customEventSPE\">RMC Sport,<\/a>\u00a0un contrat de quatre attend le joueur sur la C\u00f4te d\u2019Azur. Alors que le contrat du joueur au Stade Brestois se termine en 2027, les deux clubs sont en train de n\u00e9gocier pour tenter de trouver un terrain d\u2019entente sur le prix de la transaction.<\/p>\n<p class=\"fig-paragraph\">De son c\u00f4t\u00e9,\u00a0<a href=\"http:\/\/www.lefigaro.fr\/sports\/football\/ligue-des-champions\/ligue-des-champions-il-y-a-toujours-une-place-pour-l-exploit-veut-croire-l-entraineur-de-l-ogc-nice-franck-haise-20250811\" target=\"_blank\" data-fig-type=\"NewsFlash\" rel=\"noopener\" data-gtm-custom-categorie=\"navigation\" data-gtm-custom-action=\"crossclick\" data-gtm-custom-label=\"Contextuel\" data-gtm-event=\"customEventSPE\" data-fig-domain=\"LEFIGARO\">Franck Haise<\/a>\u00a0ne cache pas son enthousiasme \u00e0 l\u2019id\u00e9e d\u2019accueillir le joueur dans son effectif. \u00abC\u2019est un bon joueur, c\u2019est s\u00fbr. Et les bons joueurs sont souvent des bonnes recrues\u00bb a lanc\u00e9 l\u2019entra\u00eeneur ni\u00e7ois alors qu\u2019il \u00e9tait en conf\u00e9rence de presse ce mardi avant le match retour du 3e tour pr\u00e9liminaire de Ligue des champions contre Benfica.<\/p>\n","protected":false},"excerpt":{"rendered":"Joueur du Stade Brestois, Mahdi Camara est tomb\u00e9 d\u2019accord avec l\u2019OGC Nice et devrait rejoindre les Aiglons pour&hellip;\n","protected":false},"author":2,"featured_media":314059,"comment_status":"","ping_status":"","sticky":false,"template":"","format":"standard","meta":{"footnotes":""},"categories":[2819],"tags":[1111,11,3450,1777,674,1011,27,1434,12,2401,2268,882,25],"class_list":{"0":"post-314058","1":"post","2":"type-post","3":"status-publish","4":"format-standard","5":"has-post-thumbnail","7":"category-nice","8":"tag-actu","9":"tag-actualites","10":"tag-brest","11":"tag-eu","12":"tag-europe","13":"tag-fr","14":"tag-france","15":"tag-mercato","16":"tag-news","17":"tag-nice","18":"tag-ogc-nice","19":"tag-provence-alpes-cote-dazur","20":"tag-republique-francaise"},"share_on_mastodon":{"url":"https:\/\/pubeurope.com\/@fr\/115016187560605974","error":""},"_links":{"self":[{"href":"https:\/\/www.europesays.com\/fr\/wp-json\/wp\/v2\/posts\/314058","targetHints":{"allow":["GET"]}}],"collection":[{"href":"https:\/\/www.europesays.com\/fr\/wp-json\/wp\/v2\/posts"}],"about":[{"href":"https:\/\/www.europesays.com\/fr\/wp-json\/wp\/v2\/types\/post"}],"author":[{"embeddable":true,"href":"https:\/\/www.europesays.com\/fr\/wp-json\/wp\/v2\/users\/2"}],"replies":[{"embeddable":true,"href":"https:\/\/www.europesays.com\/fr\/wp-json\/wp\/v2\/comments?post=314058"}],"version-history":[{"count":0,"href":"https:\/\/www.europesays.com\/fr\/wp-json\/wp\/v2\/posts\/314058\/revisions"}],"wp:featuredmedia":[{"embeddable":true,"href":"https:\/\/www.europesays.com\/fr\/wp-json\/wp\/v2\/media\/314059"}],"wp:attachment":[{"href":"https:\/\/www.europesays.com\/fr\/wp-json\/wp\/v2\/media?parent=314058"}],"wp:term":[{"taxonomy":"category","embeddable":true,"href":"https:\/\/www.europesays.com\/fr\/wp-json\/wp\/v2\/categories?post=314058"},{"taxonomy":"post_tag","embeddable":true,"href":"https:\/\/www.europesays.com\/fr\/wp-json\/wp\/v2\/tags?post=314058"}],"curies":[{"name":"wp","href":"https:\/\/api.w.org\/{rel}","templated":true}]}}