{"id":314060,"date":"2025-08-12T14:08:14","date_gmt":"2025-08-12T14:08:14","guid":{"rendered":"https:\/\/www.europesays.com\/fr\/314060\/"},"modified":"2025-08-12T14:08:14","modified_gmt":"2025-08-12T14:08:14","slug":"nantes-au-fil-de-leau-arpentez-les-rivieres-de-loire-atlantique-sur-un-bateau-sans-permis","status":"publish","type":"post","link":"https:\/\/www.europesays.com\/fr\/314060\/","title":{"rendered":"Nantes au fil de l\u2019eau\u00a0: arpentez les rivi\u00e8res de Loire-Atlantique sur un bateau sans permis"},"content":{"rendered":"<p>Que vous soyez des Nantais en qu\u00eate de calme et de soleil ou bien des touristes \u00e0 l\u2019envie de d\u00e9couvrir les rivi\u00e8res de Loire-Atlantique en toute libert\u00e9, la location de bateaux \u00e9lectriques sans permis est un moyen id\u00e9al d\u2019assouvir vos d\u00e9sirs. Avec ses quatre bases nautiques, Ruban vert permet de le faire sur la S\u00e8vre, depuis Vertou, ou sur l\u2019Erdre, depuis l\u2019\u00eele de Versailles, dans le centre-ville de Nantes, mais aussi depuis Suc\u00e9-sur-Erdre et Nort-sur-Erdre.<\/p>\n<p>? <strong>\u00c0 LIRE AUSSI : <\/strong> <strong> <a href=\"https:\/\/nantes.maville.com\/actu\/actudet_-nantes-au-fil-de-l-eau-une-visite-culturelle-et-traditionnelle-de-l-erdre-avec-la-toue-de-nantes-_8-6922855_actu.Htm\" target=\"_blank\" rel=\"noopener\">Nantes au fil de l\u2019eau\u00a0: une visite culturelle et traditionnelle de l\u2019Erdre avec la Toue de Nantes<\/a> <\/strong><\/p>\n<p>La premi\u00e8re base de location de coques de la sorte en France, implant\u00e9e dans la cit\u00e9 des Ducs et au sud Loire voil\u00e0 d\u00e9j\u00e0 trente ans, a \u00e9tendu son activit\u00e9 au fil des ann\u00e9es jusqu\u2019\u00e0 ouvrir son dernier pied-\u00e0-terre \u00e0 Nort-sur-Erdre en 2018. Aujourd\u2019hui, la soci\u00e9t\u00e9 est dirig\u00e9e par trois associ\u00e9s\u00a0: Matthieu Olive, Xavier Guiheneuf et Bastien Aubret, bien aid\u00e9s par une quinzaine de saisonniers durant la p\u00e9riode estivale, de fin mars \u00e0 d\u00e9but novembre. Et le concept pr\u00e9curseur pla\u00eet toujours autant par l\u2019autonomie accord\u00e9e aux locataires, qui peuvent se procurer un bateau de trois \u00e0 neuf places.<\/p>\n<p>\u00ab\u00a0Tout le monde a le droit de piloter, c\u2019est sympa\u00a0\u00bb<\/p>\n<p>Pourtant, plusieurs difficult\u00e9s pourraient perturber l\u2019activit\u00e9 nantaise. \u00a0On est archi m\u00e9t\u00e9o-d\u00e9pendant, rappelle Matthieu Olive. L\u2019ann\u00e9e derni\u00e8re, on a pris cher\u00a0!\u00a0 Et avec l\u2019autonomie compl\u00e8te confi\u00e9e aux visiteurs, difficile de garder un suivi et une ma\u00eetrise totale de la flotte malgr\u00e9 le briefing d\u2019avant d\u00e9part sur les consignes de s\u00e9curit\u00e9 et de navigation \u00e0 respecter. \u00a0Il y a de la casse\u00a0\u00bb, avoue le g\u00e9rant. Mais le choix est assum\u00e9 et pla\u00eet. D\u2019autant que pour \u00e9viter les d\u00e9bordements, \u00e9tant donn\u00e9 le peu de restrictions pouvant entraver la location \u2013 ouverte \u00e0 tout \u00e2ge tant que la personne qui r\u00e9serve est majeure \u2013 une caution a \u00e9t\u00e9 d\u00e9cid\u00e9e, mais uniquement pour les grands mod\u00e8les. \u00a0L\u2019effet dissuasif marche\u00a0\u00bb, se r\u00e9jouit-il.<\/p>\n<p>Toujours est-il que les balades s\u00e9duisent ceux qui s\u2019y sont laiss\u00e9s tenter. Nadia et ses neveux Isaline et Joachim, venus du Morbihan pour la journ\u00e9e, ont \u00e9t\u00e9 conquis par leur excursion d\u2019une heure depuis la base de l\u2019\u00eele de Versailles. \u00a0Tout le monde a le droit de piloter, c\u2019est super sympa\u00a0\u00bb, se r\u00e9jouit la tante. Une exp\u00e9rience de navigation ludique, donc, mais aussi une d\u00e9couverte des paysages de l\u2019Erdre. \u00a0\u00c7a permet de voir Nantes diff\u00e9remment, d\u2019autant plus qu\u2019on a eu de la chance sur la m\u00e9t\u00e9o\u00a0\u00bb, poursuit-elle. Cerise sur le g\u00e2teau\u00a0: un tarif abordable. \u00a0On en a eu pour 27\u00a0\u20ac \u00e0 trois, c\u2019est int\u00e9ressant\u00a0!\u00a0<\/p>\n<p>Pratique\u00a0: r\u00e9servations sur <a href=\"https:\/\/www.location-bateaux-electriques.com\/\" target=\"_blank\" rel=\"noopener\">www.location-bateaux-electriques.com<\/a><\/p>\n<p>\u00a0<\/p>\n","protected":false},"excerpt":{"rendered":"Que vous soyez des Nantais en qu\u00eate de calme et de soleil ou bien des touristes \u00e0 l\u2019envie&hellip;\n","protected":false},"author":2,"featured_media":314061,"comment_status":"","ping_status":"","sticky":false,"template":"","format":"standard","meta":{"footnotes":""},"categories":[2818],"tags":[1111,11,45360,5160,4858,1777,674,1108,1011,27,3047,766,12,2636,9121,25,45361],"class_list":{"0":"post-314060","1":"post","2":"type-post","3":"status-publish","4":"format-standard","5":"has-post-thumbnail","7":"category-nantes","8":"tag-actu","9":"tag-actualites","10":"tag-arpentez","11":"tag-bateau","12":"tag-eau","13":"tag-eu","14":"tag-europe","15":"tag-fil","16":"tag-fr","17":"tag-france","18":"tag-loire-atlantique","19":"tag-nantes","20":"tag-news","21":"tag-pays-de-la-loire","22":"tag-permis","23":"tag-republique-francaise","24":"tag-rivieres"},"share_on_mastodon":{"url":"https:\/\/pubeurope.com\/@fr\/115016191426796881","error":""},"_links":{"self":[{"href":"https:\/\/www.europesays.com\/fr\/wp-json\/wp\/v2\/posts\/314060","targetHints":{"allow":["GET"]}}],"collection":[{"href":"https:\/\/www.europesays.com\/fr\/wp-json\/wp\/v2\/posts"}],"about":[{"href":"https:\/\/www.europesays.com\/fr\/wp-json\/wp\/v2\/types\/post"}],"author":[{"embeddable":true,"href":"https:\/\/www.europesays.com\/fr\/wp-json\/wp\/v2\/users\/2"}],"replies":[{"embeddable":true,"href":"https:\/\/www.europesays.com\/fr\/wp-json\/wp\/v2\/comments?post=314060"}],"version-history":[{"count":0,"href":"https:\/\/www.europesays.com\/fr\/wp-json\/wp\/v2\/posts\/314060\/revisions"}],"wp:featuredmedia":[{"embeddable":true,"href":"https:\/\/www.europesays.com\/fr\/wp-json\/wp\/v2\/media\/314061"}],"wp:attachment":[{"href":"https:\/\/www.europesays.com\/fr\/wp-json\/wp\/v2\/media?parent=314060"}],"wp:term":[{"taxonomy":"category","embeddable":true,"href":"https:\/\/www.europesays.com\/fr\/wp-json\/wp\/v2\/categories?post=314060"},{"taxonomy":"post_tag","embeddable":true,"href":"https:\/\/www.europesays.com\/fr\/wp-json\/wp\/v2\/tags?post=314060"}],"curies":[{"name":"wp","href":"https:\/\/api.w.org\/{rel}","templated":true}]}}