{"id":314066,"date":"2025-08-12T14:11:13","date_gmt":"2025-08-12T14:11:13","guid":{"rendered":"https:\/\/www.europesays.com\/fr\/314066\/"},"modified":"2025-08-12T14:11:13","modified_gmt":"2025-08-12T14:11:13","slug":"a-bordeaux-lepisode-de-canicule-bat-son-plein-43c-ressentis","status":"publish","type":"post","link":"https:\/\/www.europesays.com\/fr\/314066\/","title":{"rendered":"\u00e0 Bordeaux, l\u2019\u00e9pisode de canicule bat son plein, 43\u00b0C ressentis"},"content":{"rendered":"<p><strong>REPORTAGE &#8211;<\/strong> Alors que le thermom\u00e8tre affichait 41,6\u00b0C la veille, les temp\u00e9ratures restent tr\u00e8s \u00e9lev\u00e9es ce mardi avec 43\u00b0C ressentis dans l\u2019apr\u00e8s-midi. Habitants et touristes cherchent le moindre \u00eelot de fra\u00eecheur.<\/p>\n<p class=\"fig-paragraph\">\u00abMaman, on peut rester ici tout l\u2019apr\u00e8s-midi\u00a0?\u00bb L\u2019embl\u00e9matique miroir d\u2019eau du centre-ville de\u00a0<a href=\"https:\/\/www.lefigaro.fr\/bordeaux\/bordeaux-malgre-l-opposition-de-riverains-la-renovation-de-la-place-des-chartrons-en-place-a-l-italienne-se-poursuit-20250812?msockid=258c4318a154643d05395665a0ed65f9\" target=\"_blank\" data-fig-type=\"NewsFlash\" rel=\"sponsored noopener\" data-gtm-custom-categorie=\"navigation\" data-gtm-custom-action=\"crossclick\" data-gtm-custom-label=\"Contextuel\" data-gtm-event=\"customEventSPE\" data-fig-domain=\"LEFIGARO\">Bordeaux<\/a>\u00a0est habituellement le lieu pr\u00e9f\u00e9r\u00e9 des enfants du\u00a0<a href=\"https:\/\/www.lefigaro.fr\/bordeaux\/pourquoi-bordeaux-est-elle-aussi-baptisee-le-port-de-la-lune-20240203?msockid=258c4318a154643d05395665a0ed65f9\" target=\"_blank\" data-fig-type=\"NewsFlash\" rel=\"sponsored noopener\" data-gtm-custom-categorie=\"navigation\" data-gtm-custom-action=\"crossclick\" data-gtm-custom-label=\"Contextuel\" data-gtm-event=\"customEventSPE\" data-fig-domain=\"LEFIGARO\">Port de la Lune<\/a>. Mais, sous le soleil de plomb de ce mardi 12 ao\u00fbt, m\u00eame les adultes n\u2019h\u00e9sitent pas \u00e0 y tremper les pieds pour se rafra\u00eechir. \u00abC\u2019est l\u2019endroit id\u00e9al, mais visiblement, on a tous eu la m\u00eame id\u00e9e\u00bb, sourit Alain, retrait\u00e9. \u00abOn pensait juste rester une petite demi-heure avec les petits-enfants&#8230; \u00c7a fait plus de deux heures qu\u2019on est l\u00e0\u00bb, confesse-t-il, amus\u00e9.<\/p>\n<p class=\"fig-paragraph\">Lundi, Bordeaux a enregistr\u00e9\u00a0<a href=\"https:\/\/www.lefigaro.fr\/meteo\/en-direct-canicule-bordeaux-toulouse-lyon-la-france-fait-face-a-une-vague-de-chaleur-intense-14-departements-en-vigilance-rouge-20250812?msockid=258c4318a154643d05395665a0ed65f9\" target=\"_blank\" data-fig-type=\"Live\" rel=\"sponsored noopener\" data-gtm-custom-categorie=\"navigation\" data-gtm-custom-action=\"crossclick\" data-gtm-custom-label=\"Contextuel\" data-gtm-event=\"customEventSPE\" data-fig-domain=\"LEFIGARO\">la temp\u00e9rature la plus \u00e9lev\u00e9e<\/a>\u00a0de son histoire. \u00c0 16h,\u00a0<a href=\"https:\/\/actualite.lachainemeteo.com\/alerte-meteo\/8684-canicule-de-grande-ampleur-intensite-historique\" target=\"_blank\" rel=\"noopener\" data-gtm-custom-categorie=\"navigation\" data-gtm-custom-action=\"crossclick\" data-gtm-custom-label=\"Contextuel\" data-gtm-event=\"customEventSPE\">La cha\u00eene m\u00e9t\u00e9o*<\/a>\u00a0avait relev\u00e9 41,6\u00b0C, battant ainsi le pr\u00e9c\u00e9dent record de 41,2\u00b0C qui datait du 23 juillet 2019. Cette nouvelle valeur d\u00e9passe \u00e9galement celle de la canicule historique de 2003, o\u00f9 le thermom\u00e8tre avait atteint 40,7\u00b0C.<\/p>\n<p>                                    <a class=\"fig-a11y-skip a11y-hidden\" href=\"#fig-a11y-skip-main-inarticle\"><br \/>\n        Passer la publicit\u00e9<br \/>\n    <\/a><\/p>\n<p>\u00abC\u2019est presque irrespirable\u00bb<\/p>\n<p class=\"fig-paragraph\">Bouteille d\u2019eau, casquette, chapeau, brumisateur&#8230; Les Bordelais et les touristes se sont donc tous \u00e9quip\u00e9s pour lutter contre cette chaleur \u00e9touffante. \u00abOn n\u2019est venus que pour deux jours, alors on n\u2019a pas beaucoup de temps pour visiter. On fait au mieux et on essaie de marcher \u00e0 l\u2019ombre. Et puis d\u00e8s qu\u2019on fatigue ou qu\u2019on a trop chaud, on fait une pause et on s\u2019hydrate\u00bb, nous confie un couple de touristes allemands. D\u2019autres se sont lev\u00e9s plus t\u00f4t que d\u2019habitude. \u00abOn a d\u00e9cid\u00e9 de sortir avec les enfants d\u00e8s 9h ce matin. On va rester dehors jusqu\u2019\u00e0 13h. Apr\u00e8s, quand on approche des 40 degr\u00e9s, ce n\u2019est plus possible pour les enfants, et c\u2019est dangereux\u00bb, explique Priscilla, m\u00e8re de famille. \u00abHier (lundi), on a sorti les enfants au parc de 19h \u00e0 21h\u00bb, raconte-t-elle. Pour faire face \u00e0 cet \u00e9pisode de canicule, la mairie \u00e9cologiste a mis en place des mesures particuli\u00e8res. Les horaires d\u2019ouverture des parcs et jardins sont \u00e9tendus jusqu\u2019\u00e0 23h, tandis que ceux des piscines sont \u00e9largis, jusqu\u2019\u00e0 20h.<\/p>\n<p class=\"fig-paragraph\">Marie, 23 ans et \u00e9tudiante en sociologie, est sortie de son appartement du centre-ville pour d\u00e9guster un caf\u00e9 glac\u00e9. \u00abJe suis oblig\u00e9e d\u2019\u00eatre dehors, parce que mon appartement est sous les toits et qu\u2019il fait encore plus chaud \u00e0 l\u2019int\u00e9rieur qu\u2019\u00e0 l\u2019ext\u00e9rieur. Je vais prendre mon mal en patience. Mais \u00e7a fait trois ans que j\u2019habite \u00e0 Bordeaux, et on n\u2019a jamais vu \u00e7a ici\u00a0!\u00bb Forc\u00e9ment, la jeune femme s\u2019interroge. \u00abC\u2019est presque irrespirable. On a beau se dire que c\u2019est l\u2019\u00e9t\u00e9, \u00e7a n\u2019a plus rien de normal. Parfois, je me dis juste que c\u2019est le signe que le climat est en train de basculer sous nos yeux&#8230; C\u2019est inqui\u00e9tant\u00bb, livre-t-elle.<\/p>\n<p>Un dispositif pour les sans-abri<\/p>\n<p class=\"fig-paragraph\">Dans le centre historique, on aper\u00e7oit des queues de 10 \u00e0 15 m\u00e8tres devant les marchands de glaces. Les parasols sont de sortie sur toutes les terrasses des caf\u00e9s. \u00abD\u00e8s que des clients commandent, ils nous demandent syst\u00e9matiquement une carafe d\u2019eau en plus\u00bb, explique Sofiane, serveur dans un bar, pr\u00e8s de la place Saint-Pierre. \u00abHier (lundi), on a eu du monde le midi, puis \u00e0 partir de 19h. De 15h \u00e0 18h, les rues \u00e9taient d\u00e9sertes\u00bb, affirme le g\u00e9rant d\u2019un bistrot de la place du Parlement.<\/p>\n<p class=\"fig-paragraph\">Pour les plus vuln\u00e9rables, comme les sans-abri, la mairie de Bordeaux a ouvert le centre Jean-Moulin, gr\u00e2ce \u00e0 la mobilisation de la r\u00e9serve citoyenne m\u00e9tropolitaine, en appui de la s\u00e9curit\u00e9 civile et de la Croix-Rouge, ainsi que des partenaires associatifs. Le lieu est naturellement frais gr\u00e2ce \u00e0 ses murs en pierre, et permet d\u2019accueillir les personnes qui recherchent quelques heures de r\u00e9pit. \u00c0 deux pas du centre, juste en face de la mairie, un grand camion blanc de la Croix-Rouge compl\u00e8te le dispositif d\u2019urgence destin\u00e9 aux sans-abri, avec des douches fra\u00eeches install\u00e9es dans le v\u00e9hicule.<\/p>\n<p>Canicule et feux de for\u00eat<\/p>\n<p class=\"fig-paragraph\">Avec ces temp\u00e9ratures exceptionnelles, la surveillance de la baignade \u00e0 Bordeaux-Lac est \u00e9galement prolong\u00e9e jusqu\u2019\u00e0 20h.<\/p>\n<p>                                    <a class=\"fig-a11y-skip a11y-hidden\" href=\"#fig-a11y-skip-main-inarticle_mtf\"><br \/>\n        Passer la publicit\u00e9<br \/>\n    <\/a><\/p>\n<p class=\"fig-paragraph\">Dans le d\u00e9partement, la vague de chaleur a favoris\u00e9 plusieurs incendies de for\u00eat survenus ces derniers jours, notamment \u00e0 Captieux et M\u00e9rignac. Tout le monde, ici, a en t\u00eate les terribles incendies de Landiras, en 2022, o\u00f9 30.000 hectares avaient \u00e9t\u00e9 br\u00fbl\u00e9s. Au vu des conditions m\u00e9t\u00e9orologiques, de l\u2019analyse de l\u2019\u00e9tat de la v\u00e9g\u00e9tation et en concertation avec un comit\u00e9 d\u2019experts, \u00c9tienne Guyot, le pr\u00e9fet de la Gironde, a plac\u00e9 le d\u00e9partement en \u00abVigilance rouge feux de for\u00eat\u00bb, jusqu\u2019\u00e0 mercredi soir.<\/p>\n<p class=\"fig-paragraph\">*La Cha\u00eene m\u00e9t\u00e9o est une propri\u00e9t\u00e9 du Groupe Figaro.<\/p>\n","protected":false},"excerpt":{"rendered":"REPORTAGE &#8211; Alors que le thermom\u00e8tre affichait 41,6\u00b0C la veille, les temp\u00e9ratures restent tr\u00e8s \u00e9lev\u00e9es ce mardi avec&hellip;\n","protected":false},"author":2,"featured_media":314067,"comment_status":"","ping_status":"","sticky":false,"template":"","format":"standard","meta":{"footnotes":""},"categories":[2817],"tags":[1111,11,1997,6698,13208,2883,1777,674,1011,27,12,2219,25],"class_list":{"0":"post-314066","1":"post","2":"type-post","3":"status-publish","4":"format-standard","5":"has-post-thumbnail","7":"category-bordeaux","8":"tag-actu","9":"tag-actualites","10":"tag-bordeaux","11":"tag-canicule","12":"tag-chaleur","13":"tag-ete","14":"tag-eu","15":"tag-europe","16":"tag-fr","17":"tag-france","18":"tag-news","19":"tag-nouvelle-aquitaine","20":"tag-republique-francaise"},"share_on_mastodon":{"url":"https:\/\/pubeurope.com\/@fr\/115016203227576832","error":""},"_links":{"self":[{"href":"https:\/\/www.europesays.com\/fr\/wp-json\/wp\/v2\/posts\/314066","targetHints":{"allow":["GET"]}}],"collection":[{"href":"https:\/\/www.europesays.com\/fr\/wp-json\/wp\/v2\/posts"}],"about":[{"href":"https:\/\/www.europesays.com\/fr\/wp-json\/wp\/v2\/types\/post"}],"author":[{"embeddable":true,"href":"https:\/\/www.europesays.com\/fr\/wp-json\/wp\/v2\/users\/2"}],"replies":[{"embeddable":true,"href":"https:\/\/www.europesays.com\/fr\/wp-json\/wp\/v2\/comments?post=314066"}],"version-history":[{"count":0,"href":"https:\/\/www.europesays.com\/fr\/wp-json\/wp\/v2\/posts\/314066\/revisions"}],"wp:featuredmedia":[{"embeddable":true,"href":"https:\/\/www.europesays.com\/fr\/wp-json\/wp\/v2\/media\/314067"}],"wp:attachment":[{"href":"https:\/\/www.europesays.com\/fr\/wp-json\/wp\/v2\/media?parent=314066"}],"wp:term":[{"taxonomy":"category","embeddable":true,"href":"https:\/\/www.europesays.com\/fr\/wp-json\/wp\/v2\/categories?post=314066"},{"taxonomy":"post_tag","embeddable":true,"href":"https:\/\/www.europesays.com\/fr\/wp-json\/wp\/v2\/tags?post=314066"}],"curies":[{"name":"wp","href":"https:\/\/api.w.org\/{rel}","templated":true}]}}