{"id":314070,"date":"2025-08-12T14:13:18","date_gmt":"2025-08-12T14:13:18","guid":{"rendered":"https:\/\/www.europesays.com\/fr\/314070\/"},"modified":"2025-08-12T14:13:18","modified_gmt":"2025-08-12T14:13:18","slug":"quels-sont-les-records-meteo","status":"publish","type":"post","link":"https:\/\/www.europesays.com\/fr\/314070\/","title":{"rendered":"quels sont les records m\u00e9t\u00e9o\u00a0?"},"content":{"rendered":"<p>            Par<br \/>\n        <strong><br \/>\n            <a href=\"https:\/\/actu.fr\/auteur\/anaelle-montagne\" title=\"Consulter tous les articles de Anaelle Montagne\" target=\"_blank\" rel=\"noopener\">Anaelle Montagne<\/a><br \/>\n        <\/strong><\/p>\n<p>        Publi\u00e9 le<\/p>\n<p>            12 ao\u00fbt 2025 \u00e0 12h13        <\/p>\n<p>Ce lundi 11 ao\u00fbt 2025, le mercure affichait 41,5\u00b0C \u00e0 <strong>Toulouse-Blagnac<\/strong> et m\u00eame 41,8\u00b0C \u00e0 <strong>Toulouse-Francazal<\/strong> dans l\u2019apr\u00e8s-midi. Ce qui en fait \u00ab\u2009la <strong>troisi\u00e8me journ\u00e9e la plus chaude de l\u2019histoire<\/strong>, depuis le d\u00e9but des relev\u00e9s modernes\u2009\u00bb, confirme \u00e0 <a href=\"https:\/\/actu.fr\/toulouse\/\" target=\"_blank\" rel=\"noopener\">Actu Toulouse<\/a> l\u2019un des pr\u00e9visionnistes de M\u00e9t\u00e9o France dans le grand Sud-Ouest, <strong>Jean-Michel Vayssettes<\/strong>. Soit depuis 78\u00a0ans, puisque les premiers relev\u00e9s modernes des bases des stations de <a href=\"https:\/\/actu.fr\/occitanie\/blagnac_31069\" target=\"_blank\" rel=\"noopener\">Blagnac<\/a> et Francazal datent de 1947.<\/p>\n<p class=\" wall-content\">Pas de record battu, donc, mais on s\u2019en approche. Justement, quels sont <strong>les records m\u00e9t\u00e9o<\/strong> \u00e0 Toulouse et de quand datent-ils\u2009?<\/p>\n<p>41,5\u00b0C \u00e0 Toulouse-Blagnac, record \u00e0 42,4\u00b0C<\/p>\n<p class=\" wall-content\">Ce lundi, ce sont pr\u00e9cis\u00e9ment <strong>41,5\u00b0C<\/strong> qui ont \u00e9t\u00e9 enregistr\u00e9s \u00e0 <strong>Toulouse-Blagnac,<\/strong> soit la troisi\u00e8me temp\u00e9rature la plus haute depuis le d\u00e9but des relev\u00e9s dans cette station.<\/p>\n<p class=\" wall-content\">Les deux jours les plus chauds de l\u2019histoire de la Ville rose datent de 2023. Le record absolu de temp\u00e9rature <a href=\"https:\/\/actu.fr\/occitanie\/toulouse_31555\/vigilance-rouge-canicule-le-record-absolu-de-temperature-battu-a-toulouse_59997170.html\" target=\"_blank\" rel=\"noopener\">avait \u00e9t\u00e9 battu le mercredi 23\u00a0ao\u00fbt<\/a>, avec <strong>42,4\u00b0C sous abri mesur\u00e9s<\/strong> \u00e0 la station de Toulouse-Blagnac \u2013 pour rappel, le pr\u00e9c\u00e9dent record datait de 2003, avec 40,7\u00b0 -.\u00a0<\/p>\n<p class=\" wall-content\">Et le lendemain, le 24\u00a0ao\u00fbt 2023 donc, reste <strong>la deuxi\u00e8me journ\u00e9e la plus chaude de l\u2019histoire\u2009<\/strong>: on mesurait 42\u00b0C depuis la m\u00eame station de Toulouse.<\/p>\n<p>41,8\u00b0 \u00e0 Francazal, alors que le 2e jour le plus chaud affichait 41,9\u00b0<\/p>\n<p class=\" wall-content\">Toujours ce lundi 11 ao\u00fbt, dans la seconde station M\u00e9t\u00e9o France toulousaine, \u00e0 Francazal, <strong>41,8\u00b0 ont \u00e9t\u00e9 enregistr\u00e9s<\/strong>. Une temp\u00e9rature extr\u00eamement proche de celle du deuxi\u00e8me jour le plus chaud de l\u2019histoire toulousaine, le 24 ao\u00fbt 2023, o\u00f9 le mercure affichait 41,9\u00b0.<\/p>\n<p>Vid\u00e9os : en ce moment sur Actu<\/p>\n<p class=\" wall-content\">Le record absolu enregistr\u00e9 \u00e0 Francazal datait lui aussi de la veille, le 23 ao\u00fbt 2023, o\u00f9 42,1\u00b0 avaient \u00e9t\u00e9 enregistr\u00e9s.\u00a0<\/p>\n<p>Ce mardi 12\u00a0ao\u00fbt ne devrait pas battre de record<\/p>\n<p class=\" wall-content\">Peut-on s\u2019attendre \u00e0 ce que ce mardi 12\u00a0ao\u00fbt 2025 batte \u00e0 son tour des records\u2009? \u00ab\u2009Pas vraiment\u2009\u00bb, r\u00e9pond le pr\u00e9visionniste de M\u00e9t\u00e9o France. Il pr\u00e9cise que lors du pic de chaleur, attendu dans l\u2019apr\u00e8s-midi, \u00ab\u2009un <strong>l\u00e9ger voile nuageux<\/strong> va venir limiter le rayonnement solaire\u2009\u00bb.<\/p>\n<p class=\" wall-content\">Les temp\u00e9ratures ne devraient <strong>pas d\u00e9passer les 41\u00b0C<\/strong> selon Jean-Michel Vayssettes\u2009; de <strong>premiers orages<\/strong> sont d\u2019ailleurs attendus au sud du d\u00e9partement ce mardi, avant qu\u2019ils ne frappent toute la Haute-Garonne, mercredi 13\u00a0ao\u00fbt.<\/p>\n<p class=\" wall-content\">Suivez toute l\u2019actualit\u00e9 de vos villes et m\u00e9dias favoris en vous inscrivant \u00e0 <a href=\"https:\/\/moncompte.actu.fr\" title=\"D\u00e9couvez Mon Actu\" rel=\"nofollow noopener\" data-trk=\"{&quot;cta&quot;:{&quot;action&quot;:&quot;https:\\\/\\\/moncompte.actu.fr&quot;,&quot;category&quot;:&quot;mon compte&quot;,&quot;from&quot;:&quot;article footer&quot;,&quot;name&quot;:&quot;Mon actu&quot;,&quot;type&quot;:&quot;cta&quot;}}\" target=\"_blank\">Mon Actu<\/a>.<\/p>\n","protected":false},"excerpt":{"rendered":"Par Anaelle Montagne Publi\u00e9 le 12 ao\u00fbt 2025 \u00e0 12h13 Ce lundi 11 ao\u00fbt 2025, le mercure affichait&hellip;\n","protected":false},"author":2,"featured_media":314071,"comment_status":"","ping_status":"","sticky":false,"template":"","format":"standard","meta":{"footnotes":""},"categories":[2816],"tags":[1111,11,6698,1777,674,1011,27,2487,2357,12,2680,25,2312],"class_list":{"0":"post-314070","1":"post","2":"type-post","3":"status-publish","4":"format-standard","5":"has-post-thumbnail","7":"category-toulouse","8":"tag-actu","9":"tag-actualites","10":"tag-canicule","11":"tag-eu","12":"tag-europe","13":"tag-fr","14":"tag-france","15":"tag-meteo","16":"tag-meteo-france","17":"tag-news","18":"tag-occitanie","19":"tag-republique-francaise","20":"tag-toulouse"},"share_on_mastodon":{"url":"https:\/\/pubeurope.com\/@fr\/115016211049222527","error":""},"_links":{"self":[{"href":"https:\/\/www.europesays.com\/fr\/wp-json\/wp\/v2\/posts\/314070","targetHints":{"allow":["GET"]}}],"collection":[{"href":"https:\/\/www.europesays.com\/fr\/wp-json\/wp\/v2\/posts"}],"about":[{"href":"https:\/\/www.europesays.com\/fr\/wp-json\/wp\/v2\/types\/post"}],"author":[{"embeddable":true,"href":"https:\/\/www.europesays.com\/fr\/wp-json\/wp\/v2\/users\/2"}],"replies":[{"embeddable":true,"href":"https:\/\/www.europesays.com\/fr\/wp-json\/wp\/v2\/comments?post=314070"}],"version-history":[{"count":0,"href":"https:\/\/www.europesays.com\/fr\/wp-json\/wp\/v2\/posts\/314070\/revisions"}],"wp:featuredmedia":[{"embeddable":true,"href":"https:\/\/www.europesays.com\/fr\/wp-json\/wp\/v2\/media\/314071"}],"wp:attachment":[{"href":"https:\/\/www.europesays.com\/fr\/wp-json\/wp\/v2\/media?parent=314070"}],"wp:term":[{"taxonomy":"category","embeddable":true,"href":"https:\/\/www.europesays.com\/fr\/wp-json\/wp\/v2\/categories?post=314070"},{"taxonomy":"post_tag","embeddable":true,"href":"https:\/\/www.europesays.com\/fr\/wp-json\/wp\/v2\/tags?post=314070"}],"curies":[{"name":"wp","href":"https:\/\/api.w.org\/{rel}","templated":true}]}}