{"id":314080,"date":"2025-08-12T14:19:23","date_gmt":"2025-08-12T14:19:23","guid":{"rendered":"https:\/\/www.europesays.com\/fr\/314080\/"},"modified":"2025-08-12T14:19:23","modified_gmt":"2025-08-12T14:19:23","slug":"un-jeune-homme-evacue-en-urgence-absolue","status":"publish","type":"post","link":"https:\/\/www.europesays.com\/fr\/314080\/","title":{"rendered":"un jeune homme \u00e9vacu\u00e9 en urgence absolue"},"content":{"rendered":"<p>Un jeune homme de 22 ans a \u00e9t\u00e9 \u00e9vacu\u00e9 en urgence absolue lundi de la plage de l\u2019Atol\u2019au Grand Parc de Miribel-Jonage. Selon les informations du Progr\u00e8s, il se baignait avec des amis \u00e0 la limite de la zone surveill\u00e9e quand il a brusquement disparu vers 17 heures.<\/p>\n<p>En regagnant la plage, ces derniers ont constat\u00e9 qu\u2019il n\u2019\u00e9tait pas avec eux. Ils l\u2019ont cherch\u00e9, en vain. Inquiets, ils ont alors alert\u00e9 l\u2019\u00e9quipe des ma\u00eetres-nageurs qui surveillaient la plage de l\u2019Atol\u2019. Nombreux en ces jours de grosse affluence, les MNS ont inspect\u00e9 la zone o\u00f9 le baigneur \u00e9tait susceptible d\u2019avoir disparu.<\/p>\n<p>Ils l\u2019ont retrouv\u00e9, gisant \u00e0 3 m\u00e8tres de profondeur, inconscient. Le SAMU a r\u00e9ussi \u00e0 le r\u00e9animer. La victime a \u00e9t\u00e9 transport\u00e9e en h\u00e9licopt\u00e8re avec un pronostic vital engag\u00e9.<\/p>\n<p>On ignorait ce mardi son \u00e9tat de sant\u00e9.<\/p>\n<p>L\u2019enqu\u00eate a \u00e9t\u00e9 confi\u00e9e \u00e0 la division Est de la police nationale qui sera charg\u00e9e de d\u00e9terminer les circonstances et les causes de ce drame et sa localisation pr\u00e9cise.<\/p>\n<p>Ce contenu est bloqu\u00e9 car vous n&rsquo;avez pas accept\u00e9 les cookies et autres traceurs.<\/p>\n<p>En cliquant sur \u00ab J\u2019accepte \u00bb, les cookies et autres traceurs seront d\u00e9pos\u00e9s et vous pourrez visualiser les contenus  (<a href=\"\" class=\"consentModule_policy\" target=\"_blank\" title=\"Consulter la politique de protection des donn\u00e9es du fournisseur\">plus d&rsquo;informations<\/a>).<\/p>\n<p>En cliquant sur \u00ab J\u2019accepte tous les cookies \u00bb, vous autorisez des d\u00e9p\u00f4ts de cookies et autres traceurs pour le stockage de vos donn\u00e9es sur nos sites et applications \u00e0 des fins de personnalisation et de ciblage publicitaire.<\/p>\n<p class=\"consentModule_secondaryText\">Vous gardez la possibilit\u00e9 de retirer votre consentement \u00e0 tout moment en consultant notre <a href=\"https:\/\/www.leprogres.fr\/protection-des-donnees\" target=\"_blank\" title=\"Consulter notre politique de protection des donn\u00e9es\" rel=\"noopener\">politique de protection des donn\u00e9es<\/a>. <br \/>&#13;<br \/>\n            <a href=\"https:\/\/www.leprogres.fr\/faits-divers-justice\/2025\/08\/12\/javascript:Didomi.notice.show()\" class=\"consentModule_cmp\" target=\"_blank\" rel=\"noopener\">G\u00e9rer mes choix<\/a>&#13;\n        <\/p>\n<p>&#13;<br \/>\n                        J&rsquo;accepte&#13;<br \/>\n            J&rsquo;accepte tous les cookies&#13;\n        <\/p>\n<p>  Noyade mortelle en juin<\/p>\n<p><a href=\"https:\/\/www.leprogres.fr\/faits-divers-justice\/2025\/06\/23\/jeune-homme-mort-noye-a-miribel-jonage-un-malaise-cardiaque-serait-en-cause\" target=\"_blank\" rel=\"noopener\">Le 22\u00a0juin, un jeune homme de 25 ans est mort noy\u00e9<\/a> dans une zone non surveill\u00e9e et non visible par les services de s\u00e9curit\u00e9. Il se baignait en dehors de la plage du Morlet. Un malaise cardiaque pourrait \u00eatre \u00e0 l\u2019origine de la noyade.<\/p>\n<p>Selon Sant\u00e9 publique France, 702 noyades ont eu lieu en France dont 193 suivies de d\u00e9c\u00e8s (soit une proportion de noyades suivies de d\u00e9c\u00e8s de 27\u00a0%) entre le 1er\u00a0juin et le 23\u00a0juillet 2025.<\/p>\n<p>Ce nombre est en forte augmentation par rapport \u00e0 2024 pour la m\u00eame p\u00e9riode et il concerne toutes les classes d\u2019\u00e2ge.<\/p>\n<p>L\u2019an dernier, toujours selon le bilan de Sant\u00e9 publique France, 29 noyades avaient \u00e9t\u00e9 recens\u00e9es entre le 1er juin et le 30 septembre dans le d\u00e9partement du Rh\u00f4ne contre 11 dans l\u2019Ain, 10 dans la Loire et aucune en Haute-Loire.<\/p>\n","protected":false},"excerpt":{"rendered":"Un jeune homme de 22 ans a \u00e9t\u00e9 \u00e9vacu\u00e9 en urgence absolue lundi de la plage de l\u2019Atol\u2019au&hellip;\n","protected":false},"author":2,"featured_media":314081,"comment_status":"","ping_status":"","sticky":false,"template":"","format":"standard","meta":{"footnotes":""},"categories":[1889],"tags":[119,1111,11,2738,2430,3152,2757,1777,674,274,107,1011,27,2428,2756,12,25,2429,5070],"class_list":{"0":"post-314080","1":"post","2":"type-post","3":"status-publish","4":"format-standard","5":"has-post-thumbnail","7":"category-lyon","8":"tag-accident","9":"tag-actu","10":"tag-actualites","11":"tag-ain","12":"tag-auvergne-rhone-alpes","13":"tag-edition-est-lyonnais","14":"tag-edition-lyon-villeurbanne","15":"tag-eu","16":"tag-europe","17":"tag-faits-divers-justice","18":"tag-fil-info","19":"tag-fr","20":"tag-france","21":"tag-lyon","22":"tag-lyon-bassin","23":"tag-news","24":"tag-republique-francaise","25":"tag-rhone","26":"tag-vaulx-en-velin"},"share_on_mastodon":{"url":"https:\/\/pubeurope.com\/@fr\/115016234680518901","error":""},"_links":{"self":[{"href":"https:\/\/www.europesays.com\/fr\/wp-json\/wp\/v2\/posts\/314080","targetHints":{"allow":["GET"]}}],"collection":[{"href":"https:\/\/www.europesays.com\/fr\/wp-json\/wp\/v2\/posts"}],"about":[{"href":"https:\/\/www.europesays.com\/fr\/wp-json\/wp\/v2\/types\/post"}],"author":[{"embeddable":true,"href":"https:\/\/www.europesays.com\/fr\/wp-json\/wp\/v2\/users\/2"}],"replies":[{"embeddable":true,"href":"https:\/\/www.europesays.com\/fr\/wp-json\/wp\/v2\/comments?post=314080"}],"version-history":[{"count":0,"href":"https:\/\/www.europesays.com\/fr\/wp-json\/wp\/v2\/posts\/314080\/revisions"}],"wp:featuredmedia":[{"embeddable":true,"href":"https:\/\/www.europesays.com\/fr\/wp-json\/wp\/v2\/media\/314081"}],"wp:attachment":[{"href":"https:\/\/www.europesays.com\/fr\/wp-json\/wp\/v2\/media?parent=314080"}],"wp:term":[{"taxonomy":"category","embeddable":true,"href":"https:\/\/www.europesays.com\/fr\/wp-json\/wp\/v2\/categories?post=314080"},{"taxonomy":"post_tag","embeddable":true,"href":"https:\/\/www.europesays.com\/fr\/wp-json\/wp\/v2\/tags?post=314080"}],"curies":[{"name":"wp","href":"https:\/\/api.w.org\/{rel}","templated":true}]}}