{"id":314084,"date":"2025-08-12T14:21:12","date_gmt":"2025-08-12T14:21:12","guid":{"rendered":"https:\/\/www.europesays.com\/fr\/314084\/"},"modified":"2025-08-12T14:21:12","modified_gmt":"2025-08-12T14:21:12","slug":"pollution-a-lozone-les-automobilistes-invites-a-reduire-leur-vitesse-ce-mercredi","status":"publish","type":"post","link":"https:\/\/www.europesays.com\/fr\/314084\/","title":{"rendered":"Pollution \u00e0 l\u2019ozone\u00a0: les automobilistes invit\u00e9s \u00e0 r\u00e9duire leur vitesse ce mercredi"},"content":{"rendered":"<p class=\"paragraph text_align_left lp-f-body-02\">C\u2019\u00e9tait \u00e0 pr\u00e9voir\u2026 La persistance des fortes chaleurs de ces derniers jours combin\u00e9e \u00e0 une absence de vent devrait entra\u00eener un pic de pollution \u00e0 l\u2019ozone sur l\u2019ensemble de l\u2019Ile-de-France, ce mercredi. Airparif &#8211; l\u2019organisme r\u00e9gional de surveillance de la qualit\u00e9 de l\u2019air &#8211; pr\u00e9voit que les taux d\u2019ozone en suspension pourraient d\u00e9passer le niveau de 180 microgrammes par m\u00e8tre cube d\u2019air \u00ab pendant au moins une heure \u00bb durant la journ\u00e9e.<\/p>\n<p class=\"paragraph text_align_left lp-f-body-02\">C\u2019est ce seuil qui entra\u00eene le d\u00e9clenchement du dispositif \u00ab d\u2019information \u00bb du public. A la diff\u00e9rence des proc\u00e9dures mises en \u0153uvre en cas de d\u00e9passement des seuils d\u2019alerte aux diff\u00e9rents polluants, l\u2019activation du dispositif d\u2019information ne se traduit pas par des mesures contraignantes\u2026 Mais seulement par des recommandations. Du moins dans un premier temps.<\/p>\n<p class=\"paragraph text_align_left lp-f-body-02\">Du point de vue sanitaire, l\u2019ARS (agence r\u00e9gionale de sant\u00e9) invite les Franciliens, notamment les personnes fragiles ou vuln\u00e9rables, \u00e0 privil\u00e9gier les sorties br\u00e8ves, en dehors des heures d\u2019ensoleillement maximum. Les activit\u00e9s physiques intenses en ext\u00e9rieur sont \u00e9galement vivement d\u00e9conseill\u00e9es durant toute la dur\u00e9e du pic de pollution.<\/p>\n<p class=\"paragraph text_align_left lp-f-body-02\">Consid\u00e9r\u00e9 comme un polluant \u00ab secondaire \u00bb, l\u2019ozone n\u2019est pas directement produit par les activit\u00e9s humaines. Il se forme par la d\u00e9gradation, sous l\u2019effet du rayonnement solaire, d\u2019autres polluants. Et en particulier les oxydes d\u2019azote notamment \u00e9mis par les moteurs thermiques. Dans la foul\u00e9e des recommandations \u00e9mises d\u00e8s ce mardi matin par l\u2019ARS, la pr\u00e9fecture de police de Paris devrait diffuser dans la journ\u00e9e une s\u00e9rie de recommandations destin\u00e9es aux usagers de la route.<\/p>\n<p class=\"paragraph text_align_left lp-f-body-02\">La premi\u00e8re d\u2019entre elles \u00e9tant de diff\u00e9rer les d\u00e9placements routiers non n\u00e9cessaires et de privil\u00e9gier le covoiturage ou l\u2019usage de v\u00e9hicules non polluant. Autre mesure pour r\u00e9duire le taux de polluants : les usagers de la route devraient \u00eatre invit\u00e9s \u00e0 r\u00e9duire leur vitesse de 20 km\/h par rapport aux vitesses normales autoris\u00e9es mercredi. Le recours au t\u00e9l\u00e9travail ou \u00e0 l\u2019usage des transports en commun, sera par ailleurs recommand\u00e9.<\/p>\n<p class=\"paragraph text_align_left lp-f-body-02\">Selon les estimations d\u2019Airparif, la pollution \u00e0 l\u2019ozone devrait se \u00ab stabiliser \u00bb \u00e0 partir de jeudi, ce qui devrait permettre d\u2019\u00e9viter la mise en place de \u00ab mesures restrictives de r\u00e9duction des \u00e9missions de polluants \u00bb. La <a href=\"https:\/\/www.leparisien.fr\/info-paris-ile-de-france-oise\/transports\/pollution-de-lair-la-circulation-differenciee-mise-en-place-samedi-en-ile-de-france-25-03-2022-HQKV7XCZNFA4DMRB7SOP4UPOZ4.php\" target=\"_self\" rel=\"noopener\">circulation diff\u00e9renci\u00e9e<\/a> (l\u2019interdiction de circuler pour les v\u00e9hicules non class\u00e9s Crit\u2019Air O, 1 ou 2) en fait partie. Ce dispositif est automatiquement activ\u00e9 en cas de d\u00e9passement des seuils d\u2019alerte ou de d\u00e9passement pendant plusieurs jours cons\u00e9cutifs des seuils d\u2019information. Il avait \u00e9t\u00e9 mis en place pour la derni\u00e8re fois, en r\u00e9gion parisienne, il y a \u00e0 peine plus d\u2019un mois (le mardi 1er juillet) apr\u00e8s un d\u00e9passement du seuil d\u2019information \u00e0 l\u2019ozone, plusieurs jours de suite.<\/p>\n","protected":false},"excerpt":{"rendered":"C\u2019\u00e9tait \u00e0 pr\u00e9voir\u2026 La persistance des fortes chaleurs de ces derniers jours combin\u00e9e \u00e0 une absence de vent&hellip;\n","protected":false},"author":2,"featured_media":314085,"comment_status":"","ping_status":"","sticky":false,"template":"","format":"standard","meta":{"footnotes":""},"categories":[1592],"tags":[1111,11,1777,674,1011,27,662,1944,12,626,25,2382],"class_list":{"0":"post-314084","1":"post","2":"type-post","3":"status-publish","4":"format-standard","5":"has-post-thumbnail","7":"category-ile-de-france","8":"tag-actu","9":"tag-actualites","10":"tag-eu","11":"tag-europe","12":"tag-fr","13":"tag-france","14":"tag-ile-de-france","15":"tag-ma-ville","16":"tag-news","17":"tag-paris","18":"tag-republique-francaise","19":"tag-transport-idf-oise"},"share_on_mastodon":{"url":"https:\/\/pubeurope.com\/@fr\/115016242551930409","error":""},"_links":{"self":[{"href":"https:\/\/www.europesays.com\/fr\/wp-json\/wp\/v2\/posts\/314084","targetHints":{"allow":["GET"]}}],"collection":[{"href":"https:\/\/www.europesays.com\/fr\/wp-json\/wp\/v2\/posts"}],"about":[{"href":"https:\/\/www.europesays.com\/fr\/wp-json\/wp\/v2\/types\/post"}],"author":[{"embeddable":true,"href":"https:\/\/www.europesays.com\/fr\/wp-json\/wp\/v2\/users\/2"}],"replies":[{"embeddable":true,"href":"https:\/\/www.europesays.com\/fr\/wp-json\/wp\/v2\/comments?post=314084"}],"version-history":[{"count":0,"href":"https:\/\/www.europesays.com\/fr\/wp-json\/wp\/v2\/posts\/314084\/revisions"}],"wp:featuredmedia":[{"embeddable":true,"href":"https:\/\/www.europesays.com\/fr\/wp-json\/wp\/v2\/media\/314085"}],"wp:attachment":[{"href":"https:\/\/www.europesays.com\/fr\/wp-json\/wp\/v2\/media?parent=314084"}],"wp:term":[{"taxonomy":"category","embeddable":true,"href":"https:\/\/www.europesays.com\/fr\/wp-json\/wp\/v2\/categories?post=314084"},{"taxonomy":"post_tag","embeddable":true,"href":"https:\/\/www.europesays.com\/fr\/wp-json\/wp\/v2\/tags?post=314084"}],"curies":[{"name":"wp","href":"https:\/\/api.w.org\/{rel}","templated":true}]}}