{"id":314086,"date":"2025-08-12T14:22:10","date_gmt":"2025-08-12T14:22:10","guid":{"rendered":"https:\/\/www.europesays.com\/fr\/314086\/"},"modified":"2025-08-12T14:22:10","modified_gmt":"2025-08-12T14:22:10","slug":"le-corps-sans-vie-dune-femme-nue-retrouve-enferme-dans-un-cagibi-a-paris","status":"publish","type":"post","link":"https:\/\/www.europesays.com\/fr\/314086\/","title":{"rendered":"Le corps sans vie d&rsquo;une femme nue retrouv\u00e9 enferm\u00e9 dans un cagibi \u00e0 Paris"},"content":{"rendered":"<p>            Par<br \/>\n        <strong><br \/>\n            <a href=\"https:\/\/actu.fr\/auteur\/ines-cussac-actu-fr\" title=\"Consulter tous les articles de In\u00e8s Cussac\" rel=\"nofollow noopener\" target=\"_blank\">In\u00e8s Cussac<\/a><br \/>\n        <\/strong><\/p>\n<p>        Publi\u00e9 le<\/p>\n<p>            12 ao\u00fbt 2025 \u00e0 15h29        <\/p>\n<p>Une femme d\u00e9nud\u00e9e a \u00e9t\u00e9 retrouv\u00e9e morte dans les combles d\u2019un immeuble \u00e0 Paris. Selon une information du <a href=\"https:\/\/www.leparisien.fr\/faits-divers\/paris-une-femme-denudee-retrouvee-morte-dans-un-cagibi-de-4-m2-12-08-2025-PCT4YW66HBDALK2ZZ6REZI3TTY.php\" rel=\"nofollow noopener\" target=\"_blank\">Parisien<\/a>, confirm\u00e9e ce mardi 12\u00a0ao\u00fbt 2025 aupr\u00e8s d\u2019actu Paris, une enqu\u00eate a \u00e9t\u00e9 ouverte par le parquet de <a href=\"https:\/\/actu.fr\/paris\/\" rel=\"nofollow noopener\" target=\"_blank\">Paris<\/a> et confi\u00e9e au commissariat du 10e arrondissement. Les enqu\u00eateurs vont devoir d\u00e9terminer les causes de <strong>la mort de cette femme de 50\u00a0ans<\/strong>, d\u00e9couverte dans un cagibi de 4\u00a0m\u00e8tres carr\u00e9s, sans fen\u00eatre ni a\u00e9ration et <strong>ferm\u00e9 de l\u2019ext\u00e9rieur<\/strong>.<\/p>\n<p class=\" wall-content\">Aucune trace suspecte ou de violence n\u2019a \u00e9t\u00e9 trouv\u00e9e en premier lieu par la police mais une autopsie va \u00eatre pratiqu\u00e9e \u00e0 l\u2019Institut m\u00e9dico-l\u00e9gal.<\/p>\n<p>Tout juste expuls\u00e9e de l\u2019immeuble<\/p>\n<p class=\" wall-content\">La macabre d\u00e9couverte remonte \u00e0 lundi 11\u00a0ao\u00fbt, vers 17h40. C\u2019est le propri\u00e9taire du cagibi de 80 centim\u00e8tres de hauteur qui a donn\u00e9 l\u2019alerte aux secours et aux policiers. Selon les premiers \u00e9l\u00e9ments de l\u2019enqu\u00eate, <strong>il connaissait la quinquag\u00e9naire<\/strong> et lui avait propos\u00e9 de la loger apr\u00e8s que celle-ci a \u00e9t\u00e9 expuls\u00e9e de l\u2019immeuble.<\/p>\n<p class=\" wall-content\">Suivez toute l\u2019actualit\u00e9 de vos villes et m\u00e9dias favoris en vous inscrivant \u00e0 <a href=\"https:\/\/moncompte.actu.fr\" title=\"D\u00e9couvez Mon Actu\" rel=\"nofollow noopener\" data-trk=\"{&quot;cta&quot;:{&quot;action&quot;:&quot;https:\\\/\\\/moncompte.actu.fr&quot;,&quot;category&quot;:&quot;mon compte&quot;,&quot;from&quot;:&quot;article footer&quot;,&quot;name&quot;:&quot;Mon actu&quot;,&quot;type&quot;:&quot;cta&quot;}}\" target=\"_blank\">Mon Actu<\/a>.<\/p>\n","protected":false},"excerpt":{"rendered":"Par In\u00e8s Cussac Publi\u00e9 le 12 ao\u00fbt 2025 \u00e0 15h29 Une femme d\u00e9nud\u00e9e a \u00e9t\u00e9 retrouv\u00e9e morte dans&hellip;\n","protected":false},"author":2,"featured_media":314087,"comment_status":"","ping_status":"","sticky":false,"template":"","format":"standard","meta":{"footnotes":""},"categories":[1888],"tags":[1111,1928,11,1927,1777,674,118,1011,27,12,1926,626,1925,1072,25],"class_list":{"0":"post-314086","1":"post","2":"type-post","3":"status-publish","4":"format-standard","5":"has-post-thumbnail","7":"category-paris","8":"tag-actu","9":"tag-actu-paris","10":"tag-actualites","11":"tag-actualites-paris","12":"tag-eu","13":"tag-europe","14":"tag-faits-divers","15":"tag-fr","16":"tag-france","17":"tag-news","18":"tag-news-paris","19":"tag-paris","20":"tag-paris-news","21":"tag-police","22":"tag-republique-francaise"},"share_on_mastodon":{"url":"https:\/\/pubeurope.com\/@fr\/115016246464385410","error":""},"_links":{"self":[{"href":"https:\/\/www.europesays.com\/fr\/wp-json\/wp\/v2\/posts\/314086","targetHints":{"allow":["GET"]}}],"collection":[{"href":"https:\/\/www.europesays.com\/fr\/wp-json\/wp\/v2\/posts"}],"about":[{"href":"https:\/\/www.europesays.com\/fr\/wp-json\/wp\/v2\/types\/post"}],"author":[{"embeddable":true,"href":"https:\/\/www.europesays.com\/fr\/wp-json\/wp\/v2\/users\/2"}],"replies":[{"embeddable":true,"href":"https:\/\/www.europesays.com\/fr\/wp-json\/wp\/v2\/comments?post=314086"}],"version-history":[{"count":0,"href":"https:\/\/www.europesays.com\/fr\/wp-json\/wp\/v2\/posts\/314086\/revisions"}],"wp:featuredmedia":[{"embeddable":true,"href":"https:\/\/www.europesays.com\/fr\/wp-json\/wp\/v2\/media\/314087"}],"wp:attachment":[{"href":"https:\/\/www.europesays.com\/fr\/wp-json\/wp\/v2\/media?parent=314086"}],"wp:term":[{"taxonomy":"category","embeddable":true,"href":"https:\/\/www.europesays.com\/fr\/wp-json\/wp\/v2\/categories?post=314086"},{"taxonomy":"post_tag","embeddable":true,"href":"https:\/\/www.europesays.com\/fr\/wp-json\/wp\/v2\/tags?post=314086"}],"curies":[{"name":"wp","href":"https:\/\/api.w.org\/{rel}","templated":true}]}}