{"id":314088,"date":"2025-08-12T14:23:10","date_gmt":"2025-08-12T14:23:10","guid":{"rendered":"https:\/\/www.europesays.com\/fr\/314088\/"},"modified":"2025-08-12T14:23:10","modified_gmt":"2025-08-12T14:23:10","slug":"paris-condamne-la-mort-de-journalistes-a-gaza-et-appelle-israel-a-garantir-un-acces-sur-aux-medias","status":"publish","type":"post","link":"https:\/\/www.europesays.com\/fr\/314088\/","title":{"rendered":"Paris Condamne La Mort De Journalistes \u00c0 Gaza Et Appelle Isra\u00ebl \u00c0 Garantir Un Acc\u00e8s S\u00fbr Aux M\u00e9dias"},"content":{"rendered":"<p class=\"\" data-is=\"component-paragraph\">La France a d\u00e9nonc\u00e9 mardi le \u00ab lourd tribut pay\u00e9 par les journalistes \u00bb locaux \u00e0 Gaza et exhort\u00e9 Isra\u00ebl \u00e0 garantir un acc\u00e8s \u00ab s\u00fbr et sans entrave \u00bb aux journalistes internationaux. \u00ab Ils doivent pouvoir travailler librement et ind\u00e9pendamment pour documenter la r\u00e9alit\u00e9 du conflit \u00bb, a d\u00e9clar\u00e9 Pascal Confavreux, porte-parole adjoint du Quai d\u2019Orsay.<\/p>\n<p class=\"\" data-is=\"component-paragraph\">Paris a condamn\u00e9 la frappe isra\u00e9lienne ayant tu\u00e9, dans la nuit de dimanche \u00e0 lundi, une \u00e9quipe d\u2019Al Jazeera \u00ab dans l\u2019exercice de leur mission d\u2019information \u00bb, dont le terroriste Anas al-Sharif.<\/p>\n<p class=\"\" data-is=\"component-paragraph\">\u00ab Les journalistes ne doivent jamais \u00eatre pris pour cibles \u00bb, a rappel\u00e9 le Quai d\u2019Orsay, soulignant leur protection par le droit international humanitaire. Benjamin Netanyahou a assur\u00e9 avoir ordonn\u00e9 d\u2019autoriser davantage de journalistes \u00e9trangers \u00e0 travailler dans Gaza, sous contr\u00f4le de l\u2019arm\u00e9e, mais sans pr\u00e9ciser de calendrier.<\/p>\n","protected":false},"excerpt":{"rendered":"La France a d\u00e9nonc\u00e9 mardi le \u00ab lourd tribut pay\u00e9 par les journalistes \u00bb locaux \u00e0 Gaza et&hellip;\n","protected":false},"author":2,"featured_media":314089,"comment_status":"","ping_status":"","sticky":false,"template":"","format":"standard","meta":{"footnotes":""},"categories":[1888],"tags":[1111,1928,11,1927,1777,674,1011,27,12,1926,626,1925,25],"class_list":{"0":"post-314088","1":"post","2":"type-post","3":"status-publish","4":"format-standard","5":"has-post-thumbnail","7":"category-paris","8":"tag-actu","9":"tag-actu-paris","10":"tag-actualites","11":"tag-actualites-paris","12":"tag-eu","13":"tag-europe","14":"tag-fr","15":"tag-france","16":"tag-news","17":"tag-news-paris","18":"tag-paris","19":"tag-paris-news","20":"tag-republique-francaise"},"share_on_mastodon":{"url":"https:\/\/pubeurope.com\/@fr\/115016250375701119","error":""},"_links":{"self":[{"href":"https:\/\/www.europesays.com\/fr\/wp-json\/wp\/v2\/posts\/314088","targetHints":{"allow":["GET"]}}],"collection":[{"href":"https:\/\/www.europesays.com\/fr\/wp-json\/wp\/v2\/posts"}],"about":[{"href":"https:\/\/www.europesays.com\/fr\/wp-json\/wp\/v2\/types\/post"}],"author":[{"embeddable":true,"href":"https:\/\/www.europesays.com\/fr\/wp-json\/wp\/v2\/users\/2"}],"replies":[{"embeddable":true,"href":"https:\/\/www.europesays.com\/fr\/wp-json\/wp\/v2\/comments?post=314088"}],"version-history":[{"count":0,"href":"https:\/\/www.europesays.com\/fr\/wp-json\/wp\/v2\/posts\/314088\/revisions"}],"wp:featuredmedia":[{"embeddable":true,"href":"https:\/\/www.europesays.com\/fr\/wp-json\/wp\/v2\/media\/314089"}],"wp:attachment":[{"href":"https:\/\/www.europesays.com\/fr\/wp-json\/wp\/v2\/media?parent=314088"}],"wp:term":[{"taxonomy":"category","embeddable":true,"href":"https:\/\/www.europesays.com\/fr\/wp-json\/wp\/v2\/categories?post=314088"},{"taxonomy":"post_tag","embeddable":true,"href":"https:\/\/www.europesays.com\/fr\/wp-json\/wp\/v2\/tags?post=314088"}],"curies":[{"name":"wp","href":"https:\/\/api.w.org\/{rel}","templated":true}]}}