{"id":314096,"date":"2025-08-12T14:27:12","date_gmt":"2025-08-12T14:27:12","guid":{"rendered":"https:\/\/www.europesays.com\/fr\/314096\/"},"modified":"2025-08-12T14:27:12","modified_gmt":"2025-08-12T14:27:12","slug":"soutien-a-lukraine-laide-militaire-europeenne-superieure-a-celle-des-etats-unis","status":"publish","type":"post","link":"https:\/\/www.europesays.com\/fr\/314096\/","title":{"rendered":"Soutien \u00e0 l&rsquo;Ukraine : l&rsquo;aide militaire europ\u00e9enne sup\u00e9rieure \u00e0 celle des \u00c9tats-Unis"},"content":{"rendered":"<ul class=\"jsx-862013697 ArticleChapo__List\">\n<li class=\"jsx-862013697 ArticleChapo__List_Item flex\">L&rsquo;aide militaire europ\u00e9enne \u00e0 l&rsquo;Ukraine d\u00e9passe celle des \u00c9tats-Unis, note le Kiel Institute.<\/li>\n<li class=\"jsx-862013697 ArticleChapo__List_Item flex\">L&rsquo;autre information relev\u00e9e par l&rsquo;institut de recherche allemand est que l&rsquo;industrie europ\u00e9enne commence \u00e0 jouer son r\u00f4le.<\/li>\n<li class=\"jsx-862013697 ArticleChapo__List_Item flex\">Une \u00e9tude qui confirme le d\u00e9sengagement am\u00e9ricain et la mont\u00e9e en puissance europ\u00e9enne.<\/li>\n<\/ul>\n<p><a href=\"https:\/\/www.tf1info.fr\/actualite\/guerre-ukraine-russie-une-rencontre-donald-trump-vladimir-poutine-historique-le-vendredi-15-aout-2025-en-alaska-sans-volodymyr-zelensky-14326\/\" rel=\"noopener\" class=\"jsx-484472199 Link jsx-1428418400 jsx-554215408\" target=\"_blank\"><\/p>\n<p style=\"font-weight:400\" class=\"jsx-1837267516\">Suivez la couverture compl\u00e8te<\/p>\n<p style=\"font-weight:800\" class=\"jsx-1837267516\">Ukraine : une rencontre cruciale Trump-Poutine le 15 ao\u00fbt, sans Zelensky ?<\/p>\n<p><\/a><\/p>\n<p data-module=\"article-paragraph\" class=\"jsx-3046738180 Paragraph\">L&rsquo;Europe a encore accru son <a href=\"https:\/\/www.tf1info.fr\/international\/video-lci-guerre-en-ukraine-comment-l-europe-a-pallie-la-baisse-des-aides-americaines-a-kiev-2377930.html\" target=\"_blank\" rel=\"noopener\">aide militaire \u00e0 l&rsquo;Ukraine (nouvelle fen\u00eatre)<\/a> en mai et juin 2025, inversement aux \u00c9tats-Unis, et s&rsquo;appuie de plus en plus sur son industrie de d\u00e9fense plut\u00f4t que sur les stocks existants d&rsquo;armement, <a href=\"https:\/\/5siut.r.sp1-brevo.net\/mk\/mr\/sh\/1t6AVsd2XFnIGLo4ReRdnJQ1JEGH6x\/fkMn-dF7pBRM\" target=\"_blank\" rel=\"nofollow noopener\">a indiqu\u00e9 ce mardi (nouvelle fen\u00eatre)<\/a> l&rsquo;institut de recherche allemand Kiel Institute.<\/p>\n<p data-module=\"article-paragraph\" class=\"jsx-3046738180 Paragraph Paragraph__End\">Les Europ\u00e9ens, Royaume-Uni compris, ont allou\u00e9 \u00e0 l&rsquo;Ukraine, en don ou en pr\u00eat, 80,5 milliards d&rsquo;euros au total d&rsquo;aide militaire entre le d\u00e9but de la guerre en 2022 et fin juin 2025, contre 64,6 milliards pour les \u00c9tats-Unis. Selon l&rsquo;institut, le cumul de l&rsquo;aide militaire europ\u00e9enne avait d\u00e9pass\u00e9 les \u00c9tats-Unis au printemps, pour la premi\u00e8re fois depuis juin 2022. Un croisement des courbes qui intervient alors que l&rsquo;Am\u00e9rique de Donald Trump confirme son d\u00e9sengagement progressif du conflit ukrainien, et que l&rsquo;Europe monte en puissance depuis le retour de celui-ci \u00e0 la Maison Blanche.<\/p>\n<p>L&rsquo;industrie de d\u00e9fense prend le relais<\/p>\n<p data-module=\"article-paragraph\" class=\"jsx-3046738180 Paragraph\">\u00ab\u00a0Une importante part des armes fournies ne provient plus des stocks, mais directement de l&rsquo;industrie de d\u00e9fense\u00a0\u00bb, note le Kiel Institute, un des \u00ab\u00a0think-tank\u00a0\u00bb \u00e9conomiques ind\u00e9pendants les plus suivis dans le monde. D\u00e9sormais, les contrats pass\u00e9s par les Europ\u00e9ens \u00e0 l&rsquo;industrie d\u00e9passent les commandes des \u00c9tats-Unis, \u00ab\u00a0marquant un net basculement du recours aux arsenaux vers la <a href=\"https:\/\/www.tf1info.fr\/international\/guerre-ukraine-russie-defense-europeenne-europe-plus-de-800-milliards-d-euros-le-plan-de-la-commission-europeenne-pour-rearmer-l-europe-2357359.html\" target=\"_blank\" rel=\"noopener\">production industrielle<\/a>\u00ab\u00a0, explique Taro Nishikawa, responsable du \u00ab\u00a0Ukraine Support Tracker\u00a0\u00bb, l&rsquo;indice de suivi du centre de recherche. L&rsquo;expert indique toutefois que l&rsquo;industrie europ\u00e9enne d&rsquo;armement va devoir devenir assez forte pour tenir ces promesses.<\/p>\n<p data-module=\"article-paragraph\" class=\"jsx-3046738180 Paragraph Paragraph__End\">En mai et juin, l&rsquo;Europe a allou\u00e9 un total de 10,5 milliards d&rsquo;euros d&rsquo;aide militaire \u00e0 l&rsquo;Ukraine : l&rsquo;Allemagne y a consacr\u00e9 un paquet d&rsquo;aides de 5 milliards d&rsquo;euros, suivie par la Norv\u00e8ge avec 1,5 milliard et la Belgique avec 1,2 milliard. Les Pays-Bas, le Royaume-Uni et le Danemark ont chacun allou\u00e9 entre 500 et 600 millions d&rsquo;euros. Au moins 4,6 milliards d&rsquo;euros de l&rsquo;aide militaire europ\u00e9enne, soit 44% du total de mai et juin, prennent la forme de contrats d&rsquo;approvisionnement, pass\u00e9s principalement avec des entreprises de d\u00e9fense bas\u00e9es en Europe, notamment en Ukraine, selon le Kiel Institute.\u00a0<\/p>\n<blockquote class=\"jsx-2786790838 Quote__Text\"><p>Si les Europ\u00e9ens veulent prendre le relais et acheter les armes aux fabricants am\u00e9ricains, nous n&rsquo;y voyons pas d&rsquo;inconv\u00e9nient.<\/p><\/blockquote>\n<p>J.D. Vance, vice-pr\u00e9sident des \u00c9tats-Unis<\/p>\n<p data-module=\"article-paragraph\" class=\"jsx-3046738180 Paragraph Paragraph__End\">Dans le m\u00eame temps, Washington a approuv\u00e9 d&rsquo;importantes exportations d&rsquo;armes vers l&rsquo;Ukraine en mai, mais pas sous forme d&rsquo;aide militaire au sens du Kiel Institute, puisqu&rsquo;il s&rsquo;agit d&rsquo;achats que Kiev doit financer elle-m\u00eame.\u00a0<\/p>\n<p data-module=\"article-paragraph\" class=\"jsx-3046738180 Paragraph\">Les \u00c9tats-Unis \u00e9taient les principaux pourvoyeurs d&rsquo;aide \u00e0 l&rsquo;Ukraine avant le retour \u00e0 la Maison Blanche, le 20 janvier, de Donald Trump, qui a rompu avec la strat\u00e9gie de soutien de Joe Biden. \u00ab\u00a0Je pense que (&#8230;) nous en avons fini avec le financement de cette guerre en Ukraine\u00a0\u00bb a\u00a0d\u00e9clar\u00e9 le vice-pr\u00e9sident am\u00e9ricain JD Vance ce dimanche sur la cha\u00eene conservatrice Fox News. \u00ab\u00a0Si les Europ\u00e9ens veulent prendre le relais et acheter les armes aux fabricants am\u00e9ricains, nous n&rsquo;y voyons pas d&rsquo;inconv\u00e9nient\u00a0\u00bb, a-t-il ajout\u00e9. En clair, l&rsquo;administration conservatrice am\u00e9ricaine n&rsquo;a pas d&rsquo;objection \u00e0 fournir des armes aux Ukrainiens, mais pas gratuitement.<\/p>\n<p data-module=\"article-paragraph\" class=\"jsx-3046738180 Paragraph Paragraph__End\">Dans le camp europ\u00e9en, la tendance est inverse. En mars dernier, la pr\u00e9sidente de la Commission europ\u00e9enne, Ursula von der Leyen, avait lanc\u00e9 un <a href=\"https:\/\/www.tf1info.fr\/international\/guerre-ukraine-russie-defense-europeenne-europe-plus-de-800-milliards-d-euros-le-plan-de-la-commission-europeenne-pour-rearmer-l-europe-2357359.html\" target=\"_blank\" rel=\"noopener\">plan \u00e0 800 milliards<\/a> pour \u00ab\u00a0r\u00e9armer l&rsquo;Europe\u00a0\u00bb, annonc\u00e9 dans la foul\u00e9e de la d\u00e9sastreuse rencontre du pr\u00e9sident ukrainien avec Donald Trump \u00e0 la Maison Blanche, qui avait <a href=\"https:\/\/www.tf1info.fr\/international\/guerre-ukraine-russie-rearmer-l-europe-les-dirigeants-des-27-approuvent-le-plan-pour-muscler-la-defense-europeenne-2357930.html\" target=\"_blank\" rel=\"noopener\">confirm\u00e9 aux plus sceptiques<\/a> que les \u00c9tats-Unis \u00e9taient sur le point d&rsquo;abandonner leurs alli\u00e9s historiques face \u00e0 la guerre en Ukraine.\u00a0<\/p>\n<p data-module=\"article-paragraph\" class=\"jsx-3046738180 Paragraph Paragraph__End\">L&rsquo;\u00e9tude du Kiel Institute estime toutefois que le niveau d&rsquo;investissement europ\u00e9en va \u00eatre difficile \u00e0 tenir sur le long terme, et que la tendance enregistr\u00e9e demande confirmation.<\/p>\n<p><a href=\"https:\/\/www.tf1info.fr\/economie\/emplois-exportations-clients-que-represente-l-industrie-francaise-de-l-armement-2360652.html\" rel=\"noopener\" class=\"jsx-3308031228 Link flex\" target=\"_blank\"><img decoding=\"async\" src=\"https:\/\/www.europesays.com\/fr\/wp-content\/uploads\/2025\/08\/jt13h-armement-france-mars-2025-7ffb17-0@1x.jpeg\" alt=\"TF1\" loading=\"lazy\" importance=\"low\" fetchpriority=\"low\" class=\"\" aria-hidden=\"true\"\/><\/p>\n<p class=\"jsx-3657663356 ReadMoreArticle__Title\">Lire aussi<\/p>\n<p class=\"jsx-3657663356\">Emplois, exportations, clients&#8230; que repr\u00e9sente l&rsquo;industrie fran\u00e7aise de l&rsquo;armement ?<\/p>\n<p><\/a><\/p>\n<p data-module=\"article-paragraph\" class=\"jsx-3046738180 Paragraph Paragraph__End\">Donald Trump et son homologue russe Vladimir Poutine doivent se retrouver en Alaska ce vendredi 15 ao\u00fbt pour \u00e9voquer, selon le pr\u00e9sident am\u00e9ricain, un possible accord pr\u00e9voyant \u00ab\u00a0des \u00e9changes de territoires\u00a0\u00bb, pour mettre fin \u00e0 la guerre qui s\u00e9vit en Ukraine depuis l&rsquo;invasion de la Russie il y a plus de trois ans.\u00a0Un sommet qui se tiendra sans Volodymyr Zelensky, ni les alli\u00e9s europ\u00e9ens de l&rsquo;Ukraine.<\/p>\n<p>F.Se avec AFP<\/p>\n","protected":false},"excerpt":{"rendered":"L&rsquo;aide militaire europ\u00e9enne \u00e0 l&rsquo;Ukraine d\u00e9passe celle des \u00c9tats-Unis, note le Kiel Institute. L&rsquo;autre information relev\u00e9e par l&rsquo;institut&hellip;\n","protected":false},"author":2,"featured_media":314097,"comment_status":"","ping_status":"","sticky":false,"template":"","format":"standard","meta":{"footnotes":""},"categories":[1590],"tags":[1111,11,1921,5925,75,1777,674,1922,12,8200,2543,45201,220,45200,2544,133,1920],"class_list":{"0":"post-314096","1":"post","2":"type-post","3":"status-publish","4":"format-standard","5":"has-post-thumbnail","7":"category-ukraine","8":"tag-actu","9":"tag-actualites","10":"tag-article-video","11":"tag-conflits-et-guerre","12":"tag-donald-trump","13":"tag-eu","14":"tag-europe","15":"tag-info","16":"tag-news","17":"tag-politique-et-crise-dun-pays-etranger","18":"tag-relations-internationales","19":"tag-sans-zelensky","20":"tag-ukraine","21":"tag-ukraine-une-rencontre-cruciale-trump-poutine-le-15-aout","22":"tag-ursula-von-der-leyen","23":"tag-video","24":"tag-video-international"},"share_on_mastodon":{"url":"https:\/\/pubeurope.com\/@fr\/115016266225806104","error":""},"_links":{"self":[{"href":"https:\/\/www.europesays.com\/fr\/wp-json\/wp\/v2\/posts\/314096","targetHints":{"allow":["GET"]}}],"collection":[{"href":"https:\/\/www.europesays.com\/fr\/wp-json\/wp\/v2\/posts"}],"about":[{"href":"https:\/\/www.europesays.com\/fr\/wp-json\/wp\/v2\/types\/post"}],"author":[{"embeddable":true,"href":"https:\/\/www.europesays.com\/fr\/wp-json\/wp\/v2\/users\/2"}],"replies":[{"embeddable":true,"href":"https:\/\/www.europesays.com\/fr\/wp-json\/wp\/v2\/comments?post=314096"}],"version-history":[{"count":0,"href":"https:\/\/www.europesays.com\/fr\/wp-json\/wp\/v2\/posts\/314096\/revisions"}],"wp:featuredmedia":[{"embeddable":true,"href":"https:\/\/www.europesays.com\/fr\/wp-json\/wp\/v2\/media\/314097"}],"wp:attachment":[{"href":"https:\/\/www.europesays.com\/fr\/wp-json\/wp\/v2\/media?parent=314096"}],"wp:term":[{"taxonomy":"category","embeddable":true,"href":"https:\/\/www.europesays.com\/fr\/wp-json\/wp\/v2\/categories?post=314096"},{"taxonomy":"post_tag","embeddable":true,"href":"https:\/\/www.europesays.com\/fr\/wp-json\/wp\/v2\/tags?post=314096"}],"curies":[{"name":"wp","href":"https:\/\/api.w.org\/{rel}","templated":true}]}}