{"id":314098,"date":"2025-08-12T14:28:15","date_gmt":"2025-08-12T14:28:15","guid":{"rendered":"https:\/\/www.europesays.com\/fr\/314098\/"},"modified":"2025-08-12T14:28:15","modified_gmt":"2025-08-12T14:28:15","slug":"e-j-antoni-leconomiste-conservateur-a-la-tete-du-bureau-des-statistiques","status":"publish","type":"post","link":"https:\/\/www.europesays.com\/fr\/314098\/","title":{"rendered":"E.J. Antoni, l\u2019\u00e9conomiste conservateur \u00e0 la t\u00eate du bureau des statistiques"},"content":{"rendered":"<p>Il l&rsquo;a promis et il l&rsquo;a fait. Donald Trump a nomm\u00e9 lundi le nouveau chef de l&rsquo;agence de statistiques \u00e9conomiques de l&#8217;emploi (le BLS) des \u00c9tats-Unis : E.J. Antoni. Ce dernier est l&rsquo;actuel chef \u00e9conomiste de la Heritage Foundation, un centre de r\u00e9flexion conservateur.<\/p>\n<p>\u00ab\u00a0Notre \u00e9conomie est en plein essor, et E.J. veillera \u00e0 ce que les chiffres publi\u00e9s soient HONN\u00caTES et EXACTS\u00a0\u00bb, a comment\u00e9 le pr\u00e9sident am\u00e9ricain sur le r\u00e9seau Truth social. Son choix devra n\u00e9anmoins \u00eatre valid\u00e9 par le S\u00e9nat, o\u00f9 les r\u00e9publicains disposent de la majorit\u00e9.<\/p>\n<p>E.J. Antoni est titulaire d&rsquo;un doctorat en \u00e9conomie et a \u00e9t\u00e9 auparavant \u00e9conomiste \u00e0 la Texas Public Policy Foundation, un autre think tank am\u00e9ricain conservateur. Nul doute qu&rsquo;il corresponde \u00e0 la ligne id\u00e9ologique de Trump puisque l&rsquo;\u00e9conomiste a d\u00e9j\u00e0 publi\u00e9 sur le site du centre de r\u00e9flexion des articles en faveur de la politique du pr\u00e9sident am\u00e9ricain.<\/p>\n<p>Mais par-dessus tout, il s&rsquo;est d\u00e9j\u00e0 montr\u00e9 critique envers le BLS, notamment l&rsquo;ann\u00e9e derni\u00e8re dans un article d&rsquo;opinion du New York Post. \u00ab\u00a0Le d\u00e9partement du Travail de Biden-Harris semble exister dans un monde imaginaire\u00a0\u00bb, avait-il alors \u00e9crit. L&rsquo;\u00e9conomiste en chef avait, par ailleurs, particip\u00e9 au \u00ab\u00a0Projet 2025\u00a0\u00bb de la Heritage Foundation, un ensemble de pr\u00e8s de 1000 pages de propositions politiques conservatrices pour r\u00e9former le gouvernement am\u00e9ricain.<\/p>\n<p>Des chiffres \u00ab\u00a0truqu\u00e9s\u00a0\u00bb<\/p>\n<p>Cette nomination intervient apr\u00e8s le renvoi par le pr\u00e9sident am\u00e9ricain d&rsquo;Erika McEntarfer, l&rsquo;\u00e9conomiste qui dirigeait l&rsquo;institution depuis d\u00e9but 2024. Donald Trump lui a reproch\u00e9 d&rsquo;avoir manipul\u00e9 les chiffres de l&#8217;emploi \u00e0 des fins politiques. \u00ab\u00a0\u00c0 mon avis, les chiffres de l&#8217;emploi publi\u00e9s ont \u00e9t\u00e9 truqu\u00e9s, afin de nuire \u00e0 l&rsquo;image des r\u00e9publicains et \u00e0 la mienne\u00a0\u00bb,\u00a0avait-il ainsi d\u00e9clar\u00e9 d\u00e9but ao\u00fbt sur son r\u00e9seau Truth Social.<\/p>\n<p>Les chiffres de l&#8217;emploi sortis \u00e9taient, en effet, moroses. Mais ce sont surtout les r\u00e9visions des chiffres de cr\u00e9ations d&#8217;emplois en mai et en juin qui ne sont pas pass\u00e9es aupr\u00e8s du pr\u00e9sident. L&rsquo;agence de statistiques avait annonc\u00e9 \u00e0 l&rsquo;origine 139\u00a0000 emplois cr\u00e9\u00e9s en mai, un chiffre revu \u00e0 19\u00a0000&#8230; Pareil pour le mois de juin, o\u00f9 les cr\u00e9ations d&#8217;emplois sont pass\u00e9es de 147\u00a0000 \u00e0&#8230; 14\u00a0000. Si l&rsquo;ampleur des \u00e9carts entre les chiffres a fait tiquer de nombreux observateurs, ce n&rsquo;est pas une grande premi\u00e8re. Le bureau des statistiques collecte les donn\u00e9es sur l&#8217;emploi sous forme d&rsquo;enqu\u00eate, mais ils ne re\u00e7oivent pas toujours \u00e0 temps les r\u00e9ponses des entreprises.<\/p>\n<p>Pour d\u00e9cr\u00e9dibiliser jusqu&rsquo;au bout le BLS, Trump a pr\u00e9sent\u00e9 jeudi dernier une tout autre version des statistiques sur l&#8217;emploi \u00e0 la Maison-Blanche, en pr\u00e9sence de Stephen Moore, un autre \u00e9conomiste conservateur de la Heritage Foundation. Ce dernier a ainsi d\u00e9clar\u00e9 que \u00ab\u00a0durant les deux derni\u00e8res ann\u00e9es du gouvernement de Joe Biden, le Bureau des statistiques de l&#8217;emploi (BLS) avait surestim\u00e9 les cr\u00e9ations d&#8217;emploi de 1,5 million d&rsquo;unit\u00e9s\u00a0\u00bb.<\/p>\n<p>Une institution ind\u00e9pendante<\/p>\n<p>Cette nomination, critiqu\u00e9e par les \u00e9conomistes, risque de poser probl\u00e8me alors que le BLS est r\u00e9put\u00e9 pour son ind\u00e9pendance. En outre, ses publications sont suivies de pr\u00e8s par les march\u00e9s financiers du monde entier, qui ont besoin de donn\u00e9es objectives. Le renvoi d&rsquo;Erika McEntarfer avait d\u00e9j\u00e0 provoqu\u00e9 le courroux de nombreux \u00e9conomistes. William Beach, l&rsquo;ancien commissaire du BLS, avait notamment affirm\u00e9 que cela nuirait \u00e0 la \u00ab\u00a0cr\u00e9dibilit\u00e9\u00a0\u00bb de l&rsquo;agence.\u00a0Le\u00a0<a href=\"https:\/\/www.friendsofbls.org\/updates\/2025\/8\/1\/statement-on-commissioner-mcentarfers-removal\" target=\"_blank\" rel=\"noopener\">NABE<\/a>, une association am\u00e9ricaine d&rsquo;\u00e9conomistes, avait d\u00e9nonc\u00e9 des \u00ab\u00a0attaques sans pr\u00e9c\u00e9dent du pr\u00e9sident contre l&rsquo;ind\u00e9pendance et l&rsquo;int\u00e9grit\u00e9 du syst\u00e8me statistique f\u00e9d\u00e9ral\u00a0\u00bb.<\/p>\n<p>Par ailleurs, le bureau des statistiques fait face \u00e0 de nombreux d\u00e9fis. Il lutte pour r\u00e9colter assez de donn\u00e9es, et le manque de personnel de plus en plus important pourrait aussi \u00e0 terme r\u00e9duire la qualit\u00e9 des publications.\u00a0\u00ab Les r\u00e9visions importantes apport\u00e9es aux chiffres de l&#8217;emploi ces derni\u00e8res ann\u00e9es ne refl\u00e8tent pas une manipulation, mais plut\u00f4t la diminution des ressources allou\u00e9es aux agences statistiques \u00bb, a aussi estim\u00e9 le\u00a0<a href=\"https:\/\/www.friendsofbls.org\/updates\/2025\/8\/1\/statement-on-commissioner-mcentarfers-removal\" target=\"_blank\" rel=\"noopener\">NABE<\/a>. Des d\u00e9fis auxquelles va \u00e9galement devoir faire face E.J. Antoni.<\/p>\n","protected":false},"excerpt":{"rendered":"Il l&rsquo;a promis et il l&rsquo;a fait. Donald Trump a nomm\u00e9 lundi le nouveau chef de l&rsquo;agence de&hellip;\n","protected":false},"author":2,"featured_media":314099,"comment_status":"","ping_status":"","sticky":false,"template":"","format":"standard","meta":{"footnotes":""},"categories":[1589],"tags":[17,11,45363,12544,45365,45362,33,73,1866,45364,12,17643,1864,1865,1863,308],"class_list":{"0":"post-314098","1":"post","2":"type-post","3":"status-publish","4":"format-standard","5":"has-post-thumbnail","7":"category-etats-unis","8":"tag-17","9":"tag-actualites","10":"tag-antoni","11":"tag-bureau","12":"tag-conservateur","13":"tag-e-j","14":"tag-economie","15":"tag-etats-unis","16":"tag-etats-unis-damerique","17":"tag-leconomiste","18":"tag-news","19":"tag-tete","20":"tag-united-states","21":"tag-united-states-of-america","22":"tag-us","23":"tag-usa"},"share_on_mastodon":{"url":"https:\/\/pubeurope.com\/@fr\/115016270445589082","error":""},"_links":{"self":[{"href":"https:\/\/www.europesays.com\/fr\/wp-json\/wp\/v2\/posts\/314098","targetHints":{"allow":["GET"]}}],"collection":[{"href":"https:\/\/www.europesays.com\/fr\/wp-json\/wp\/v2\/posts"}],"about":[{"href":"https:\/\/www.europesays.com\/fr\/wp-json\/wp\/v2\/types\/post"}],"author":[{"embeddable":true,"href":"https:\/\/www.europesays.com\/fr\/wp-json\/wp\/v2\/users\/2"}],"replies":[{"embeddable":true,"href":"https:\/\/www.europesays.com\/fr\/wp-json\/wp\/v2\/comments?post=314098"}],"version-history":[{"count":0,"href":"https:\/\/www.europesays.com\/fr\/wp-json\/wp\/v2\/posts\/314098\/revisions"}],"wp:featuredmedia":[{"embeddable":true,"href":"https:\/\/www.europesays.com\/fr\/wp-json\/wp\/v2\/media\/314099"}],"wp:attachment":[{"href":"https:\/\/www.europesays.com\/fr\/wp-json\/wp\/v2\/media?parent=314098"}],"wp:term":[{"taxonomy":"category","embeddable":true,"href":"https:\/\/www.europesays.com\/fr\/wp-json\/wp\/v2\/categories?post=314098"},{"taxonomy":"post_tag","embeddable":true,"href":"https:\/\/www.europesays.com\/fr\/wp-json\/wp\/v2\/tags?post=314098"}],"curies":[{"name":"wp","href":"https:\/\/api.w.org\/{rel}","templated":true}]}}