{"id":314100,"date":"2025-08-12T14:29:11","date_gmt":"2025-08-12T14:29:11","guid":{"rendered":"https:\/\/www.europesays.com\/fr\/314100\/"},"modified":"2025-08-12T14:29:11","modified_gmt":"2025-08-12T14:29:11","slug":"un-vaste-trafic-de-drogue-demantele-grace-a-des-videos-de-perroquet","status":"publish","type":"post","link":"https:\/\/www.europesays.com\/fr\/314100\/","title":{"rendered":"Un vaste trafic de drogue d\u00e9mantel\u00e9 gr\u00e2ce \u00e0\u2026 des vid\u00e9os de perroquet"},"content":{"rendered":"<p>Quinze personnes derri\u00e8re les barreaux \u00e0 cause d\u2019un <a href=\"https:\/\/www.20minutes.fr\/dossier\/oiseau\" class=\"color-ultramarine c-link\" target=\"_blank\" rel=\"noopener\">oiseau<\/a>. La police du\u00a0Lancashire (<a href=\"https:\/\/www.20minutes.fr\/monde\/royaume-uni\/\" class=\"color-ultramarine c-link\" target=\"_blank\" rel=\"noopener\">Royaume-Uni<\/a>) a r\u00e9cemment d\u00e9mantel\u00e9 un r\u00e9seau de <a href=\"https:\/\/www.20minutes.fr\/dossier\/trafic_de_drogue\" class=\"color-ultramarine c-link\" target=\"_blank\" rel=\"noopener\">trafic de drogue<\/a> qui op\u00e9rait dans la ville de Blackpool, notamment gr\u00e2ce \u00e0\u2026 un <a href=\"https:\/\/www.20minutes.fr\/dossier\/perroquet\" class=\"color-ultramarine c-link\" target=\"_blank\" rel=\"noopener\">perroquet<\/a>.<\/p>\n<p>L\u2019homme qui g\u00e9rait le r\u00e9seau purgeait d\u00e9j\u00e0 une peine de 15 ans de prison quand l\u2019enqu\u00eate a d\u00e9marr\u00e9, explique <a href=\"https:\/\/news.lancashire.police.uk\/news\/2025\/august\/gang-who-ran-drugs-line-from-prison-for-more-than-103-years\/\" target=\"_blank\" class=\"color-ultramarine c-link\" rel=\"noopener\">un communiqu\u00e9 de la police<\/a> publi\u00e9 le 4\u00a0ao\u00fbt. Une fouille dans sa cellule a permis de d\u00e9couvrir plusieurs <a href=\"https:\/\/www.20minutes.fr\/dossier\/telephone\" class=\"color-ultramarine c-link\" target=\"_blank\" rel=\"noopener\">t\u00e9l\u00e9phones portables<\/a> qui lui avaient permis de continuer \u00e0 g\u00e9rer le trafic, m\u00eame incarc\u00e9r\u00e9, entre f\u00e9vrier\u00a02023 et juillet\u00a02024.<\/p>\n<p>19 ans de prison suppl\u00e9mentaires<\/p>\n<p>Sur les <a href=\"https:\/\/www.20minutes.fr\/high-tech\/smartphone\/\" class=\"color-ultramarine c-link\" target=\"_blank\" rel=\"noopener\">smartphones<\/a> se trouvaient des <a href=\"https:\/\/www.20minutes.fr\/dossier\/video\" class=\"color-ultramarine c-link\" target=\"_blank\" rel=\"noopener\">vid\u00e9os<\/a> d\u2019un perroquet criant \u00e0 plusieurs reprises \u00ab\u00a0deux pour 25, deux pour 25\u00a0\u00bb comme s\u2019il annon\u00e7ait des tarifs. Sur d\u2019autres, <a href=\"https:\/\/www.20minutes.fr\/planete\/animaux\/\" class=\"color-ultramarine c-link\" target=\"_blank\" rel=\"noopener\">l\u2019oiseau<\/a> jouait avec des piles d\u2019argent liquide, ou des grandes quantit\u00e9s de stup\u00e9fiants \u00e9taient film\u00e9es. Les images ont pouss\u00e9 les <a href=\"https:\/\/www.20minutes.fr\/dossier\/enquete\" class=\"color-ultramarine c-link\" target=\"_blank\" rel=\"noopener\">enqu\u00eateurs<\/a> \u00e0 perquisitionner le domicile de la compagne du trafiquant.<\/p>\n<p>Sur place, ils ont saisi une grande quantit\u00e9 de <a href=\"https:\/\/www.20minutes.fr\/dossier\/drogue\" class=\"color-ultramarine c-link\" target=\"_blank\" rel=\"noopener\">drogues<\/a> (coca\u00efne, k\u00e9tamine, cannabis, h\u00e9ro\u00efne) et de l\u2019argent et ont ensuite interpell\u00e9 quinze personnes \u00e2g\u00e9es de 21 \u00e0 50 ans, dont la petite amie du trafiquant d\u00e9j\u00e0 condamn\u00e9. Cette derni\u00e8re a \u00e9cop\u00e9 de 12 ans de prison ferme. L\u2019homme d\u00e9j\u00e0 derri\u00e8re les barreaux a lui \u00e9cop\u00e9 de 19 ans de prison ferme en plus des 15 ans d\u00e9j\u00e0 prononc\u00e9s.<\/p>\n<\/p>\n<p>On ignore ce qu\u2019est devenu le perroquet depuis. En\u00a02019, rappelle <a href=\"https:\/\/www.ouest-france.fr\/monde\/etats-unis\/un-perroquet-bavard-aide-la-police-a-demanteler-un-reseau-de-trafic-de-drogue-480b1e26-742a-11f0-9d15-80a5c5d7922a\" target=\"_blank\" class=\"color-ultramarine c-link\" rel=\"noopener\">Ouest France<\/a>, un perroquet avait \u00e9t\u00e9 arr\u00eat\u00e9 et plac\u00e9 en garde \u00e0 vue dans une affaire similaire. L\u2019oiseau avait alert\u00e9 les trafiquants de l\u2019arriv\u00e9e de la police et avait donc \u00e9t\u00e9 consid\u00e9r\u00e9 comme un complice du r\u00e9seau.<\/p>\n","protected":false},"excerpt":{"rendered":"Quinze personnes derri\u00e8re les barreaux \u00e0 cause d\u2019un oiseau. La police du\u00a0Lancashire (Royaume-Uni) a r\u00e9cemment d\u00e9mantel\u00e9 un r\u00e9seau&hellip;\n","protected":false},"author":2,"featured_media":314101,"comment_status":"","ping_status":"","sticky":false,"template":"","format":"standard","meta":{"footnotes":""},"categories":[1588],"tags":[47,11,1052,1067,1777,674,74,12,2402,31012,806,473,1853,1851,1850,1852],"class_list":{"0":"post-314100","1":"post","2":"type-post","3":"status-publish","4":"format-standard","5":"has-post-thumbnail","7":"category-royaume-uni","8":"tag-actualite","9":"tag-actualites","10":"tag-drogue","11":"tag-enquete","12":"tag-eu","13":"tag-europe","14":"tag-monde","15":"tag-news","16":"tag-perquisition","17":"tag-perroquet","18":"tag-prison","19":"tag-royaume-uni","20":"tag-royaume-uni-de-grande-bretagne-et-dirlande-du-nord","21":"tag-uk","22":"tag-united-kingdom","23":"tag-united-kingdom-of-great-britain-and-northern-ireland"},"share_on_mastodon":{"url":"https:\/\/pubeurope.com\/@fr\/115016273920860256","error":""},"_links":{"self":[{"href":"https:\/\/www.europesays.com\/fr\/wp-json\/wp\/v2\/posts\/314100","targetHints":{"allow":["GET"]}}],"collection":[{"href":"https:\/\/www.europesays.com\/fr\/wp-json\/wp\/v2\/posts"}],"about":[{"href":"https:\/\/www.europesays.com\/fr\/wp-json\/wp\/v2\/types\/post"}],"author":[{"embeddable":true,"href":"https:\/\/www.europesays.com\/fr\/wp-json\/wp\/v2\/users\/2"}],"replies":[{"embeddable":true,"href":"https:\/\/www.europesays.com\/fr\/wp-json\/wp\/v2\/comments?post=314100"}],"version-history":[{"count":0,"href":"https:\/\/www.europesays.com\/fr\/wp-json\/wp\/v2\/posts\/314100\/revisions"}],"wp:featuredmedia":[{"embeddable":true,"href":"https:\/\/www.europesays.com\/fr\/wp-json\/wp\/v2\/media\/314101"}],"wp:attachment":[{"href":"https:\/\/www.europesays.com\/fr\/wp-json\/wp\/v2\/media?parent=314100"}],"wp:term":[{"taxonomy":"category","embeddable":true,"href":"https:\/\/www.europesays.com\/fr\/wp-json\/wp\/v2\/categories?post=314100"},{"taxonomy":"post_tag","embeddable":true,"href":"https:\/\/www.europesays.com\/fr\/wp-json\/wp\/v2\/tags?post=314100"}],"curies":[{"name":"wp","href":"https:\/\/api.w.org\/{rel}","templated":true}]}}