{"id":314102,"date":"2025-08-12T14:30:24","date_gmt":"2025-08-12T14:30:24","guid":{"rendered":"https:\/\/www.europesays.com\/fr\/314102\/"},"modified":"2025-08-12T14:30:24","modified_gmt":"2025-08-12T14:30:24","slug":"une-polemique-sur-lavortement-demontre-la-puissance-de-lextreme-droite-en-allemagne-mediapart","status":"publish","type":"post","link":"https:\/\/www.europesays.com\/fr\/314102\/","title":{"rendered":"Une pol\u00e9mique sur l&#039;avortement d\u00e9montre la puissance de l&#039;extr\u00eame droite en Allemagne &#8211; Mediapart"},"content":{"rendered":"<ol>\n<li><a href=\"https:\/\/news.google.com\/rss\/articles\/CBMi5wFBVV95cUxNdnRNd1loT1dVMy1wRUVldnJOeHpKYmtHUDRVdThYTVo4WXhZLUVXaGlXZWxSZkFYejdUTkhSUmtBR3A2MmJRWFh0M1g3WlJyU21IQW5GOVpEcVQtSEV5NEdPTHJ0aFdaX2V6c3B4dDVhaVZJVHhXc0J0ZEdnb042TVduRUhkLV9HczZkejEtWTNTdG96RXY3ZERGZUs2Z1JNWFRmMjBVeVM2QUkxTVlzaDZMc1NYNmNhcmo0aC12dHhYNTdNaW1yTS1hWFAtVXEzY0l3U2RXVWlWVEpGaU05SE16SlQyVXM?oc=5\" target=\"_blank\" rel=\"nofollow noopener\">Une pol\u00e9mique sur l&rsquo;avortement d\u00e9montre la puissance de l&rsquo;extr\u00eame droite en Allemagne<\/a>&nbsp;&nbsp;Mediapart<\/li>\n<li><a href=\"https:\/\/news.google.com\/rss\/articles\/CBMi7AFBVV95cUxQTlFRcWd1WGR4NFNGLXd2eE1hY0dJazZpbkp5NkFTT3VIcDlzMUY1amlLU3puMEhmX3hjOFVJcWFjRy10LXpXUE9wbXJvSmRiQWtzUDNVVC13b25ZRnB1WVVGdm9xMFJLMGpUODZUYjdqSEVubC05NmkwWWt3bFBUQnJqVV9zWGliNkdCWTJfNmc4clRUd2RXTllFX3Z4T1NjWXc2TVJET3NubmxCYkVkMkdqTXlDOUZ3RGt2MkQ4ZjVMeDA3M0loUzA4WFV3NEtRN2szRkJuYmtQRkZrM0NBT1RWS1lBOW53ZjItYQ?oc=5\" target=\"_blank\" rel=\"nofollow noopener\">L&rsquo;Allemagne cr\u00e9e un groupe sp\u00e9cial contre les groupes d&rsquo;extr\u00eame droite \u00e0 id\u00e9ologie terroriste<\/a>&nbsp;&nbsp;Gazeta Express<\/li>\n<li><a href=\"https:\/\/news.google.com\/rss\/articles\/CBMi3wFBVV95cUxNcFRZazFXNy05anRvSjVTeFE2ZnVCNFRXUUxuNnNhN05jRjF4aUpZN0ZENHo1NWhNVUdCU2l6YkFnMzdTblZIaEdpY0tSVHI1ZklxdExDcklQaFlBcHA5b3dicTZfdjlrRkxJMGtydFRPODN0akdqU2xtUUxoajc4dDctMFdRM3hOMkRvSnRXQVBRYUxjRXBXZjJkZy1VNHJ3ZFRPWjNpQzVrTUtSMGthWFdIX2kwam90U0lSZXFVV0Nab3pmdUh2Tm15cWROQ1J2bmNOQ1JqZTVqUVhLS2dB?oc=5\" target=\"_blank\" rel=\"nofollow noopener\">Sous pression, une juriste allemande retire de la course \u00e0 la Cour constitutionnelle<\/a>&nbsp;&nbsp;Courrier international<\/li>\n<\/ol>\n","protected":false},"excerpt":{"rendered":"Une pol\u00e9mique sur l&rsquo;avortement d\u00e9montre la puissance de l&rsquo;extr\u00eame droite en Allemagne&nbsp;&nbsp;Mediapart L&rsquo;Allemagne cr\u00e9e un groupe sp\u00e9cial contre&hellip;\n","protected":false},"author":2,"featured_media":314103,"comment_status":"","ping_status":"","sticky":false,"template":"","format":"standard","meta":{"footnotes":""},"categories":[1587],"tags":[11,672,1804,1805,1803,1777,674,1076,4710,1801,18400,12,1802],"class_list":{"0":"post-314102","1":"post","2":"type-post","3":"status-publish","4":"format-standard","5":"has-post-thumbnail","7":"category-allemagne","8":"tag-actualites","9":"tag-allemagne","10":"tag-bundesrepublik-deutschland","11":"tag-de","12":"tag-deutschland","13":"tag-eu","14":"tag-europe","15":"tag-extreme-droite","16":"tag-friedrich-merz","17":"tag-germany","18":"tag-grande-coalition","19":"tag-news","20":"tag-republique-federale-dallemagne"},"share_on_mastodon":{"url":"https:\/\/pubeurope.com\/@fr\/115016277987758553","error":""},"_links":{"self":[{"href":"https:\/\/www.europesays.com\/fr\/wp-json\/wp\/v2\/posts\/314102","targetHints":{"allow":["GET"]}}],"collection":[{"href":"https:\/\/www.europesays.com\/fr\/wp-json\/wp\/v2\/posts"}],"about":[{"href":"https:\/\/www.europesays.com\/fr\/wp-json\/wp\/v2\/types\/post"}],"author":[{"embeddable":true,"href":"https:\/\/www.europesays.com\/fr\/wp-json\/wp\/v2\/users\/2"}],"replies":[{"embeddable":true,"href":"https:\/\/www.europesays.com\/fr\/wp-json\/wp\/v2\/comments?post=314102"}],"version-history":[{"count":0,"href":"https:\/\/www.europesays.com\/fr\/wp-json\/wp\/v2\/posts\/314102\/revisions"}],"wp:featuredmedia":[{"embeddable":true,"href":"https:\/\/www.europesays.com\/fr\/wp-json\/wp\/v2\/media\/314103"}],"wp:attachment":[{"href":"https:\/\/www.europesays.com\/fr\/wp-json\/wp\/v2\/media?parent=314102"}],"wp:term":[{"taxonomy":"category","embeddable":true,"href":"https:\/\/www.europesays.com\/fr\/wp-json\/wp\/v2\/categories?post=314102"},{"taxonomy":"post_tag","embeddable":true,"href":"https:\/\/www.europesays.com\/fr\/wp-json\/wp\/v2\/tags?post=314102"}],"curies":[{"name":"wp","href":"https:\/\/api.w.org\/{rel}","templated":true}]}}