{"id":314104,"date":"2025-08-12T14:31:16","date_gmt":"2025-08-12T14:31:16","guid":{"rendered":"https:\/\/www.europesays.com\/fr\/314104\/"},"modified":"2025-08-12T14:31:16","modified_gmt":"2025-08-12T14:31:16","slug":"notre-editorial-ukraine-la-deroute-europeenne","status":"publish","type":"post","link":"https:\/\/www.europesays.com\/fr\/314104\/","title":{"rendered":"Notre \u00e9ditorial: Ukraine, la d\u00e9route europ\u00e9enne"},"content":{"rendered":"<p>Opinion<\/p>\n<p>\u00c9ditorial \u2013 <\/p>\n<p>Ukraine, la d\u00e9route europ\u00e9enne<\/p>\n<p class=\"ContentHead_lead____SsS link_regular__O0hk0 link_externalicon-big__ZdPgo link_externalicon__qcwXs\">Le sommet en Alaska sur les pourparlers de paix exclut les Europ\u00e9ens et d\u00e9montre une fois de plus leur faiblesse.<\/p>\n<p><img loading=\"lazy\" decoding=\"async\" src=\"https:\/\/www.europesays.com\/fr\/wp-content\/uploads\/2025\/08\/7Uc2lRtQ4kk9tKUZJtiXJ8.jpg\"  width=\"100\" height=\"100\"  alt=\"Virginie Lenk\" class=\"AuthorImage_root__WCxj_ ContentMetaInfo_authorimage__Mp4LD AuthorImage_-content-head__3qDob\" style=\"background-color:#818181\"\/>\u00c9ditorial Publi\u00e9 aujourd\u2019hui \u00e0 15h35<img decoding=\"async\" loading=\"eager\" fetchpriority=\"high\" src=\"https:\/\/www.europesays.com\/fr\/wp-content\/uploads\/2025\/08\/03kHeeDoK8SBeCzASWVpJs.jpg\" alt=\"Donald Trump et Vladimir Poutine discutant lors du sommet du G-20, le 7 juillet 2017 \u00e0 Hambourg, avec des drapeaux russes et am\u00e9ricains en arri\u00e8re-plan.\" title=\"Donald Trump et Vladimir Poutine discutant lors du sommet du G-20, le 7 juillet 2017 \u00e0 Hambourg, avec des drapeaux russes et am\u00e9ricains en arri\u00e8re-plan.\" class=\"ResponsiveImage_root__ZDz10 responsive-image\" style=\"background-color:#6D4A55\"\/><\/p>\n<p>Outre les sanctions contre la Russie, Donald Trump et Vladimir Poutine vont d\u00e9pecer l\u2019Ukraine \u00e0 leur convenance.<\/p>\n<p>keystone-sda.ch<\/p>\n<p>Abonnez-vous d\u00e8s maintenant et profitez de la fonction de lecture audio.<a href=\"https:\/\/bottalk.io\/\" class=\"BottalkPaywall_bottalklink__KDtuf\" target=\"_blank\" rel=\"noreferrer noopener\">BotTalk<\/a><\/p>\n<p class=\"ArticleParagraph_root__lhFZo ArticleContainer_content-width__FRl7F link_focus__0ZMwx link_externalicon-big__ZdPgo link_externalicon__qcwXs ArticleElement_article-element__q93eL\">La nouvelle s\u00e9quence qui se trame en Alaska autour des pourparlers de paix en Ukraine montre une fois de plus l\u2019invisibilit\u00e9 de l\u2019Europe sur ce dossier. Disons-le brutalement: outre les sanctions contre la Russie, Donald Trump et Vladimir Poutine vont d\u00e9pecer l\u2019Ukraine \u00e0 leur convenance.<\/p>\n<p class=\"ArticleParagraph_root__lhFZo ArticleContainer_content-width__FRl7F link_focus__0ZMwx link_externalicon-big__ZdPgo link_externalicon__qcwXs ArticleElement_article-element__q93eL\">Volodymyr Zelensky a monnay\u00e9 le soutien am\u00e9ricain \u00e0 coups de contrats sur l\u2019exploitation des terres rares de son pays. Pari perdu, puisqu\u2019il n\u2019est pas invit\u00e9 aux n\u00e9gociations. Trump a promis de l\u2019appeler apr\u00e8s la rencontre, avant une r\u00e9union \u00e0 trois. En d\u2019autres termes, laisse-nous n\u00e9gocier, on te tiendra au courant.<\/p>\n<p class=\"ArticleParagraph_root__lhFZo ArticleContainer_content-width__FRl7F link_focus__0ZMwx link_externalicon-big__ZdPgo link_externalicon__qcwXs ArticleElement_article-element__q93eL\">Mais les vrais humili\u00e9s dans cette affaire sont une fois de plus les Europ\u00e9ens. Leur f\u00e9brilit\u00e9 \u00e0 organiser mercredi une r\u00e9union virtuelle avec Trump et Zelensky atteste de leur non-pr\u00e9paration. Depuis l\u2019invasion russe, l\u2019Europe a toujours arm\u00e9 l\u2019Ukraine en vue d\u2019une victoire. Elle n\u2019a jamais eu dans ses mains un plan de paix alternatif. Elle se borne aujourd\u2019hui \u00e0 clamer l\u2019ill\u00e9galit\u00e9 de l\u2019op\u00e9ration de partage de la Russie d\u2019un territoire qui ne lui appartient pas.<\/p>\n<p class=\"ArticleParagraph_root__lhFZo ArticleContainer_content-width__FRl7F link_focus__0ZMwx link_externalicon-big__ZdPgo link_externalicon__qcwXs ArticleElement_article-element__q93eL\">C\u2019est en raison de l\u2019Ukraine que Bruxelles a aval\u00e9 la pilule am\u00e8re des droits de douane am\u00e9ricains, pour emp\u00eacher un d\u00e9sengagement militaire brutal de Washington. Mais paradoxalement elle a fortifi\u00e9 Trump dans son id\u00e9e qu\u2019il n\u2019avait pas besoin des Europ\u00e9ens \u2013 qui plus est, rarement d\u2019accord entre eux \u2013 pour r\u00e9gler le conflit.<\/p>\n<p class=\"ArticleParagraph_root__lhFZo ArticleContainer_content-width__FRl7F link_focus__0ZMwx link_externalicon-big__ZdPgo link_externalicon__qcwXs ArticleElement_article-element__q93eL\">Donald Trump c\u00e9dera sans doute \u00e0 l\u2019essentiel des demandes russes en \u00e9change d\u2019un cessez-le-feu. Il s\u2019affichera comme celui qui a fait la paix en Ukraine. Sans l\u2019Europe.<\/p>\n<p class=\"DynamicTeaser_boxtitle__B6piN\">Guerre en Ukraine<\/p>\n<p>Newsletter<\/p>\n<p>\u00abLa Tribune des abonn\u00e9s\u00bb<\/p>\n<p>Adress\u00e9e \u00e0 nos plus fid\u00e8les lectrices et lecteurs, cette lettre leur propose une s\u00e9lection de nos meilleurs articles  ainsi que des contenus exclusifs.<\/p>\n<p><a class=\"NewsletterBox_more__FNemz link_underlinelink__K5Zr0\" href=\"https:\/\/www.tdg.ch\/nos-newsletters\" target=\"_blank\" rel=\"noopener\">Autres newsletters<\/a><\/p>\n<p>Se connecter<strong>Virginie Lenk <\/strong>est journaliste \u00e0 la rubrique internationale depuis 2019, sp\u00e9cialiste de l&rsquo;environnement. Elle a travaill\u00e9 auparavant \u00e0 la RTS. Elle est depuis 2025 r\u00e9dactrice en chef adjointe de 24Heures.<a class=\"ArticleAuthorBio_moreinfo__cqyvz link_underlinelink__K5Zr0\" rel=\"author noopener\" href=\"https:\/\/www.tdg.ch\/author\/54004495\/virginie-lenk\" target=\"_blank\">Plus d&rsquo;infos<\/a><\/p>\n<p class=\"Feedback_root__fr_Mi ArticleContainer_content-width__FRl7F\">Vous avez trouv\u00e9 une erreur?<a href=\"mailto:tes_correction@tamedia.ch?subject=Avis%20d'erreur%20%7C%20Virginie%20Lenk%20%7C%20Ukraine%2C%20la%20d%C3%A9route%20europ%C3%A9enne&amp;body=J'ai%20trouv%C3%A9%20une%20erreur%20dans%20cet%20article%3A%20https%3A%2F%2Fwww.24heures.ch%2Fnotre-editorial-ukraine-la-deroute-europeenne-611965962348\" class=\"Feedback_feedbacklink__VyDCi link_underlinelink__K5Zr0\">Merci de nous la signaler.<\/a><\/p>\n<p>0 commentaires<\/p>\n","protected":false},"excerpt":{"rendered":"Opinion \u00c9ditorial \u2013 Ukraine, la d\u00e9route europ\u00e9enne Le sommet en Alaska sur les pourparlers de paix exclut les&hellip;\n","protected":false},"author":2,"featured_media":314105,"comment_status":"","ping_status":"","sticky":false,"template":"","format":"standard","meta":{"footnotes":""},"categories":[1586],"tags":[11,75,1777,674,1011,27,131,12,25,37086,2300,135,134],"class_list":{"0":"post-314104","1":"post","2":"type-post","3":"status-publish","4":"format-standard","5":"has-post-thumbnail","7":"category-europe","8":"tag-actualites","9":"tag-donald-trump","10":"tag-eu","11":"tag-europe","12":"tag-fr","13":"tag-france","14":"tag-guerre-en-ukraine","15":"tag-news","16":"tag-republique-francaise","17":"tag-stats-editorial-team","18":"tag-stats-seo","19":"tag-vladimir-poutine","20":"tag-volodymyr-zelensky"},"share_on_mastodon":{"url":"https:\/\/pubeurope.com\/@fr\/115016282088284920","error":""},"_links":{"self":[{"href":"https:\/\/www.europesays.com\/fr\/wp-json\/wp\/v2\/posts\/314104","targetHints":{"allow":["GET"]}}],"collection":[{"href":"https:\/\/www.europesays.com\/fr\/wp-json\/wp\/v2\/posts"}],"about":[{"href":"https:\/\/www.europesays.com\/fr\/wp-json\/wp\/v2\/types\/post"}],"author":[{"embeddable":true,"href":"https:\/\/www.europesays.com\/fr\/wp-json\/wp\/v2\/users\/2"}],"replies":[{"embeddable":true,"href":"https:\/\/www.europesays.com\/fr\/wp-json\/wp\/v2\/comments?post=314104"}],"version-history":[{"count":0,"href":"https:\/\/www.europesays.com\/fr\/wp-json\/wp\/v2\/posts\/314104\/revisions"}],"wp:featuredmedia":[{"embeddable":true,"href":"https:\/\/www.europesays.com\/fr\/wp-json\/wp\/v2\/media\/314105"}],"wp:attachment":[{"href":"https:\/\/www.europesays.com\/fr\/wp-json\/wp\/v2\/media?parent=314104"}],"wp:term":[{"taxonomy":"category","embeddable":true,"href":"https:\/\/www.europesays.com\/fr\/wp-json\/wp\/v2\/categories?post=314104"},{"taxonomy":"post_tag","embeddable":true,"href":"https:\/\/www.europesays.com\/fr\/wp-json\/wp\/v2\/tags?post=314104"}],"curies":[{"name":"wp","href":"https:\/\/api.w.org\/{rel}","templated":true}]}}