{"id":314106,"date":"2025-08-12T14:32:15","date_gmt":"2025-08-12T14:32:15","guid":{"rendered":"https:\/\/www.europesays.com\/fr\/314106\/"},"modified":"2025-08-12T14:32:15","modified_gmt":"2025-08-12T14:32:15","slug":"traite-plastique-lunion-europeenne-prete-a-des-compromis-pour-un-accord-mais-pas-a-nimporte-quel-prix","status":"publish","type":"post","link":"https:\/\/www.europesays.com\/fr\/314106\/","title":{"rendered":"Trait\u00e9 plastique\u00a0: l\u2019Union europ\u00e9enne pr\u00eate \u00e0 des compromis pour un accord, mais pas \u00e0 n\u2019importe quel prix"},"content":{"rendered":"<p>\u00ab\u00a0L\u2019UE est pr\u00eate \u00e0 un accord mais pas \u00e0 n\u2019importe quel prix. Il est temps de conclure r\u00e9ellement cet accord vital\u00a0\u00bb, a-t-elle d\u00e9clar\u00e9 lors d\u2019un point presse improvis\u00e9 en compagnie du ministre danois de l\u2019Environnement, Magnus Heunicke. \u00ab\u00a0S\u2019il y a eu un peu de th\u00e9\u00e2tre hier, il y en aura encore beaucoup plus dans les jours \u00e0 venir\u00a0\u00bb, a pr\u00e9venu le ministre danois dont le pays assure la pr\u00e9sidence tournante de l\u2019UE, semblant confirmer des rumeurs selon lesquelles le n\u00e9gociateur europ\u00e9en a menac\u00e9 lundi soir de quitter la table des n\u00e9gociations.<\/p>\n<p>L\u2019UE fait partie d\u2019une coalition des pays dits \u00ab\u00a0ambitieux\u00a0\u00bb qui souhaitent parvenir \u00e0 un trait\u00e9 contre la pollution plastique pr\u00e9voyant une r\u00e9duction et une r\u00e9gulation de la production de plastique vierge dans le monde ainsi qu\u2019une liste d\u2019additifs chimiques dangereux, deux mesures auxquelles s\u2019oppose une coalition de pays essentiellement p\u00e9troliers, ainsi que les repr\u00e9sentants de l\u2019industrie p\u00e9trochimique, observateurs des d\u00e9bats.<\/p>\n","protected":false},"excerpt":{"rendered":"\u00ab\u00a0L\u2019UE est pr\u00eate \u00e0 un accord mais pas \u00e0 n\u2019importe quel prix. Il est temps de conclure r\u00e9ellement&hellip;\n","protected":false},"author":2,"featured_media":314107,"comment_status":"","ping_status":"","sticky":false,"template":"","format":"standard","meta":{"footnotes":""},"categories":[1586],"tags":[11,1777,674,1779,1011,27,12,25,1778,364],"class_list":{"0":"post-314106","1":"post","2":"type-post","3":"status-publish","4":"format-standard","5":"has-post-thumbnail","7":"category-europe","8":"tag-actualites","9":"tag-eu","10":"tag-europe","11":"tag-european-union","12":"tag-fr","13":"tag-france","14":"tag-news","15":"tag-republique-francaise","16":"tag-ue","17":"tag-union-europeenne"},"share_on_mastodon":{"url":"https:\/\/pubeurope.com\/@fr\/115016285789686642","error":""},"_links":{"self":[{"href":"https:\/\/www.europesays.com\/fr\/wp-json\/wp\/v2\/posts\/314106","targetHints":{"allow":["GET"]}}],"collection":[{"href":"https:\/\/www.europesays.com\/fr\/wp-json\/wp\/v2\/posts"}],"about":[{"href":"https:\/\/www.europesays.com\/fr\/wp-json\/wp\/v2\/types\/post"}],"author":[{"embeddable":true,"href":"https:\/\/www.europesays.com\/fr\/wp-json\/wp\/v2\/users\/2"}],"replies":[{"embeddable":true,"href":"https:\/\/www.europesays.com\/fr\/wp-json\/wp\/v2\/comments?post=314106"}],"version-history":[{"count":0,"href":"https:\/\/www.europesays.com\/fr\/wp-json\/wp\/v2\/posts\/314106\/revisions"}],"wp:featuredmedia":[{"embeddable":true,"href":"https:\/\/www.europesays.com\/fr\/wp-json\/wp\/v2\/media\/314107"}],"wp:attachment":[{"href":"https:\/\/www.europesays.com\/fr\/wp-json\/wp\/v2\/media?parent=314106"}],"wp:term":[{"taxonomy":"category","embeddable":true,"href":"https:\/\/www.europesays.com\/fr\/wp-json\/wp\/v2\/categories?post=314106"},{"taxonomy":"post_tag","embeddable":true,"href":"https:\/\/www.europesays.com\/fr\/wp-json\/wp\/v2\/tags?post=314106"}],"curies":[{"name":"wp","href":"https:\/\/api.w.org\/{rel}","templated":true}]}}