{"id":314114,"date":"2025-08-12T14:36:29","date_gmt":"2025-08-12T14:36:29","guid":{"rendered":"https:\/\/www.europesays.com\/fr\/314114\/"},"modified":"2025-08-12T14:36:29","modified_gmt":"2025-08-12T14:36:29","slug":"oihan-guillamoundeguy-tellement-fier-de-moi","status":"publish","type":"post","link":"https:\/\/www.europesays.com\/fr\/314114\/","title":{"rendered":"Oihan Guillamoundeguy : \u00ab Tellement fier de moi \u00bb"},"content":{"rendered":"<p>\t\t\t\t\t\t<img width=\"770\" height=\"556\" src=\"https:\/\/www.europesays.com\/fr\/wp-content\/uploads\/2025\/08\/oihantrophee-770x556.jpeg\" class=\"img-responsive wp-post-image\" alt=\"\" decoding=\"async\" fetchpriority=\"high\"  \/>\t\t\t\t\t<\/p>\n<p>\t\t\t\t\t\t Partager cet article <\/p>\n<p class=\"screen-reader-text juiz_sps_maybe_hidden_text\">Partager la publication \u00ab\u00a0Oihan Guillamoundeguy : \u00ab Tellement fier de moi \u00bb\u00a0\u00bb<\/p>\n<p><strong>Apr\u00e8s deux top 5 entre la mi-juin et d\u00e9but juillet, le premier au Blot Play9 (5e) en Bretagne, le second en Autriche (3e), Oihan Guillamoundeguy a ouvert presque logiquement son compteur sur l\u2019HotelPlanner Tour. Un succ\u00e8s m\u00e9rit\u00e9 qui lui permet d\u00e9sormais de grimper \u00e0 la 6e place de la Road to Mallorca, plus tr\u00e8s loin du DP World Tour 2026 !\u00a0<\/strong><\/p>\n<p>\t\t\t\t\t<a id=\"181972\" href=\"https:\/\/www.azurgolftravel.com\/proamdepalsoct25\" target=\"_blank\" rel=\"sponsorised nofollow noopener\"><img decoding=\"async\" src=\"data:image\/svg+xml,%3Csvg%20xmlns=\" http:=\"\" class=\"img-responsive\" alt=\"\" data-lazy-src=\"https:\/\/www.europesays.com\/fr\/wp-content\/uploads\/2025\/08\/azurgolftravel-e01-proam-catalogne-1170x275-1.jpeg\"\/><\/a><\/p>\n<p><strong>L.V.<\/strong><\/p>\n<p>Il tournait autour depuis plusieurs semaines, voire depuis plusieurs mois \u00e0 l\u2019image de cette 4e place au <strong>UAE Challenge<\/strong> le 13 avril, mais cette fois c\u2019est fait. <strong>Oihan Guillamoundeguy<\/strong> s\u2019offre sa premi\u00e8re victoire sur l\u2019<strong>HotelPlanner Tour<\/strong>, apr\u00e8s ses deux succ\u00e8s obtenus sur l\u2019<strong>Alps Tour<\/strong> en 2022 (\u00e0 17 ans) et en 2023. A 20 ans, le Landais franchit ici un premier palier tr\u00e8s important dans sa jeune carri\u00e8re professionnelle lanc\u00e9e il y a trois ans maintenant.\u00a0<\/p>\n<p>Caddey\u00e9 par son grand fr\u00e8re, <strong>Lilian<\/strong>, le d\u00e9sormais <a href=\"https:\/\/www.europeantour.com\/hotelplanner-tour\/rankings\/overview\/rankings\/\" target=\"_blank\" rel=\"noopener nofollow\">6e \u00e0 la Road to Mallorca<\/a> savoure cette victoire en terre irlandaise \u00e0 l\u2019issue d\u2019un dernier tour maitris\u00e9 boucl\u00e9 en 70 (-2) avec un score final de -11, soit trois coups devant le Suisse <strong>Ronan Kleu<\/strong> et quatre sur le Danois <strong>Jeppe Kristian<\/strong> <strong>Andersen<\/strong>, pourtant leader avec trois longueurs d\u2019avance au moment de s\u2019\u00e9lancer dimanche peu avant midi sur ce par 72 du <strong>Killeen Castle<\/strong>.<\/p>\n<p>\t\t\t\t\t<a id=\"181452\" href=\"https:\/\/www.fourseasonsmegevecollectionproam.com\/\" target=\"_blank\" rel=\"sponsorised nofollow noopener\"><img decoding=\"async\" src=\"data:image\/svg+xml,%3Csvg%20xmlns=\" http:=\"\" class=\"img-responsive\" alt=\"\" data-lazy-src=\"https:\/\/www.europesays.com\/fr\/wp-content\/uploads\/2025\/08\/swing-e05-proam-megeve25-1170x275-1.gif\"\/><\/a><\/p>\n<blockquote class=\"twitter-tweet\">\n<p dir=\"ltr\" lang=\"en\">What it means \ud83d\udc4a<\/p>\n<p>The winning moment for Oihan Guillamoundeguy, with plenty of French support \ud83c\uddeb\ud83c\uddf7<a href=\"https:\/\/twitter.com\/hashtag\/IrishChallenge?src=hash&amp;ref_src=twsrc%5Etfw\" rel=\"nofollow noopener\" target=\"_blank\">#IrishChallenge<\/a> <a href=\"https:\/\/t.co\/k1oZ3GbuUK\" rel=\"nofollow\">pic.twitter.com\/k1oZ3GbuUK<\/a><\/p>\n<p>\u2014 HotelPlanner Tour (@HPlanner_Tour) <a href=\"https:\/\/twitter.com\/HPlanner_Tour\/status\/1954592261775479244?ref_src=twsrc%5Etfw\" rel=\"nofollow noopener\" target=\"_blank\">August 10, 2025<\/a><\/p>\n<\/blockquote>\n<p>\t\t\t\t\t<a id=\"181442\" href=\"https:\/\/www.formigolf.fr\/voyage-pays~fairplay_golf__spa_resort_5etoiles_cadiz~199~espagne\" target=\"_blank\" rel=\"sponsorised nofollow noopener\"><img decoding=\"async\" src=\"data:image\/svg+xml,%3Csvg%20xmlns=\" http:=\"\" class=\"img-responsive\" alt=\"\" data-lazy-src=\"https:\/\/www.europesays.com\/fr\/wp-content\/uploads\/2025\/08\/formigolf-e08-andalousie-cadiz-1170x275-1.gif\"\/><\/a><\/p>\n<p>\u00ab Je suis tellement fier de moi, a-t-il d\u00e9clar\u00e9 au micro de l\u2019HotelPlanner Tour. Aujourd\u2019hui, \u00e7a n\u2019a pas \u00e9t\u00e9 une journ\u00e9e facile. Je n\u2019ai pas tr\u00e8s bien jou\u00e9, mais j\u2019ai bien g\u00e9r\u00e9 la situation avec mon fr\u00e8re. Je tiens \u00e0 le remercier du fond du c\u0153ur. Il fait un travail formidable avec moi et je l\u2019aime \u00e9norm\u00e9ment. Je suis tr\u00e8s fier. \u00bb<\/p>\n<p>\u00ab L\u2019objectif aujourd\u2019hui \u00e9tait de jouer comme je l\u2019avais fait les trois premiers jours, ajoute-t-il, radieux. Je sais que j\u2019aime les parcours difficiles, et celui-ci \u00e9tait un vrai parcours et un excellent test de golf. Je me sentais vraiment bien. Je pense avoir fait un grand pas en avant vers le DP World Tour. Je vais donner le meilleur de moi-m\u00eame pour le reste de la saison et continuer \u00e0 faire du tr\u00e8s bon travail avec mon fr\u00e8re sur le sac. \u00bb<\/p>\n<p>\t\t\t\t\t<a id=\"179385\" href=\"https:\/\/tickets.europeantour.com\/eut\/#\/c6906933-bb43-434b-a22d-0ae172a572d4\/shop\/custom-pack?fac=EUT&amp;locale=fr&amp;skin=pgaetodf&amp;utm_campaign=ODF&amp;utm_content=Ticketing&amp;utm_medium=Web&amp;utm_source=Partner&amp;utm_term=PavonGolfPlanete\" target=\"_blank\" rel=\"sponsorised nofollow noopener\"><img decoding=\"async\" src=\"data:image\/svg+xml,%3Csvg%20xmlns=\" http:=\"\" class=\"img-responsive\" alt=\"\" data-lazy-src=\"https:\/\/www.europesays.com\/fr\/wp-content\/uploads\/2025\/07\/opendefrance-e03-plateau-1407-1170x275-1.jpg\"\/><\/a><\/p>\n<blockquote class=\"twitter-tweet\">\n<p dir=\"ltr\" lang=\"en\">As good as it gets from Guillamoundeguy \ud83d\udd25<\/p>\n<p>The Frenchman has moved three clear in Ireland. <a href=\"https:\/\/twitter.com\/hashtag\/IrishChallenge?src=hash&amp;ref_src=twsrc%5Etfw\" rel=\"nofollow noopener\" target=\"_blank\">#IrishChallenge<\/a> <a href=\"https:\/\/t.co\/CwRR2GWw2X\" rel=\"nofollow\">pic.twitter.com\/CwRR2GWw2X<\/a><\/p>\n<p>\u2014 HotelPlanner Tour (@HPlanner_Tour) <a href=\"https:\/\/twitter.com\/HPlanner_Tour\/status\/1954538178687144262?ref_src=twsrc%5Etfw\" rel=\"nofollow noopener\" target=\"_blank\">August 10, 2025<\/a><\/p>\n<\/blockquote>\n<p>C\u2019est en bouclant ses neuf premiers trous que le Fran\u00e7ais, aid\u00e9 cette saison notamment par son coach performance, <strong>Robin Cocq<\/strong>, mais aussi par sa\u2026 m\u00e8re, qui fait office de pr\u00e9paratrice mentale, a fait la diff\u00e9rence. Au d\u00e9part du 10, il jouissait de trois coups d\u2019avance sur Andersen, en plein cauchemar apr\u00e8s avoir conc\u00e9d\u00e9 un double au 9.\u00a0<\/p>\n<blockquote><p>\nJ\u2019ai frapp\u00e9 l\u2019un des plus beaux coups de ma carri\u00e8re de golfeur.<\/p>\n<p>Oihan Guillamoundeguy<\/p>\n<\/blockquote>\n<p>\u00ab Au 9, quand j\u2019ai fait un birdie et qu\u2019il a fait un double, j\u2019ai frapp\u00e9 l\u2019un des plus beaux coups de ma carri\u00e8re de golfeur, pr\u00e9cise-t-il. La balle a rebondi juste \u00e0 c\u00f4t\u00e9 du drapeau, l\u2019a touch\u00e9 et est partie \u00e0 20 m\u00e8tres. J\u2019ai r\u00e9ussi mon putt et je pense que c\u2019est \u00e0 ce moment-l\u00e0 que j\u2019ai su que j\u2019avais une bonne chance. J\u2019avais trois coups d\u2019avance, et il fallait absolument que je continue. Je suis super fier. Maintenant, voyons ce que la fin de l\u2019ann\u00e9e nous r\u00e9serve. \u00bb<\/p>\n<p>Le clan tricolore se porte plut\u00f4t pas mal sur l\u2019HotelPlanner Tour en ce moment puisque <strong>F\u00e9lix Mory<\/strong> et <strong>Cl\u00e9ment<\/strong> <strong>Charmasson<\/strong> sont, eux aussi, dans le bon wagon. Ils occupent en effet respectivement les 11e et 13e places de la Road. Et il ne reste que six tournois de la saison \u00ab r\u00e9guli\u00e8re \u00bb avant les deux tr\u00e8s lucratifs rendez-vous chinois du 9 au 19 octobre et, \u00e9videmment, la grande finale \u00e0 <strong>Majorque<\/strong> du 30 octobre au 2 novembre !\u00a0<\/p>\n<p>\u00a0<\/p>\n<p>\u00a0<\/p>\n<p>Photo : Getty Images<\/p>\n<p>\t\t\t<script async src=\"https:\/\/platform.twitter.com\/widgets.js\" charset=\"utf-8\"><\/script><\/p>\n","protected":false},"excerpt":{"rendered":"Partager cet article Partager la publication \u00ab\u00a0Oihan Guillamoundeguy : \u00ab Tellement fier de moi \u00bb\u00a0\u00bb Apr\u00e8s deux top&hellip;\n","protected":false},"author":2,"featured_media":314115,"comment_status":"","ping_status":"","sticky":false,"template":"","format":"standard","meta":{"footnotes":""},"categories":[1418],"tags":[1011,27,1472,60],"class_list":{"0":"post-314114","1":"post","2":"type-post","3":"status-publish","4":"format-standard","5":"has-post-thumbnail","7":"category-golf","8":"tag-fr","9":"tag-france","10":"tag-golf","11":"tag-sports"},"share_on_mastodon":{"url":"https:\/\/pubeurope.com\/@fr\/115016301512762889","error":""},"_links":{"self":[{"href":"https:\/\/www.europesays.com\/fr\/wp-json\/wp\/v2\/posts\/314114","targetHints":{"allow":["GET"]}}],"collection":[{"href":"https:\/\/www.europesays.com\/fr\/wp-json\/wp\/v2\/posts"}],"about":[{"href":"https:\/\/www.europesays.com\/fr\/wp-json\/wp\/v2\/types\/post"}],"author":[{"embeddable":true,"href":"https:\/\/www.europesays.com\/fr\/wp-json\/wp\/v2\/users\/2"}],"replies":[{"embeddable":true,"href":"https:\/\/www.europesays.com\/fr\/wp-json\/wp\/v2\/comments?post=314114"}],"version-history":[{"count":0,"href":"https:\/\/www.europesays.com\/fr\/wp-json\/wp\/v2\/posts\/314114\/revisions"}],"wp:featuredmedia":[{"embeddable":true,"href":"https:\/\/www.europesays.com\/fr\/wp-json\/wp\/v2\/media\/314115"}],"wp:attachment":[{"href":"https:\/\/www.europesays.com\/fr\/wp-json\/wp\/v2\/media?parent=314114"}],"wp:term":[{"taxonomy":"category","embeddable":true,"href":"https:\/\/www.europesays.com\/fr\/wp-json\/wp\/v2\/categories?post=314114"},{"taxonomy":"post_tag","embeddable":true,"href":"https:\/\/www.europesays.com\/fr\/wp-json\/wp\/v2\/tags?post=314114"}],"curies":[{"name":"wp","href":"https:\/\/api.w.org\/{rel}","templated":true}]}}