{"id":314120,"date":"2025-08-12T14:41:12","date_gmt":"2025-08-12T14:41:12","guid":{"rendered":"https:\/\/www.europesays.com\/fr\/314120\/"},"modified":"2025-08-12T14:41:12","modified_gmt":"2025-08-12T14:41:12","slug":"vinales-de-retour-bastianini-motive-pour-spielberg","status":"publish","type":"post","link":"https:\/\/www.europesays.com\/fr\/314120\/","title":{"rendered":"Vi\u00f1ales de retour, Bastianini motiv\u00e9 pour Spielberg"},"content":{"rendered":"<p data-start=\"333\" data-end=\"669\">La pause estivale 2025 est d\u00e9j\u00e0 derri\u00e8re nous, et le paddock <a href=\"https:\/\/www.autohebdo.fr\/actualites\/motogp\" data-internallinksmanager029f6b8e52c=\"4\" title=\"MotoGP\" rel=\"nofollow noopener\" target=\"_blank\">MotoGP<\/a> reprend ses droits ce week-end au <a href=\"https:\/\/www.autohebdo.fr\/actualites\/ecurie\/red-bull-racing\" data-internallinksmanager029f6b8e52c=\"78\" title=\"Ecurie F1 Red Bull Racing\" rel=\"nofollow noopener\" target=\"_blank\">Red Bull<\/a> Ring pour le Grand Prix d\u2019Autriche, coup d\u2019envoi de la deuxi\u00e8me partie de saison de MotoGP. L\u2019\u00e9quipe Red Bull KTM Tech3, ragaillardie et pleine d\u2019\u00e9nergie, arrive sur le trac\u00e9 situ\u00e9 au c\u0153ur de la Styrie avec deux ambitions claires.<\/p>\n<p data-start=\"671\" data-end=\"1239\">Le retour le plus attendu est sans doute celui de Maverick Vi\u00f1ales. Bless\u00e9 \u00e0 l\u2019\u00e9paule au Sachsenring d\u00e9but juillet, le pilote espagnol avait d\u00fb d\u00e9clarer forfait pour les Grands Prix d\u2019Allemagne et de R\u00e9publique tch\u00e8que. Apr\u00e8s un mois de r\u00e9\u00e9ducation intensive, \u00ab Top Gun \u00bb esp\u00e8re retrouver sa KTM RC16 cette semaine, sous r\u00e9serve d\u2019un contr\u00f4le m\u00e9dical pr\u00e9vu jeudi. \u00ab Je n\u2019ai pas roul\u00e9 depuis un mois, il faudra donc rester prudent, mais je suis ravi d\u2019\u00eatre \u00e0 Spielberg, le Grand Prix maison de KTM \u00bb, confie Vi\u00f1ales, impatient de retrouver ses sensations et son \u00e9quipe.<\/p>\n<p data-start=\"1241\" data-end=\"1717\">De son c\u00f4t\u00e9, Enea Bastianini arrive en Autriche sur un nuage. L\u2019Italien a sign\u00e9 son meilleur week-end de la saison avant la pause, avec une qualification directe en Q2 et surtout un premier podium en sprint sur la KTM. Malgr\u00e9 une chute en course dimanche, \u00ab Bestia \u00bb revient plus motiv\u00e9 que jamais. \u00ab Le Red Bull Ring est un circuit que j\u2019aime beaucoup, et apr\u00e8s les progr\u00e8s r\u00e9alis\u00e9s \u00e0 Brno, je suis curieux de voir ce que nous pouvons accomplir ici \u00bb, d\u00e9clare le pilote n\u00b023.<\/p>\n<p data-start=\"1719\" data-end=\"2054\">Le programme de course d\u00e9butera vendredi avec les premi\u00e8res s\u00e9ances d\u2019essais libres, avant la lutte pour les places en Q2 samedi et la course sprint dans l\u2019apr\u00e8s-midi. Dimanche, le Grand Prix principal s\u2019\u00e9lancera \u00e0 14h00, pour 28 tours prometteurs. Apr\u00e8s la pause, la saison MotoGP repart de plus belle\u2026 et Tech3 entend bien briller \u00e0 domicile.<\/p>\n<p>MotoGP \u2013 GP d\u2019Autriche 2025<br \/>\nLes horaires<\/p>\n<p><strong>Vendredi 15 ao\u00fbt :\u00a0<\/strong><br \/>Essais Libres 1 : 10h45 \u2013 11h30<br \/>Essais : 15h00 \u2013 16h00<\/p>\n<p><strong>Samedi 16 ao\u00fbt : <\/strong><br \/>Essais Libres 2 : 10h10 \u2013 10h40<br \/>Qualifications 1 : 10h50 \u2013 11h05<br \/>Qualifications 2 : 11h15 \u2013 11h30<br \/>Sprint MotoGP \u2013 14 tours : 15h00<\/p>\n<p><strong>Dimanche 17 ao\u00fbt :\u00a0<\/strong><br \/>Warm-up : 09h40 \u2013 09h50<br \/>Course MotoGP \u2013 28 tours : 14h00<\/p>\n<p><strong>QUIZ \u2013 <a href=\"https:\/\/www.autohebdo.fr\/actualites\/motogp\/quiz-avez-vous-bien-suivi-la-premiere-partie-de-saison-de-motogp.html\" target=\"_blank\" rel=\"noopener nofollow\">Avez-vous bien suivi la premi\u00e8re partie de saison de MotoGP ?<\/a><\/strong><\/p>\n","protected":false},"excerpt":{"rendered":"La pause estivale 2025 est d\u00e9j\u00e0 derri\u00e8re nous, et le paddock MotoGP reprend ses droits ce week-end au&hellip;\n","protected":false},"author":2,"featured_media":314121,"comment_status":"","ping_status":"","sticky":false,"template":"","format":"standard","meta":{"footnotes":""},"categories":[1413],"tags":[1011,27,1457,1456,60],"class_list":{"0":"post-314120","1":"post","2":"type-post","3":"status-publish","4":"format-standard","5":"has-post-thumbnail","7":"category-moto","8":"tag-fr","9":"tag-france","10":"tag-moto","11":"tag-motocycle","12":"tag-sports"},"share_on_mastodon":{"url":"https:\/\/pubeurope.com\/@fr\/115016321185269274","error":""},"_links":{"self":[{"href":"https:\/\/www.europesays.com\/fr\/wp-json\/wp\/v2\/posts\/314120","targetHints":{"allow":["GET"]}}],"collection":[{"href":"https:\/\/www.europesays.com\/fr\/wp-json\/wp\/v2\/posts"}],"about":[{"href":"https:\/\/www.europesays.com\/fr\/wp-json\/wp\/v2\/types\/post"}],"author":[{"embeddable":true,"href":"https:\/\/www.europesays.com\/fr\/wp-json\/wp\/v2\/users\/2"}],"replies":[{"embeddable":true,"href":"https:\/\/www.europesays.com\/fr\/wp-json\/wp\/v2\/comments?post=314120"}],"version-history":[{"count":0,"href":"https:\/\/www.europesays.com\/fr\/wp-json\/wp\/v2\/posts\/314120\/revisions"}],"wp:featuredmedia":[{"embeddable":true,"href":"https:\/\/www.europesays.com\/fr\/wp-json\/wp\/v2\/media\/314121"}],"wp:attachment":[{"href":"https:\/\/www.europesays.com\/fr\/wp-json\/wp\/v2\/media?parent=314120"}],"wp:term":[{"taxonomy":"category","embeddable":true,"href":"https:\/\/www.europesays.com\/fr\/wp-json\/wp\/v2\/categories?post=314120"},{"taxonomy":"post_tag","embeddable":true,"href":"https:\/\/www.europesays.com\/fr\/wp-json\/wp\/v2\/tags?post=314120"}],"curies":[{"name":"wp","href":"https:\/\/api.w.org\/{rel}","templated":true}]}}