{"id":314122,"date":"2025-08-12T14:42:11","date_gmt":"2025-08-12T14:42:11","guid":{"rendered":"https:\/\/www.europesays.com\/fr\/314122\/"},"modified":"2025-08-12T14:42:11","modified_gmt":"2025-08-12T14:42:11","slug":"le-regret-dechirant-de-liam-lawson-la-masterclass-manquee-avec-max-verstappen-chez-red-bull-f1","status":"publish","type":"post","link":"https:\/\/www.europesays.com\/fr\/314122\/","title":{"rendered":"Le Regret D\u00e9chirant de Liam Lawson : La Masterclass Manqu\u00e9e avec Max Verstappen chez Red Bull F1"},"content":{"rendered":"<p><strong>Titre : Le Regret D\u00e9chirant de Liam Lawson Concernant Son Court Passage chez Red Bull F1<\/strong><\/p>\n<p>Dans une r\u00e9v\u00e9lation \u00e9poustouflante qui a envoy\u00e9 des ondes de choc \u00e0 travers la communaut\u00e9 de la Formule 1, Liam Lawson a partag\u00e9 ouvertement son profond regret concernant son passage \u00e9ph\u00e9m\u00e8re chez Red Bull Racing. Ce qui \u00e9tait autrefois une opportunit\u00e9 passionnante de s\u2019associer au l\u00e9gendaire Max Verstappen s\u2019est rapidement transform\u00e9 en une exp\u00e9rience d\u00e9courageante qui a laiss\u00e9 Lawson d\u00e9sireux de plus.<\/p>\n<p>Le pilote n\u00e9o-z\u00e9landais a d\u00e9but\u00e9 la saison dans un \u00e9clat de gloire, rejoignant l\u2019\u00e9quipe d\u2019\u00e9lite de Red Bull aux c\u00f4t\u00e9s de Verstappen. Cependant, dans un retournement de situation que l\u2019on ne peut d\u00e9crire que comme un cauchemar, le temps de Lawson en tant que co\u00e9quipier de Verstappen a \u00e9t\u00e9 \u00e9court\u00e9 apr\u00e8s seulement deux courses. Apr\u00e8s deux week-ends cons\u00e9cutifs de performances d\u00e9cevantes et sans points, Red Bull a pris la d\u00e9cision rapide de le remplacer par Yuki Tsunoda\u2014un choix que Lawson admet lui avoir enlev\u00e9 une opportunit\u00e9 d\u2019apprentissage unique.<\/p>\n<p>En r\u00e9fl\u00e9chissant \u00e0 son bref moment sous les projecteurs, Lawson a d\u00e9plor\u00e9 la perte d\u2019informations pr\u00e9cieuses qu\u2019il aurait pu acqu\u00e9rir en observant de pr\u00e8s l\u2019habilet\u00e9 de conduite de Verstappen. \u201cJ\u2019\u00e9tais tr\u00e8s excit\u00e9 d\u2019avoir cette opportunit\u00e9 de voir fondamentalement tout ce qu\u2019il faisait en d\u00e9tail,\u201d a avou\u00e9 Lawson, \u00e9clairant la profondeur de ses ambitions. Il a soulign\u00e9 \u00e0 quel point il est crucial pour les pilotes d\u2019analyser des donn\u00e9es telles que les traces de vitesse, les points de freinage et les positions de l\u2019acc\u00e9l\u00e9rateur\u2014des \u00e9l\u00e9ments qui sont essentiels pour ma\u00eetriser l\u2019art de la course.<\/p>\n<p>Malgr\u00e9 l\u2019acc\u00e8s \u00e0 une richesse de donn\u00e9es partag\u00e9es \u00e0 travers le r\u00e9seau, Lawson d\u00e9sirait les d\u00e9tails complexes qu\u2019un co\u00e9quipier pouvait uniquement fournir. \u201cC\u2019est des donn\u00e9es tr\u00e8s simples, mais en tant que pilote, c\u2019est ce qui compte le plus pour nous,\u201d a-t-il not\u00e9, soulignant l\u2019importance de ces observations nuanc\u00e9es qui lui \u00e9chappaient en si peu de temps.<\/p>\n<p>En contraste frappant, Tsunoda, qui a pris la rel\u00e8ve de Lawson, a eu peu de succ\u00e8s avec la RB21, entrant dans la pause estivale sans marquer de points lors de six courses. Pendant ce temps, Lawson a connu une r\u00e9surgence avec Racing Bulls, d\u00e9crochant deux huiti\u00e8mes places cons\u00e9cutives en Belgique et en Hongrie, mettant en avant son talent ind\u00e9niable et sa r\u00e9silience.<\/p>\n<p>Alors que le temps s\u2019\u00e9coule jusqu\u2019\u00e0 la d\u00e9cision de Red Bull concernant le futur partenaire de Verstappen pour 2026, l\u2019attention de Lawson reste enti\u00e8rement concentr\u00e9e sur le pr\u00e9sent. \u201cHonn\u00eatement, en ce qui concerne mon avenir, \u00e7a a \u00e9t\u00e9 tellement charg\u00e9 cette ann\u00e9e que je n\u2019y pense pas vraiment,\u201d a-t-il d\u00e9clar\u00e9 candidement aux m\u00e9dias, y compris Motorsport Week. \u201cJe suis concentr\u00e9 sur le fait de r\u00e9aliser de bonnes courses. \u00c9videmment, nous en avons eu quelques-unes r\u00e9cemment, mais trois d\u2019entre elles ne suffisent pas sur 12 courses, donc nous devons en faire plus, et ensuite nous verrons.\u201d<\/p>\n<p>Dans un sport o\u00f9 les opportunit\u00e9s sont rares et \u00e9ph\u00e9m\u00e8res, l\u2019exp\u00e9rience de Lawson sert de rappel poignant de la fine ligne entre le triomphe et la d\u00e9ception dans le monde \u00e0 haute vitesse de la Formule 1. Alors que les fans et les experts attendent son prochain mouvement, une chose est claire comme de l\u2019eau de roche : Liam Lawson est un nom \u00e0 surveiller\u2014un nom d\u00e9termin\u00e9 \u00e0 transformer ses regrets en victoires futures.<\/p>\n","protected":false},"excerpt":{"rendered":"Titre : Le Regret D\u00e9chirant de Liam Lawson Concernant Son Court Passage chez Red Bull F1 Dans une&hellip;\n","protected":false},"author":2,"featured_media":314123,"comment_status":"","ping_status":"","sticky":false,"template":"","format":"standard","meta":{"footnotes":""},"categories":[1412],"tags":[45366,1451,1452,1453,1454,1455,1011,27,45367,44485,45368,13449,60,31350],"class_list":{"0":"post-314122","1":"post","2":"type-post","3":"status-publish","4":"format-standard","5":"has-post-thumbnail","7":"category-f1","8":"tag-2025-formula-1-championship","9":"tag-f1","10":"tag-formula-1","11":"tag-formula1","12":"tag-formule-1","13":"tag-formule1","14":"tag-fr","15":"tag-france","16":"tag-liam-lawson-2","17":"tag-max-verstappen-en","18":"tag-racing-bulls-2","19":"tag-red-bull-racing","20":"tag-sports","21":"tag-yuki-tsunodas"},"share_on_mastodon":{"url":"https:\/\/pubeurope.com\/@fr\/115016325163462196","error":""},"_links":{"self":[{"href":"https:\/\/www.europesays.com\/fr\/wp-json\/wp\/v2\/posts\/314122","targetHints":{"allow":["GET"]}}],"collection":[{"href":"https:\/\/www.europesays.com\/fr\/wp-json\/wp\/v2\/posts"}],"about":[{"href":"https:\/\/www.europesays.com\/fr\/wp-json\/wp\/v2\/types\/post"}],"author":[{"embeddable":true,"href":"https:\/\/www.europesays.com\/fr\/wp-json\/wp\/v2\/users\/2"}],"replies":[{"embeddable":true,"href":"https:\/\/www.europesays.com\/fr\/wp-json\/wp\/v2\/comments?post=314122"}],"version-history":[{"count":0,"href":"https:\/\/www.europesays.com\/fr\/wp-json\/wp\/v2\/posts\/314122\/revisions"}],"wp:featuredmedia":[{"embeddable":true,"href":"https:\/\/www.europesays.com\/fr\/wp-json\/wp\/v2\/media\/314123"}],"wp:attachment":[{"href":"https:\/\/www.europesays.com\/fr\/wp-json\/wp\/v2\/media?parent=314122"}],"wp:term":[{"taxonomy":"category","embeddable":true,"href":"https:\/\/www.europesays.com\/fr\/wp-json\/wp\/v2\/categories?post=314122"},{"taxonomy":"post_tag","embeddable":true,"href":"https:\/\/www.europesays.com\/fr\/wp-json\/wp\/v2\/tags?post=314122"}],"curies":[{"name":"wp","href":"https:\/\/api.w.org\/{rel}","templated":true}]}}