{"id":314127,"date":"2025-08-12T14:45:13","date_gmt":"2025-08-12T14:45:13","guid":{"rendered":"https:\/\/www.europesays.com\/fr\/314127\/"},"modified":"2025-08-12T14:45:13","modified_gmt":"2025-08-12T14:45:13","slug":"jennifer-aniston-se-confie-sur-sa-rupture-avec-brad-pitt-20-ans-apres","status":"publish","type":"post","link":"https:\/\/www.europesays.com\/fr\/314127\/","title":{"rendered":"Jennifer Aniston se confie sur sa rupture avec Brad Pitt 20 ans apr\u00e8s"},"content":{"rendered":"<p class=\"article-p mdl\">Ils ont form\u00e9 l&rsquo;un des couples les plus c\u00e9l\u00e8bres d&rsquo;Hollywood. Dans une interview accord\u00e9e \u00e0\u00a0<a class=\"link\" href=\"https:\/\/www.vanityfair.com\/hollywood\/story\/jennifer-aniston-cover-story\" target=\"_blank\" rel=\"noopener\">Vanity Fair<\/a>, publi\u00e9e ce lundi 11 ao\u00fbt 2025, Jennifer Aniston s&rsquo;est une nouvelle fois confi\u00e9e sur\u00a0<a class=\"link\" href=\"https:\/\/www.rtl.fr\/culture\/medias-people\/brad-pitt-sa-reaction-naive-apres-ses-retrouvailles-avec-jennifer-aniston-7799956040\" target=\"_blank\" rel=\"noopener\">son divorce avec Brad Pitt<\/a>\u00a0et le r\u00f4le des m\u00e9dias.\u00a0<\/p>\n<p class=\"article-p mdl\">L&rsquo;actrice de 56 ans explique s&rsquo;\u00eatre sentie \u00ab\u00a0vuln\u00e9rable\u00a0\u00bb face au cirque m\u00e9diatique accompagnant cette s\u00e9paration en 2005. \u00ab\u00a0C&rsquo;\u00e9tait une lecture tellement savoureuse pour les gens. Si les gens n&rsquo;avaient pas leurs feuilletons, ils avaient leurs tablo\u00efds\u00a0\u00bb, analyse-t-elle.<\/p>\n<p class=\"article-p mdl\">Vingt ans apr\u00e8s, elle compare d&rsquo;ailleurs toute cette attention \u00e0 un sport soulignant la pression constante \u00e0 laquelle elle \u00e9tait soumise. \u00ab\u00a0On souffre tous de stress post-traumatique, c\u2019est \u00e9vident\u00a0\u00bb. \u00ab\u00a0C&rsquo;est dommage que cela ait d\u00fb arriver, mais cela est arriv\u00e9. Je l&rsquo;ai pris personnellement.\u00a0\u00bb<br \/>Face \u00e0 tout \u00e7a,\u00a0<a class=\"link\" href=\"https:\/\/www.rtl.fr\/culture\/medias-people\/friends-quand-jennifer-aniston-avoue-sa-nostalgie-pour-les-annees-1990-7798170843\" target=\"_blank\" rel=\"noopener\">la com\u00e9dienne de Friends<\/a>\u00a0reconna\u00eet ne pas avoir eu les armes \u00e0 l&rsquo;\u00e9poque. \u00ab\u00a0Je n&rsquo;avais pas une constitution assez forte pour ne pas \u00eatre affect\u00e9e par cela. Nous sommes des \u00eatres humains, m\u00eame si certaines personnes ne veulent pas le croire. (\u2026) Nous n&rsquo;avons vraiment pas sign\u00e9 pour cela\u00a0\u00bb.<\/p>\n<p>    La r\u00e9daction vous recommande<\/p>\n<p class=\"s-newsletter__title\">\n                L\u2019actualit\u00e9 par la r\u00e9daction de RTL dans votre bo\u00eete mail.\n            <\/p>\n<p class=\"s-newsletter__subtitle\">\n                Gr\u00e2ce \u00e0 votre compte RTL abonnez-vous \u00e0 la newsletter RTL info pour suivre toute l&rsquo;actualit\u00e9 au quotidien\n            <\/p>\n<p>\n                                    Lire la suite\n                                <\/p>\n","protected":false},"excerpt":{"rendered":"Ils ont form\u00e9 l&rsquo;un des couples les plus c\u00e9l\u00e8bres d&rsquo;Hollywood. Dans une interview accord\u00e9e \u00e0\u00a0Vanity Fair, publi\u00e9e ce&hellip;\n","protected":false},"author":2,"featured_media":314128,"comment_status":"","ping_status":"","sticky":false,"template":"","format":"standard","meta":{"footnotes":""},"categories":[1359],"tags":[2134,58,7681,59,2414,107,1011,27,37640,973],"class_list":{"0":"post-314127","1":"post","2":"type-post","3":"status-publish","4":"format-standard","5":"has-post-thumbnail","7":"category-people","8":"tag-brad-pitt","9":"tag-divertissement","10":"tag-divorce","11":"tag-entertainment","12":"tag-fil-culture","13":"tag-fil-info","14":"tag-fr","15":"tag-france","16":"tag-jennifer-aniston","17":"tag-people"},"share_on_mastodon":{"url":"https:\/\/pubeurope.com\/@fr\/115016336930000141","error":""},"_links":{"self":[{"href":"https:\/\/www.europesays.com\/fr\/wp-json\/wp\/v2\/posts\/314127","targetHints":{"allow":["GET"]}}],"collection":[{"href":"https:\/\/www.europesays.com\/fr\/wp-json\/wp\/v2\/posts"}],"about":[{"href":"https:\/\/www.europesays.com\/fr\/wp-json\/wp\/v2\/types\/post"}],"author":[{"embeddable":true,"href":"https:\/\/www.europesays.com\/fr\/wp-json\/wp\/v2\/users\/2"}],"replies":[{"embeddable":true,"href":"https:\/\/www.europesays.com\/fr\/wp-json\/wp\/v2\/comments?post=314127"}],"version-history":[{"count":0,"href":"https:\/\/www.europesays.com\/fr\/wp-json\/wp\/v2\/posts\/314127\/revisions"}],"wp:featuredmedia":[{"embeddable":true,"href":"https:\/\/www.europesays.com\/fr\/wp-json\/wp\/v2\/media\/314128"}],"wp:attachment":[{"href":"https:\/\/www.europesays.com\/fr\/wp-json\/wp\/v2\/media?parent=314127"}],"wp:term":[{"taxonomy":"category","embeddable":true,"href":"https:\/\/www.europesays.com\/fr\/wp-json\/wp\/v2\/categories?post=314127"},{"taxonomy":"post_tag","embeddable":true,"href":"https:\/\/www.europesays.com\/fr\/wp-json\/wp\/v2\/tags?post=314127"}],"curies":[{"name":"wp","href":"https:\/\/api.w.org\/{rel}","templated":true}]}}