{"id":314133,"date":"2025-08-12T14:48:17","date_gmt":"2025-08-12T14:48:17","guid":{"rendered":"https:\/\/www.europesays.com\/fr\/314133\/"},"modified":"2025-08-12T14:48:17","modified_gmt":"2025-08-12T14:48:17","slug":"elise-en-plein-dilemme-perdre-julian-ou-rater-la-chance-de-sa-vie-tout-pour-la-lumiere-19-aout-2025-episode-47-resume-complet-tp2l","status":"publish","type":"post","link":"https:\/\/www.europesays.com\/fr\/314133\/","title":{"rendered":"Elise en plein dilemme : perdre Julian ou rater la chance de sa vie &#8211; Tout pour la lumi\u00e8re 19 ao\u00fbt 2025 (\u00e9pisode 47 &#8211; r\u00e9sum\u00e9 complet TP2L)"},"content":{"rendered":"<p><img fetchpriority=\"high\" decoding=\"async\" aria-describedby=\"caption-attachment-309595\" src=\"https:\/\/www.europesays.com\/fr\/wp-content\/uploads\/2025\/08\/elise-hadrien-tp2L47.jpg\" alt=\"Elise et Hadrien tp2L \" width=\"1280\" height=\"720\" class=\"size-full wp-image-309595\"  \/><\/p>\n<p id=\"caption-attachment-309595\" class=\"wp-caption-text\">Elise (Marie Alexandre) au c\u0153ur d\u2019un choix d\u00e9chirant avec Julian (Alex Doux) : amiti\u00e9 ou r\u00e9ussite ! Hadrien veut qu\u2019elle prenne la d\u00e9cision qui lui correspond.<\/p>\n<p>Tout ce qu\u2019il faut savoir sur l\u2019\u00e9pisode 47 de Tout pour la lumi\u00e8re du 19 ao\u00fbt 2025 de TF1 et Netflix : tous les <strong>spoilers cl\u00e9s <\/strong>des intrigues du jour.<\/p>\n<p>Tout pour la lumi\u00e8re en avance (TF1) : Eric d\u00e9couvre Baptiste et le secret de Julian <\/p>\n<p><strong>Baptiste<\/strong> passe au Com\u00e8te pour demander o\u00f9 est <strong>Julian<\/strong>. <strong>Eric<\/strong> avoue qu\u2019il s\u2019inqui\u00e8te pour lui\u2026 et comprend qu\u2019il a un <strong>souci avec l\u2019alcool<\/strong>. Eric confie qu\u2019il aime bien ce gamin. Baptiste r\u00e9v\u00e8le qu\u2019il est <strong>le parrain de Julian dans un groupe de parole<\/strong>. Baptiste demande \u00e0 Eric d\u2019\u00eatre pr\u00e9sent\u2026 Le plus important pour Julian, c\u2019est qu\u2019il <strong>admette qu\u2019il a rechut\u00e9<\/strong>.<\/p>\n<p><img loading=\"lazy\" decoding=\"async\" aria-describedby=\"caption-attachment-309589\" src=\"data:image\/svg+xml,%3Csvg%20xmlns=\" http:=\"\" alt=\"julian tp2l \" width=\"1200\" height=\"630\" class=\"size-full wp-image-309589\" data-lazy- data-lazy- data-lazy-src=\"https:\/\/www.europesays.com\/fr\/wp-content\/uploads\/2025\/08\/tp2l-47Ba.jpg\"\/><\/p>\n<p id=\"caption-attachment-309589\" class=\"wp-caption-text\">Julian bourr\u00e9 avoue tout \u00e0 Elise<\/p>\n<p>Plus tard, Eric conseille \u00e0 Julian de faire une pause au Com\u00e8te et de retourner au groupe de parole. Mais Julian <strong>perd patience<\/strong> et s\u2019emporte : il dit qu\u2019il se casse.<\/p>\n<p><strong>Baya<\/strong> retrouve <strong>Mohamed<\/strong>, transform\u00e9 : s\u00e9rieux, sobre, r\u00e9fl\u00e9chi, avec un nouveau look. Il vit mal de s\u2019\u00eatre affich\u00e9 devant <strong>Max<\/strong> et <strong>Victoria<\/strong> avec le fameux tablier \u00ab\u00a0nude\u00a0\u00bb. Mohamed s\u2019efforce de devenir <strong>le gendre id\u00e9al<\/strong>. Mais Victoria et Max lui disent qu\u2019ils le pr\u00e9f\u00e8rent <strong>naturel et d\u00e9tendu<\/strong>.<\/p>\n<p>Julian arrive en retard au bar, affirmant qu\u2019il s\u2019est juste \u00e9nerv\u00e9. Il <strong>nie avoir bu<\/strong>, puis finit par admettre qu\u2019il prend un verre de temps en temps\u2026 mais pr\u00e9tend qu\u2019il g\u00e8re.<\/p>\n<p>Petite chor\u00e9graphie sur \u00ab\u00a0Alors, on danse ?\u00a0\u00bb de Stroma\u00e9, avec <strong>Jacob<\/strong> : <strong>Marina<\/strong> est enthousiaste et f\u00e9licite les \u00e9l\u00e8ves.<\/p>\n<p><img loading=\"lazy\" decoding=\"async\" aria-describedby=\"caption-attachment-309593\" src=\"data:image\/svg+xml,%3Csvg%20xmlns=\" http:=\"\" alt=\"Victoria et Max tp2L \" width=\"1200\" height=\"614\" class=\"size-full wp-image-309593\" data-lazy- data-lazy- data-lazy-src=\"https:\/\/www.europesays.com\/fr\/wp-content\/uploads\/2025\/08\/tp2l-47ca.jpg\"\/><\/p>\n<p id=\"caption-attachment-309593\" class=\"wp-caption-text\">Victoria et Max pas convaincus du nouveau Mohamed<\/p>\n<p><strong>Jo\u00ebl<\/strong> vient voir Jacob au sujet du programme th\u00e9rapeutique pour <strong>Florence<\/strong>. Jo\u00ebl craint que Florence <strong>repousse ind\u00e9finiment l\u2019op\u00e9ration<\/strong>.<\/p>\n<p><strong>Oph\u00e9lia<\/strong> a \u00e9cout\u00e9 la maquette de Julian et n\u2019est pas convaincue. Elle dit ne pas \u00eatre touch\u00e9e par le morceau. Oph\u00e9lia propose un <strong>coaching sur l\u2019autre morceau<\/strong> (celui d\u2019Elise). Julian est \u00e0 bout\u2026 rien ne va plus.<\/p>\n<p>Tout pour la lumi\u00e8re 19 ao\u00fbt 2025 : Julian (Alex Doux) est au fond du gouffre <\/p>\n<p>Julian avoue \u00e0 <strong>Elise<\/strong> qu\u2019il lui avait <strong>vol\u00e9 son morceau<\/strong>. Elise, sous le choc, fait une <strong>crise de panique<\/strong> avant de passer devant Jo\u00ebl.<\/p>\n<p><img loading=\"lazy\" decoding=\"async\" aria-describedby=\"caption-attachment-309591\" src=\"data:image\/svg+xml,%3Csvg%20xmlns=\" http:=\"\" alt=\"joel tp2L\" width=\"1200\" height=\"634\" class=\"size-full wp-image-309591\" data-lazy- data-lazy- data-lazy-src=\"https:\/\/www.europesays.com\/fr\/wp-content\/uploads\/2025\/08\/tp2l-47dca.jpg\"\/><\/p>\n<p id=\"caption-attachment-309591\" class=\"wp-caption-text\">Jo\u00ebl est soulag\u00e9 que Florence accepte l\u2019op\u00e9ration<\/p>\n<p>Julian, ivre, lui lance : \u00ab\u00a0Arr\u00eate de te d\u00e9valoriser tout le temps\u00a0\u00bb. Elise se retrouve devant <strong>Jo\u00ebl<\/strong> mais elle est incapable de chanter, malgr\u00e9 le soutien de <strong>Maddie<\/strong>.<\/p>\n<p>Jacob m\u00e9dite avec Florence, mais elle reste <strong>tr\u00e8s angoiss\u00e9e<\/strong>. Elle tente d\u2019affronter ses d\u00e9mons pour se pr\u00e9parer, au fond, \u00e0 l\u2019op\u00e9ration\u2026.et \u00e7a marche !<\/p>\n<p><strong>Hadrien<\/strong> confronte Julian : il lui reproche d\u2019avoir <strong>vol\u00e9 la chanson d\u2019Elise<\/strong> et de lui avoir g\u00e2ch\u00e9 son audition. Une fiole d\u2019alcool tombe\u2026 Hadrien est sous le choc : Julian lui avait jur\u00e9 qu\u2019il ne buvait pas.<\/p>\n<p>Florence demande \u00e0 <strong>Marina<\/strong> et Jo\u00ebl de venir \u00e0 la villa : elle avoue avoir compris qu\u2019elle n\u2019a <strong>aucun contr\u00f4le sur l\u2019op\u00e9ration<\/strong> et que cela la terrifie. Mais elle prend la <strong>d\u00e9cision de se faire op\u00e9rer<\/strong>.<\/p>\n<p><img loading=\"lazy\" decoding=\"async\" aria-describedby=\"caption-attachment-309587\" src=\"data:image\/svg+xml,%3Csvg%20xmlns=\" http:=\"\" alt=\" Mohamed  tp2L \" width=\"1200\" height=\"685\" class=\"size-full wp-image-309587\" data-lazy- data-lazy- data-lazy-src=\"https:\/\/www.europesays.com\/fr\/wp-content\/uploads\/2025\/08\/tp2l-47a.jpg\"\/><\/p>\n<p id=\"caption-attachment-309587\" class=\"wp-caption-text\">Le nouveau Mohamed est n\u00e9<\/p>\n<p>Elise et Hadrien partagent une pizza au studio en mode r\u00e9confort. Elise est d\u00e9\u00e7ue : elle pensait que Julian \u00e9tait son ami, et c\u2019est pour \u00e7a que \u00e7a fait si mal. Mais maintenant, elle doit <strong>prendre une d\u00e9cision<\/strong> : parler \u00e0 Oph\u00e9lia, au risque que Julian se fasse virer\u2026 ou se taire.<br \/>Elise confie \u00e0 son fr\u00e8re : \u00ab\u00a0Soit je perds mon pote, soit je laisse passer la chance de ma vie\u00a0\u00bb.<\/p>\n<p>Que pensez-vous du nouvel \u00e9pisode de Tout pour la lumi\u00e8re ? R\u00e9agissez en commentaire \ud83d\udcac ci-dessous. <\/p>\n<p>\u00c0 suivre le <strong>r\u00e9sum\u00e9 complet Tout pour la lumi\u00e8re \u00e9pisode 48<\/strong> du 20 ao\u00fbt 2025 sur TF1 \/ Netflix.<\/p>\n<p>Fan de Tout pour la lumi\u00e8re ? les s\u00e9ries \u00e0 ne pas manquer <\/p>\n<p>Si vous \u00eates accro \u00e0 Tout pour la lumi\u00e8re, voici les s\u00e9ries qui vont s\u00fbrement devenir vos prochains coups de c\u0153ur !<\/p>\n<p><a href=\"https:\/\/www.nouveautes-tele.com\/118986-nouveau-feuilleton-sur-tf1.html\" rel=\"nofollow noopener\" target=\"_blank\"><strong>Ici tout commence<\/strong><\/a> \u00e0 18h30, l\u2019univers culinaire de TF1 avec Benjamin Baroche ou encore le feuilleton <a href=\"https:\/\/www.nouveautes-tele.com\/62784-resume-demain-nous-appartient-tf1-en-avance-spoilers-devoiles.html\" rel=\"nofollow noopener\" target=\"_blank\"><strong>Demain nous appartient <\/strong><\/a> avec Ingrid Chauvin sur TF1 \u00e0 19H10. Quant \u00e0 <a href=\"https:\/\/www.nouveautes-tele.com\/86457-grand-soleil-le-guide-complet-du-feuilleton-france-2-rentree-2018.html\" rel=\"nofollow noopener\" target=\"_blank\"><strong>Un si grand soleil<\/strong><\/a>, il est diffus\u00e9 \u00e0 20h35 juste avant le prime-time sur France 3 tout comme <a href=\"https:\/\/www.nouveautes-tele.com\/288115-nouveau-jour-sur-m6-feuilleton.html\" rel=\"nofollow noopener\" target=\"_blank\"><strong>Nouveau jour<\/strong><\/a> sur M6 d\u00e8s le 30 juin. Enfin, pour les nostalgiques <a href=\"https:\/\/www.nouveautes-tele.com\/38439-plus-belle-la-vie-le-guide-des-resumes-et-spoilers.html\" rel=\"nofollow noopener\" target=\"_blank\"><strong>Plus belle la vie sur TF1<\/strong><\/a> \u00e0 13h50\u2026 et la vie est encore plus belle du lundi au vendredi. <\/p>\n<p>-&gt; N&rsquo;h\u00e9sitez pas \u00e0 nous suivre sur <a href=\"https:\/\/whatsapp.com\/channel\/0029Vaff4LEFcowCVHrXqx17\" target=\"_blank\" rel=\"noopener nofollow\"><strong>notre cha\u00eene WhatsApp<\/strong><\/a> pour ne rien manquer des derni\u00e8res actualit\u00e9s de Nouveaut\u00e9s-T\u00e9l\u00e9. &#13;<br \/>\n&#13;<\/p>\n<p>                          <img loading=\"lazy\" decoding=\"async\" width=\"512\" height=\"512\" src=\"data:image\/svg+xml,%3Csvg%20xmlns=\" http:=\"\" alt=\"Logo de Nouveaut\u00e9 t\u00e9l\u00e9\" data-lazy-src=\"https:\/\/www.europesays.com\/fr\/wp-content\/uploads\/2025\/06\/nt-logo.png\"\/><\/p>\n<p>\t\t\t  Isabelle Corteilles<\/p>\n<p>Titou, passionn\u00e9e de m\u00e9dias et incollable sur l\u2019actualit\u00e9 des s\u00e9ries t\u00e9l\u00e9. De la g\u00e9n\u00e9ration Dawson\u2019s Creek et Sous le Soleil, je navigue aujourd\u2019hui entre le Spoon de DNA, les marais salants d\u2019ITC, le Mistral de PBLV, le Com\u00e8te de TP2L, la Pe\u00f1a Loca de Nouveau Jour et les Sauvages d\u2019Un Si Grand Soleil, pour ne rien rater des derni\u00e8res intrigues et indiscr\u00e9tions.<\/p>\n","protected":false},"excerpt":{"rendered":"Elise (Marie Alexandre) au c\u0153ur d\u2019un choix d\u00e9chirant avec Julian (Alex Doux) : amiti\u00e9 ou r\u00e9ussite ! Hadrien&hellip;\n","protected":false},"author":2,"featured_media":314134,"comment_status":"","ping_status":"","sticky":false,"template":"","format":"standard","meta":{"footnotes":""},"categories":[1356],"tags":[58,59,1011,27,252,1364],"class_list":{"0":"post-314133","1":"post","2":"type-post","3":"status-publish","4":"format-standard","5":"has-post-thumbnail","7":"category-television","8":"tag-divertissement","9":"tag-entertainment","10":"tag-fr","11":"tag-france","12":"tag-television","13":"tag-tv"},"share_on_mastodon":{"url":"https:\/\/pubeurope.com\/@fr\/115016348877645034","error":""},"_links":{"self":[{"href":"https:\/\/www.europesays.com\/fr\/wp-json\/wp\/v2\/posts\/314133","targetHints":{"allow":["GET"]}}],"collection":[{"href":"https:\/\/www.europesays.com\/fr\/wp-json\/wp\/v2\/posts"}],"about":[{"href":"https:\/\/www.europesays.com\/fr\/wp-json\/wp\/v2\/types\/post"}],"author":[{"embeddable":true,"href":"https:\/\/www.europesays.com\/fr\/wp-json\/wp\/v2\/users\/2"}],"replies":[{"embeddable":true,"href":"https:\/\/www.europesays.com\/fr\/wp-json\/wp\/v2\/comments?post=314133"}],"version-history":[{"count":0,"href":"https:\/\/www.europesays.com\/fr\/wp-json\/wp\/v2\/posts\/314133\/revisions"}],"wp:featuredmedia":[{"embeddable":true,"href":"https:\/\/www.europesays.com\/fr\/wp-json\/wp\/v2\/media\/314134"}],"wp:attachment":[{"href":"https:\/\/www.europesays.com\/fr\/wp-json\/wp\/v2\/media?parent=314133"}],"wp:term":[{"taxonomy":"category","embeddable":true,"href":"https:\/\/www.europesays.com\/fr\/wp-json\/wp\/v2\/categories?post=314133"},{"taxonomy":"post_tag","embeddable":true,"href":"https:\/\/www.europesays.com\/fr\/wp-json\/wp\/v2\/tags?post=314133"}],"curies":[{"name":"wp","href":"https:\/\/api.w.org\/{rel}","templated":true}]}}