{"id":314135,"date":"2025-08-12T14:49:13","date_gmt":"2025-08-12T14:49:13","guid":{"rendered":"https:\/\/www.europesays.com\/fr\/314135\/"},"modified":"2025-08-12T14:49:13","modified_gmt":"2025-08-12T14:49:13","slug":"copie-par-jul-kendji-girac-reprend-son-titre-a-la-guitare","status":"publish","type":"post","link":"https:\/\/www.europesays.com\/fr\/314135\/","title":{"rendered":"copi\u00e9 par Jul, Kendji Girac reprend son titre \u00e0 la guitare"},"content":{"rendered":"<p><img decoding=\"async\" src=\"https:\/\/www.europesays.com\/fr\/wp-content\/uploads\/2025\/08\/photo_1754907650.jpg\" class=\"textcenter img-content\" loading=\"lazy\"\/>Bestimage \/ Anna Kurth \/ AFP<br \/>\n<br \/>\nJul est dans la tourmente \u00e0 cause de son dernier titre <a href=\"https:\/\/www.chartsinfrance.net\/Jul\/news-133385.html\" target=\"_blank\" class=\"spip_out\" rel=\"nofollow noopener\">\u00ab\u00a0Toi et moi\u00a0\u00bb<\/a>. Tout d&rsquo;abord puisque le rappeur marseillais s&rsquo;offre un \u00e9tonnant virage en terres gypsy pop, qui rappelle \u00e9norm\u00e9ment l&rsquo;univers de Kendji Girac. Mais surtout puisque sa chanson est accus\u00e9e d&rsquo;avoir \u00e9t\u00e9 <a href=\"https:\/\/www.chartsinfrance.net\/Jul\/news-133402.html\" target=\"_blank\" class=\"spip_out\" rel=\"nofollow noopener\">g\u00e9n\u00e9r\u00e9e par une intelligence artificielle<\/a>. C&rsquo;est le producteur LnKhey qui a mis le feu aux poudres, pointant notamment du doigt la faible qualit\u00e9 sonore du morceau et la pr\u00e9sence de bruits de fond pour cacher les silences. \u00ab C&rsquo;est \u00e9vident \u00e0 l&rsquo;oreille, c&rsquo;est cram\u00e9 \u00e0 1000 kilom\u00e8tres. (&#8230;) M\u00eame en r\u00e9cup\u00e9rant le fichier original sur les plateformes qui est cens\u00e9 \u00eatre de haute qualit\u00e9, la qualit\u00e9 reste pourrie comme si c&rsquo;\u00e9taient des vieux MP3 \u00bb peste-t-il dans une vid\u00e9o devenue virale.<\/p>\n<p>Le player Dailymotion est en train de se charger&#8230;<\/p>\n<p>\u00ab\u00a0Kendjul existe donc vraiment\u00a0\u00bb<br \/>\nSi Jul lui a r\u00e9pondu en vid\u00e9o, il peut avoir le sourire puisque \u00ab\u00a0Toi et moi\u00a0\u00bb d\u00e9marre directement \u00e0 <a href=\"https:\/\/www.chartsinfrance.net\/actualite\/news-133467.html\" target=\"_blank\" class=\"spip_out\" rel=\"nofollow noopener\">la sixi\u00e8me place du Top Singles<\/a> avec 3,4 millions d&rsquo;\u00e9coutes en streaming. Soit le deuxi\u00e8me meilleur d\u00e9marrage de la semaine derri\u00e8re Gims et <a href=\"https:\/\/www.chartsinfrance.net\/GIMS\/news-133380.html\" target=\"_blank\" class=\"spip_out\" rel=\"nofollow noopener\">\u00ab\u00a0Parisienne\u00a0\u00bb<\/a>. Et c&rsquo;est d\u00e9sormais Kendji Girac qui entre dans la danse ! Ce week-end, le chanteur et vainqueur de \u00ab\u00a0The Voice\u00a0\u00bb a publi\u00e9 une vid\u00e9o sur Instagram o\u00f9 on le voit reprendre le fameux \u00ab\u00a0Toi et moi\u00a0\u00bb de Jul. Et la ressemblance entre les deux univers est plus que frappante ! \u00ab Vamos ! Et merci Jul \u00bb conclut-il, guitare \u00e0 la main et le sourire aux l\u00e8vres, pour une relecture musicale aux allures de jeu des 7 erreurs.<\/p>\n<blockquote class=\"instagram-media\" data-instgrm-permalink=\"https:\/\/www.instagram.com\/reel\/DNGhpMINzyN\/?utm_source=ig_embed&amp;utm_campaign=loading\" data-instgrm-version=\"14\" style=\" background:#FFF; border:0; border-radius:3px; box-shadow:0 0 1px 0 rgba(0,0,0,0.5),0 1px 10px 0 rgba(0,0,0,0.15); margin: 1px; max-width:540px; min-width:326px; padding:0; width:99.375%; width:-webkit-calc(100% - 2px); width:calc(100% - 2px);\"\/>\n<p>Et cette reprise, d\u00e9j\u00e0 visionn\u00e9e plus de 8 millions de fois entre Instagram et TikTok, a les faveurs des internautes, bien plus que la version originale de Jul. \u00ab C&rsquo;est d\u00e9j\u00e0 beaucoup plus cr\u00e9dible comme \u00e7a \u00bb, \u00ab C&rsquo;est tellement le multiverse que j&rsquo;ai cru c&rsquo;\u00e9tait une IA au d\u00e9but \u00bb, \u00ab Tu le fais mille fois mieux que le propre interpr\u00e8te \u00bb, \u00ab Y&rsquo;a un mec il s&rsquo;appelle Jul, il t&rsquo;imite \u00bb, \u00ab Kendjul existe donc vraiment \u00bb, \u00ab L\u00e0, \u00e7a passe ! \u00bb, \u00ab Il a \u00e9teint Jul sur sa propre musique \u00bb peut-on lire dans les commentaires sur Instagram. M\u00eame Louane estime qu&rsquo;il s&rsquo;agit d&rsquo;un coup de \u00ab g\u00e9nie \u00bb !<\/p>\n<p><script async src=\"\/\/www.instagram.com\/embed.js\"><\/script><\/p>\n","protected":false},"excerpt":{"rendered":"Bestimage \/ Anna Kurth \/ AFP Jul est dans la tourmente \u00e0 cause de son dernier titre \u00ab\u00a0Toi&hellip;\n","protected":false},"author":2,"featured_media":314136,"comment_status":"","ping_status":"","sticky":false,"template":"","format":"standard","meta":{"footnotes":""},"categories":[1355],"tags":[58,59,1011,27,1361,873],"class_list":{"0":"post-314135","1":"post","2":"type-post","3":"status-publish","4":"format-standard","5":"has-post-thumbnail","7":"category-musique","8":"tag-divertissement","9":"tag-entertainment","10":"tag-fr","11":"tag-france","12":"tag-music","13":"tag-musique"},"share_on_mastodon":{"url":"https:\/\/pubeurope.com\/@fr\/115016352714108486","error":""},"_links":{"self":[{"href":"https:\/\/www.europesays.com\/fr\/wp-json\/wp\/v2\/posts\/314135","targetHints":{"allow":["GET"]}}],"collection":[{"href":"https:\/\/www.europesays.com\/fr\/wp-json\/wp\/v2\/posts"}],"about":[{"href":"https:\/\/www.europesays.com\/fr\/wp-json\/wp\/v2\/types\/post"}],"author":[{"embeddable":true,"href":"https:\/\/www.europesays.com\/fr\/wp-json\/wp\/v2\/users\/2"}],"replies":[{"embeddable":true,"href":"https:\/\/www.europesays.com\/fr\/wp-json\/wp\/v2\/comments?post=314135"}],"version-history":[{"count":0,"href":"https:\/\/www.europesays.com\/fr\/wp-json\/wp\/v2\/posts\/314135\/revisions"}],"wp:featuredmedia":[{"embeddable":true,"href":"https:\/\/www.europesays.com\/fr\/wp-json\/wp\/v2\/media\/314136"}],"wp:attachment":[{"href":"https:\/\/www.europesays.com\/fr\/wp-json\/wp\/v2\/media?parent=314135"}],"wp:term":[{"taxonomy":"category","embeddable":true,"href":"https:\/\/www.europesays.com\/fr\/wp-json\/wp\/v2\/categories?post=314135"},{"taxonomy":"post_tag","embeddable":true,"href":"https:\/\/www.europesays.com\/fr\/wp-json\/wp\/v2\/tags?post=314135"}],"curies":[{"name":"wp","href":"https:\/\/api.w.org\/{rel}","templated":true}]}}