{"id":314137,"date":"2025-08-12T14:50:20","date_gmt":"2025-08-12T14:50:20","guid":{"rendered":"https:\/\/www.europesays.com\/fr\/314137\/"},"modified":"2025-08-12T14:50:20","modified_gmt":"2025-08-12T14:50:20","slug":"critique-des-2-minutes-du-peuple","status":"publish","type":"post","link":"https:\/\/www.europesays.com\/fr\/314137\/","title":{"rendered":"critique des 2 minutes du peuple"},"content":{"rendered":"<p>        Au temps pour moi<\/p>\n<p class=\"wp-embed-aspect-16-9 wp-has-aspect-ratio\">On prend les m\u00eames et on recommence, ou presque. L\u00e0 o\u00f9 <strong>Beyond the Infinite Two Minutes<\/strong> organisait dans un unique plan-s\u00e9quence le m\u00e9lange de plusieurs temporalit\u00e9s, <strong>En boucle<\/strong> <strong>se structure autour d\u2019une multitude de plans-s\u00e9quences de deux minutes<\/strong>, revenant au m\u00eame point de d\u00e9part : une femme, employ\u00e9e de l\u2019auberge Fujiya,\u00a0prend une pause aux abords de la rivi\u00e8re qui longe l\u2019\u00e9tablissement, dans le village idyllique de Kibune. \u00a0<\/p>\n<p>                    <img decoding=\"async\" alt=\"\" class=\"wp-image-518375\" style=\"object-fit:cover;width:25px;height:25px\" src=\"https:\/\/www.ecranlarge.com\/content\/uploads\/2023\/09\/arrow-right-circle.svg\"\/><\/p>\n<p>Ce lieu merveilleux, nich\u00e9 dans les montagnes japonaises, est pr\u00e9sent\u00e9 par Junta Yamaguchi pour sa beaut\u00e9 hors du temps, et s\u2019attarde m\u00eame avec bonheur sur les bruits discrets de la nature, tandis que sa photographie, cotonneuse voire au bord de la surexposition, arbore <strong>un voile lumineux apaisant<\/strong>. Les clients sont \u00e9videmment \u00e0 la recherche de ce cadre bucolique, et pourtant, les premi\u00e8res boucles du film jouent tout de suite sur une agitation, sur des croisements heurt\u00e9s des corps, des pr\u00e9occupations intimes et des communications impossibles.\u00a0<\/p>\n<p>Et puis, \u00e0 la mani\u00e8re d\u2019<strong>Un jour sans fin<\/strong>, tout ce beau monde r\u00e9alise \u00eatre coinc\u00e9 dans cette boucle temporelle de deux minutes, <strong>concept g\u00e9nial et restreint pour cr\u00e9er un faux huis clos<\/strong> et forcer le renouvellement des enjeux. Si le jeu vid\u00e9o s\u2019est rendu sp\u00e9cialiste de ces retours en arri\u00e8re, avec un paquet d\u2019actions alternatives \u00e0 tester, <strong>En boucle<\/strong> impressionne par son esprit tout aussi ludique, laissant vagabonder sa cam\u00e9ra vers de nouveaux embranchements en prenant bien soin d\u2019explorer le moindre centim\u00e8tre carr\u00e9 de son d\u00e9cor. \u00a0<\/p>\n<p>On ne doute pas du calvaire logistique d\u2019une telle approche, et pourtant, Junta Yamaguchi ne laisse pas son dispositif le d\u00e9passer, et construit l\u2019ensemble comme s\u2019il essayait de feindre sa simplicit\u00e9. Pourtant, <strong>sa r\u00e9ussite d\u00e9pend de la minutie de son \u00e9criture<\/strong> (qu\u2019on doit \u00e0 Makoto Ueda, d\u00e9j\u00e0 \u00e0 l\u2019\u0153uvre sur <strong>Beyond the Infinite Two Minutes<\/strong>), autant dans les croquis efficaces des diff\u00e9rents protagonistes que dans le d\u00e9veloppement de ses diff\u00e9rents arcs narratifs, \u00e0 commencer par une histoire d\u2019amour douce et touchante. \u00a0<\/p>\n<p><a href=\"https:\/\/www.ecranlarge.com\/content\/uploads\/2025\/08\/4434913.jpg\" rel=\"nofollow noopener\" target=\"_blank\"><\/p>\n<p><img loading=\"lazy\" decoding=\"async\" alt=\"en boucle\" src=\"https:\/\/www.europesays.com\/fr\/wp-content\/uploads\/2025\/08\/4434913-1260x709.jpg\" width=\"1260\" height=\"709\"  \/><\/p>\n<p><\/a>En boucle mauvaise troupe<\/p>\n<p>Cette empathie et cette tendresse s\u2019av\u00e8rent id\u00e9ales pour donner au film ses r\u00e9guli\u00e8res envol\u00e9es comiques, vrillant petit \u00e0 petit vers une absurdit\u00e9 d\u00e9sopilante. Les tentatives de rationalisation de la situation renforcent la belle philosophie du sc\u00e9nario. Certes, <strong>En boucle<\/strong> \u00e9voque, comme ses mod\u00e8les, la possibilit\u00e9 de se reconstruire par cette pause forc\u00e9e dans le temps, mais il y ajoute la donn\u00e9e du collectif. Par cet enchev\u00eatrement des destins, contraints de ralentir le rythme dans un monde toujours plus rapide, <strong>il y a les ingr\u00e9dients d\u2019un joli film d\u2019\u00e9quipe<\/strong>, o\u00f9 chaque personnage, jusque-l\u00e0 enferm\u00e9 dans sa bulle, se red\u00e9couvre au contact des autres. \u00a0<\/p>\n<p><a href=\"https:\/\/www.ecranlarge.com\/content\/uploads\/2025\/08\/en-boucle_aff_120x160_new.jpg\" rel=\"nofollow noopener\" target=\"_blank\"><\/p>\n<p><img loading=\"lazy\" decoding=\"async\" alt=\"en boucle affiche\" src=\"https:\/\/www.europesays.com\/fr\/wp-content\/uploads\/2025\/08\/en-boucle_aff_120x160_new-1260x1711.jpg\" width=\"1260\" height=\"1711\"  \/><\/p>\n<p><\/a><\/p>\n","protected":false},"excerpt":{"rendered":"Au temps pour moi On prend les m\u00eames et on recommence, ou presque. L\u00e0 o\u00f9 Beyond the Infinite&hellip;\n","protected":false},"author":2,"featured_media":314138,"comment_status":"","ping_status":"","sticky":false,"template":"","format":"standard","meta":{"footnotes":""},"categories":[1354],"tags":[58,59,1346,1011,27,1360],"class_list":{"0":"post-314137","1":"post","2":"type-post","3":"status-publish","4":"format-standard","5":"has-post-thumbnail","7":"category-films","8":"tag-divertissement","9":"tag-entertainment","10":"tag-films","11":"tag-fr","12":"tag-france","13":"tag-movies"},"share_on_mastodon":{"url":"https:\/\/pubeurope.com\/@fr\/115016356725291391","error":""},"_links":{"self":[{"href":"https:\/\/www.europesays.com\/fr\/wp-json\/wp\/v2\/posts\/314137","targetHints":{"allow":["GET"]}}],"collection":[{"href":"https:\/\/www.europesays.com\/fr\/wp-json\/wp\/v2\/posts"}],"about":[{"href":"https:\/\/www.europesays.com\/fr\/wp-json\/wp\/v2\/types\/post"}],"author":[{"embeddable":true,"href":"https:\/\/www.europesays.com\/fr\/wp-json\/wp\/v2\/users\/2"}],"replies":[{"embeddable":true,"href":"https:\/\/www.europesays.com\/fr\/wp-json\/wp\/v2\/comments?post=314137"}],"version-history":[{"count":0,"href":"https:\/\/www.europesays.com\/fr\/wp-json\/wp\/v2\/posts\/314137\/revisions"}],"wp:featuredmedia":[{"embeddable":true,"href":"https:\/\/www.europesays.com\/fr\/wp-json\/wp\/v2\/media\/314138"}],"wp:attachment":[{"href":"https:\/\/www.europesays.com\/fr\/wp-json\/wp\/v2\/media?parent=314137"}],"wp:term":[{"taxonomy":"category","embeddable":true,"href":"https:\/\/www.europesays.com\/fr\/wp-json\/wp\/v2\/categories?post=314137"},{"taxonomy":"post_tag","embeddable":true,"href":"https:\/\/www.europesays.com\/fr\/wp-json\/wp\/v2\/tags?post=314137"}],"curies":[{"name":"wp","href":"https:\/\/api.w.org\/{rel}","templated":true}]}}