{"id":314139,"date":"2025-08-12T14:51:10","date_gmt":"2025-08-12T14:51:10","guid":{"rendered":"https:\/\/www.europesays.com\/fr\/314139\/"},"modified":"2025-08-12T14:51:10","modified_gmt":"2025-08-12T14:51:10","slug":"chikungunya-en-charente-trois-nouveaux-cas-confirmes","status":"publish","type":"post","link":"https:\/\/www.europesays.com\/fr\/314139\/","title":{"rendered":"Chikungunya en Charente\u00a0: trois nouveaux cas confirm\u00e9s"},"content":{"rendered":"<p>Pour les autres, c\u2019est confirm\u00e9. Cinq personnes en tout ont donc \u00e9t\u00e9 infect\u00e9es par le virus transmis par le moustique tigre, entre la fin juin et le 15\u00a0juillet.<\/p>\n<p>\u00ab\u00a0Heureusement, nous allons mieux. On a r\u00e9cup\u00e9r\u00e9 de cette grosse fatigue qui nous est tomb\u00e9e dessus quand on \u00e9tait malades. M\u00eame si mon mari a la main encore un peu raide. Au niveau des articulations, il est un peu engourdi. Pour certains, le chikungunya, c\u2019est peut-\u00eatre pas grand-chose. Mais pour des gens plus fragiles comme nous, avec des rhumatismes, c\u2019est un peu lourd\u00a0\u00bb, confie Genevi\u00e8ve Rue.<\/p>\n<p>Dans le voisinage, on garde aussi quelques s\u00e9quelles. Dans la maison de Chantal Bourdin, d\u00e9j\u00e0 d\u00e9clar\u00e9e positive au virus, sa s\u0153ur et Bernadette ont re\u00e7u les r\u00e9sultats du laboratoire. \u00ab\u00a0Positif. On est donc trois dans la maison, mais on s\u2019en doutait. Ma s\u0153ur a encore des probl\u00e8mes au niveau des doigts de la main\u00a0\u00bb.<\/p>\n<p>Les op\u00e9rations de d\u00e9moustication, elles, sont bel et bien termin\u00e9es. \u00ab\u00a0Ils sont venus enlever les pi\u00e8ges \u00e0 moustiques vendredi apr\u00e8s-midi, peu avant la pulv\u00e9risation, qui a dur\u00e9 jusqu\u2019\u00e0 1h du matin\u00a0\u00bb, raconte Genevi\u00e8ve Rue. Les agents mobilis\u00e9s ont travaill\u00e9 dans les rues mais aussi dans les jardins des trois maisons concern\u00e9es par le foyer. \u00ab\u00a0Chaque arbuste, chaque plante, a \u00e9t\u00e9 trait\u00e9. \u00c7a fait r\u00e2ler\u00a0certains par rapport \u00e0 la toxicit\u00e9 du produit, mais moi, je pr\u00e9f\u00e8re que mon jardin ait \u00e9t\u00e9 trait\u00e9 plut\u00f4t que prendre le risque que les gens qui viennent ici attrapent le virus\u00a0\u00bb.<\/p>\n<p>Chantal Bourdin est du m\u00eame avis. \u00ab\u00a0Ils ont fait du beau travail.\u00a0On peut manger dehors, maintenant. C\u2019est dommage, il fait trop chaud\u00a0\u00bb, sourit-elle.<\/p>\n","protected":false},"excerpt":{"rendered":"Pour les autres, c\u2019est confirm\u00e9. Cinq personnes en tout ont donc \u00e9t\u00e9 infect\u00e9es par le virus transmis par&hellip;\n","protected":false},"author":2,"featured_media":314140,"comment_status":"","ping_status":"","sticky":false,"template":"","format":"standard","meta":{"footnotes":""},"categories":[10],"tags":[1011,27,72,71],"class_list":{"0":"post-314139","1":"post","2":"type-post","3":"status-publish","4":"format-standard","5":"has-post-thumbnail","7":"category-sante","8":"tag-fr","9":"tag-france","10":"tag-health","11":"tag-sante"},"share_on_mastodon":{"url":"https:\/\/pubeurope.com\/@fr\/115016360536712182","error":""},"_links":{"self":[{"href":"https:\/\/www.europesays.com\/fr\/wp-json\/wp\/v2\/posts\/314139","targetHints":{"allow":["GET"]}}],"collection":[{"href":"https:\/\/www.europesays.com\/fr\/wp-json\/wp\/v2\/posts"}],"about":[{"href":"https:\/\/www.europesays.com\/fr\/wp-json\/wp\/v2\/types\/post"}],"author":[{"embeddable":true,"href":"https:\/\/www.europesays.com\/fr\/wp-json\/wp\/v2\/users\/2"}],"replies":[{"embeddable":true,"href":"https:\/\/www.europesays.com\/fr\/wp-json\/wp\/v2\/comments?post=314139"}],"version-history":[{"count":0,"href":"https:\/\/www.europesays.com\/fr\/wp-json\/wp\/v2\/posts\/314139\/revisions"}],"wp:featuredmedia":[{"embeddable":true,"href":"https:\/\/www.europesays.com\/fr\/wp-json\/wp\/v2\/media\/314140"}],"wp:attachment":[{"href":"https:\/\/www.europesays.com\/fr\/wp-json\/wp\/v2\/media?parent=314139"}],"wp:term":[{"taxonomy":"category","embeddable":true,"href":"https:\/\/www.europesays.com\/fr\/wp-json\/wp\/v2\/categories?post=314139"},{"taxonomy":"post_tag","embeddable":true,"href":"https:\/\/www.europesays.com\/fr\/wp-json\/wp\/v2\/tags?post=314139"}],"curies":[{"name":"wp","href":"https:\/\/api.w.org\/{rel}","templated":true}]}}