{"id":314141,"date":"2025-08-12T14:52:11","date_gmt":"2025-08-12T14:52:11","guid":{"rendered":"https:\/\/www.europesays.com\/fr\/314141\/"},"modified":"2025-08-12T14:52:11","modified_gmt":"2025-08-12T14:52:11","slug":"croire-au-football-francais-cest-sabonner-a-ligue-1-lappel-de-pablo-longoria","status":"publish","type":"post","link":"https:\/\/www.europesays.com\/fr\/314141\/","title":{"rendered":"\u00abCroire au football fran\u00e7ais, c\u2019est s\u2019abonner \u00e0 Ligue 1+\u00bb, l\u2019appel de Pablo Longoria"},"content":{"rendered":"<p>Pr\u00e9sident de l\u2019OM, le dirigeant espagnol livre son analyse et d\u00e9taille les enjeux et les objectifs du lancement de la plateforme Ligue 1+. Il tacle aussi beIN SPORTS et Canal+.<\/p>\n<p class=\"fig-paragraph\">Le changement, c\u2019est maintenant.\u00a0<a href=\"http:\/\/www.lefigaro.fr\/medias\/football-la-lfp-donne-le-coup-d-envoi-des-offres-d-abonnements-de-sa-plateforme-ligue-1-20250811\" data-fig-type=\"Article\" data-gtm-custom-categorie=\"navigation\" data-gtm-custom-action=\"crossclick\" data-gtm-custom-label=\"Contextuel\" data-gtm-event=\"customEventSPE\" data-fig-domain=\"LEFIGARO\" rel=\"nofollow noopener\" target=\"_blank\">Le football fran\u00e7ais fait le pari de lancer sa propre plateforme de diffusion, Ligue 1+<\/a> . Coup d\u2019envoi vendredi soir, avec la premi\u00e8re rencontre de\u00a0<a href=\"https:\/\/www.lefigaro.fr\/sports\/football\/ligue-1\/calendrier-resultats\" target=\"_blank\" rel=\"sponsored noopener nofollow\" data-gtm-custom-categorie=\"navigation\" data-gtm-custom-action=\"crossclick\" data-gtm-custom-label=\"Contextuel\" data-gtm-event=\"customEventSPE\">la premi\u00e8re journ\u00e9e de Ligue 1<\/a>\u00a0cuv\u00e9e 2025-26, Rennes-OM. Dans un long expos\u00e9 publi\u00e9 sur\u00a0<a href=\"https:\/\/www.linkedin.com\/feed\/update\/urn:li:activity:7360978070121472002\/\" target=\"_blank\" rel=\"sponsored noopener nofollow\" data-gtm-custom-categorie=\"navigation\" data-gtm-custom-action=\"crossclick\" data-gtm-custom-label=\"Contextuel\" data-gtm-event=\"customEventSPE\">Linkedin<\/a>, dans lequel il est question de \u00absouverainet\u00e9 audiovisuelle, d\u2019ind\u00e9pendance et d\u2019unit\u00e9\u00bb, Pablo Longoria \u00e9voque un \u00abcap strat\u00e9gique pour l\u2019avenir du football fran\u00e7ais\u00bb, qui est \u00ab\u00e0 un carrefour. Ligue 1+ n\u2019est pas un simple lancement de cha\u00eene\u00a0: c\u2019est un choix strat\u00e9gique pour reprendre la ma\u00eetrise de notre destin, s\u00e9curiser nos revenus \u00e0 long terme et replacer le supporter au centre du mod\u00e8le\u00bb.<\/p>\n<p class=\"fig-paragraph\">Le pr\u00e9sident de l\u2019OM ajoute en pr\u00e9ambule que \u00able succ\u00e8s de Ligue 1+ ne se jouera pas seulement sur le terrain technique ou commercial. Il d\u00e9pendra de notre capacit\u00e9 collective \u00e0 agir en unit\u00e9, clubs, diffuseurs, institutions, partenaires, offrir un produit accessible, innovant et coh\u00e9rent et garder le supporter au centre \u2013 pas comme spectateur passif, mais comme partie prenante du mod\u00e8le\u00bb.<\/p>\n<p>                                    <a class=\"fig-a11y-skip a11y-hidden\" href=\"#fig-a11y-skip-main-inarticle\"><br \/>\n        Passer la publicit\u00e9<br \/>\n    <\/a><\/p>\n<p class=\"fig-paragraph\"><strong>\u00c0 VOIR AUSSI \u2013 <\/strong>Le doubl\u00e9 d\u2019Aubameyang lors d\u2019OM-Aston Villa en match amical le 9 ao\u00fbt dernier (3-1)<\/p>\n<p class=\"fig-body-link\">\n            \u00c0 lire aussi<br \/>\n        <a class=\"fig-body-link__link fig-premium-mark\" href=\"http:\/\/www.lefigaro.fr\/sports\/football\/ligue-1\/arnault-niel-mulliez-pinault-pourquoi-les-milliardaires-francais-se-prennent-de-passion-pour-le-football-20250811\" data-fig-type=\"Article\" data-gtm-custom-categorie=\"navigation\" data-gtm-custom-action=\"crossclick\" data-gtm-custom-label=\"Contextuel\" data-gtm-event=\"customEventSPE\" data-fig-domain=\"LEFIGARO\" rel=\"nofollow noopener\" target=\"_blank\">Arnault, Niel, Mulliez, Pinault&#8230; Pourquoi les milliardaires fran\u00e7ais se prennent de passion pour le football<br \/>\n    <\/a>\n<\/p>\n<p class=\"fig-paragraph\">Dans le d\u00e9tail, Longoria voit en Ligue 1+ \u00abun choix strat\u00e9gique pour reprendre la ma\u00eetrise de notre destin, renforcer notre ind\u00e9pendance et b\u00e2tir un mod\u00e8le durable au service du football fran\u00e7ais et de ceux qui le font vivre\u00bb, soulignant que le championnat de France a fait le choix d\u2019un \u00abcontr\u00f4le direct de sa distribution, fixe ses prix, capte ses donn\u00e9es et con\u00e7oit son produit pour le supporter\u00bb. Le tout avec l\u2019id\u00e9e de \u00abgarantir la comp\u00e9titivit\u00e9 sportive et \u00e9conomique de demain\u00bb. Longoria \u00e9voque en outre \u00abun reset strat\u00e9gique apr\u00e8s un cycle marqu\u00e9 par de l\u2019instabilit\u00e9 et des conflits avec certains partenaires\u00bb.<\/p>\n<p>Autocritique et \u00abd\u00e9cisions court-termistes\u00bb<\/p>\n<p class=\"fig-paragraph\">Faisant son autocritique, il d\u00e9nonce \u00e9galement les \u00abd\u00e9cisions court-termistes (de la saison pass\u00e9e qui) ont affaibli la perception de nos droits. Ne pas se cacher et reconna\u00eetre ses erreurs, moi le premier, c\u2019est d\u00e9j\u00e0 commencer \u00e0 les corriger avec m\u00e9thode et vision\u00bb. Rappelons que Ligue 1+ ne diffusera que huit matchs sur neuf en direct lors de chaque journ\u00e9e de Ligue 1, la derni\u00e8re affiche \u00e9tant \u00e0 retrouver sur beIN SPORTS jusqu\u2019\u00e0 la fin de la saison.\u00a0<a href=\"http:\/\/www.lefigaro.fr\/sports\/football\/ligue-1\/droits-tv-une-banque-a-la-disposition-de-lfp-media-avec-des-droits-de-citoyen-de-troisieme-classe-bein-sports-sort-les-griffes-20250725\" data-fig-type=\"NewsFlash\" data-gtm-custom-categorie=\"navigation\" data-gtm-custom-action=\"crossclick\" data-gtm-custom-label=\"Contextuel\" data-gtm-event=\"customEventSPE\" data-fig-domain=\"LEFIGARO\" rel=\"nofollow noopener\" target=\"_blank\">Le climat est d\u2019ailleurs tendu entre LFP m\u00e9dias et la cha\u00eene franco-qatarienne<\/a>\u2026 S\u2019il reconna\u00eet que la \u00absituation id\u00e9ale d\u2019engager ce nouveau cycle sans disposer de l\u2019ensemble des matchs\u00bb, Longoria note que \u00ables contrats doivent \u00eatre respect\u00e9s par toutes les parties\u00bb.<\/p>\n<p class=\"fig-paragraph\">Les patrons de beIN appr\u00e9cieront\u2026 Le tacle leur est clairement adress\u00e9. Longoria en profite pour \u00e9gratigner Canal+ au passage, estimant qu\u2019il \u00abaurait \u00e9t\u00e9 b\u00e9n\u00e9fique de former un front commun pour le bien collectif de notre sport professionnel\u00bb. La cha\u00eene crypt\u00e9e a refus\u00e9 de distribuer Ligue 1+. Il rappelle toutefois que \u00able football professionnel porte \u00e9galement une responsabilit\u00e9 envers toutes les composantes qui font sa base: nous devons r\u00e9fl\u00e9chir \u00e0 la mani\u00e8re de traduire cet engagement en actions concr\u00e8tes, visibles et mesurables\u00bb. Dans le cadre d\u2019une strat\u00e9gie globale qu\u2019il d\u00e9taille par le menu, Pablo Longoria juge que \u00abpenser aux droits audivisuels comme une verticale ind\u00e9pendante serait une erreur\u00bb.<\/p>\n<p class=\"fig-body-link\">\n            \u00c0 lire aussi<br \/>\n        <a class=\"fig-body-link__link fig-premium-mark\" href=\"http:\/\/www.lefigaro.fr\/medias\/football-la-lfp-donne-le-coup-d-envoi-des-offres-d-abonnements-de-sa-plateforme-ligue-1-20250811\" data-fig-type=\"Article\" data-gtm-custom-categorie=\"navigation\" data-gtm-custom-action=\"crossclick\" data-gtm-custom-label=\"Contextuel\" data-gtm-event=\"customEventSPE\" data-fig-domain=\"LEFIGARO\" rel=\"nofollow noopener\" target=\"_blank\">La LFP donne le coup d\u2019envoi des offres d\u2019abonnements de sa plateforme Ligue 1+<br \/>\n    <\/a>\n<\/p>\n<p class=\"fig-paragraph\">Pour lui, \u00able football ne doit pas devenir un v\u00e9hicule au service d\u2019objectifs ext\u00e9rieurs qui l\u2019\u00e9loignent de sa mission premi\u00e8re. Quand on s\u2019\u00e9carte de cette essence, on fragilise la confiance, on dilue l\u2019identit\u00e9 de notre sport et on compromet sa capacit\u00e9 \u00e0 se projeter dans la dur\u00e9e. Pr\u00e9server cette ind\u00e9pendance ne signifie pas refuser le dialogue. Cela signifie mettre en place une gouvernance claire, transparente et partag\u00e9e, o\u00f9 les d\u00e9cisions cl\u00e9s (\u00e9conomiques, sportives ou institutionnelles) sont prises sur la base de crit\u00e8res objectifs, compris de tous et align\u00e9s avec le long terme. Un cadre solide et ind\u00e9pendant est un gage de confiance pour les clubs, les supporters, les partenaires et les investisseurs, et la condition pour b\u00e2tir un football fran\u00e7ais comp\u00e9titif et respect\u00e9\u00bb, pr\u00e9tend le patron de l\u2019OM.<\/p>\n<blockquote class=\"fig-quote&#10;    \">\n<p class=\"fig-quote__text\">Reconstruire la valeur de notre football ne se fera pas en une saison.<\/p>\n<p>            Pablo Longoria\n    <\/p><\/blockquote>\n<p>                                    <a class=\"fig-a11y-skip a11y-hidden\" href=\"#fig-a11y-skip-main-inarticle_mtf\"><br \/>\n        Passer la publicit\u00e9<br \/>\n    <\/a><\/p>\n<p class=\"fig-paragraph\">Lucide, Pablo Longoria sait bien que \u00abreconstruire la valeur de notre football ne se fera pas en une saison. Il faudra du temps, de la constance et une ex\u00e9cution sans rel\u00e2che pour retrouver la pleine comp\u00e9titivit\u00e9. Ce n\u2019est pas une faiblesse, c\u2019est un engagement\u00a0: b\u00e2tir un mod\u00e8le qui dure, plut\u00f4t qu\u2019une solution rapide mais instable\u00bb, explique-t-il, faisant de la lutte contre le piratage une priorit\u00e9. \u00abIl est urgent d\u2019adapter notre l\u00e9gislation\u00bb, jure-t-il.<\/p>\n<p class=\"fig-paragraph\">Soulignant les disparit\u00e9s criantes avec nos voisins europ\u00e9ens en mati\u00e8re de droits domestiques, Pablo Longoria lance un appel\u00a0: \u00abCroire au football fran\u00e7ais, c\u2019est s\u2019abonner \u00e0 Ligue 1+. Ce n\u2019est pas symbolique\u00a0: c\u2019est investir ensemble dans notre futur comp\u00e9titif et la stabilit\u00e9 de tout l\u2019\u00e9cosyst\u00e8me. Chaque abonnement finance la formation, retient les talents, am\u00e9liore la comp\u00e9titivit\u00e9 des clubs et renforce un mod\u00e8le plus solide, plus attractif pour les investisseurs et plus ind\u00e9pendant dans sa gouvernance et dans son esprit\u00bb.<\/p>\n<p class=\"fig-paragraph\">Et d\u2019ajouter\u00a0: \u00ab\u00c0 l\u2019OM, comme dans de nombreux clubs, nous nous engageons avec conviction pour porter ce projet vers le succ\u00e8s et le partager pleinement avec nos supporters. Reconstruire le football fran\u00e7ais commence par un mod\u00e8le audiovisuel performant. Le succ\u00e8s de Ligue 1+ n\u2019est pas celui d\u2019une ligue, mais celui de tous ceux qui veulent que le football garde son essence, assume sa responsabilit\u00e9 sociale et serve avant tout son public\u00bb. Le message est pass\u00e9. On ne pourra pas reprocher \u00e0 Pablo Longoria de ne pas prendre ses responsabilit\u00e9s et de monter au cr\u00e9neau\u2026<\/p>\n","protected":false},"excerpt":{"rendered":"Pr\u00e9sident de l\u2019OM, le dirigeant espagnol livre son analyse et d\u00e9taille les enjeux et les objectifs du lancement&hellip;\n","protected":false},"author":2,"featured_media":314142,"comment_status":"","ping_status":"","sticky":false,"template":"","format":"standard","meta":{"footnotes":""},"categories":[9],"tags":[8470,10474,10475,1011,27,2330,66,22964,60],"class_list":{"0":"post-314141","1":"post","2":"type-post","3":"status-publish","4":"format-standard","5":"has-post-thumbnail","7":"category-sports","8":"tag-bein-sports","9":"tag-canal","10":"tag-droits-tv","11":"tag-fr","12":"tag-france","13":"tag-lfp","14":"tag-ligue-1","15":"tag-pablo-longoria","16":"tag-sports"},"share_on_mastodon":{"url":"https:\/\/pubeurope.com\/@fr\/115016364429676480","error":""},"_links":{"self":[{"href":"https:\/\/www.europesays.com\/fr\/wp-json\/wp\/v2\/posts\/314141","targetHints":{"allow":["GET"]}}],"collection":[{"href":"https:\/\/www.europesays.com\/fr\/wp-json\/wp\/v2\/posts"}],"about":[{"href":"https:\/\/www.europesays.com\/fr\/wp-json\/wp\/v2\/types\/post"}],"author":[{"embeddable":true,"href":"https:\/\/www.europesays.com\/fr\/wp-json\/wp\/v2\/users\/2"}],"replies":[{"embeddable":true,"href":"https:\/\/www.europesays.com\/fr\/wp-json\/wp\/v2\/comments?post=314141"}],"version-history":[{"count":0,"href":"https:\/\/www.europesays.com\/fr\/wp-json\/wp\/v2\/posts\/314141\/revisions"}],"wp:featuredmedia":[{"embeddable":true,"href":"https:\/\/www.europesays.com\/fr\/wp-json\/wp\/v2\/media\/314142"}],"wp:attachment":[{"href":"https:\/\/www.europesays.com\/fr\/wp-json\/wp\/v2\/media?parent=314141"}],"wp:term":[{"taxonomy":"category","embeddable":true,"href":"https:\/\/www.europesays.com\/fr\/wp-json\/wp\/v2\/categories?post=314141"},{"taxonomy":"post_tag","embeddable":true,"href":"https:\/\/www.europesays.com\/fr\/wp-json\/wp\/v2\/tags?post=314141"}],"curies":[{"name":"wp","href":"https:\/\/api.w.org\/{rel}","templated":true}]}}