{"id":314146,"date":"2025-08-12T14:55:19","date_gmt":"2025-08-12T14:55:19","guid":{"rendered":"https:\/\/www.europesays.com\/fr\/314146\/"},"modified":"2025-08-12T14:55:19","modified_gmt":"2025-08-12T14:55:19","slug":"le-nouveau-patron-de-jaguar-land-rover-repond-aux-detracteurs","status":"publish","type":"post","link":"https:\/\/www.europesays.com\/fr\/314146\/","title":{"rendered":"Le nouveau patron de Jaguar Land Rover r\u00e9pond aux d\u00e9tracteurs"},"content":{"rendered":"<p>Le PDG de Jaguar Land Rover, Adrian Mardell, a quitt\u00e9 ses fonctions apr\u00e8s seulement deux ans, et c&rsquo;est l&rsquo;actuel directeur financier de l&rsquo;entreprise qui le remplacera. \u00c0 partir de novembre, PB Balaji prendra les r\u00eanes de l&rsquo;entreprise et dirigera la campagne controvers\u00e9e de rebranding de Jaguar.<\/p>\n<p>Le futur directeur a d\u00e9j\u00e0 d\u00e9fendu la campagne \u00ab\u00a0Copy Nothing\u00a0\u00bb de la marque, qui a suscit\u00e9 la controverse depuis son lancement en d\u00e9cembre 2024, en m\u00eame temps que le <a href=\"https:\/\/fr.motor1.com\/news\/742914\/jaguar-type-00-voiture-electrique\/\" data-inline-widget=\"internal-links\" data-type-id=\"0\" data-params=\"%7B%22article_edition_id%22%3A%22742914%22%2C%22section%22%3A%221%22%2C%22alias%22%3A%22jaguar-type-00-voiture-electrique%22%7D\" target=\"_blank\" rel=\"noopener\">concept de la Type 00<\/a>. S&rsquo;adressant \u00e0 des journalistes, dont Automotive News,\u00a0Balaji s&rsquo;est montr\u00e9 optimiste quant \u00e0 la relance de <a href=\"https:\/\/fr.motor1.com\/jaguar\/\" data-inline-widget=\"internal-links\" data-type-id=\"2\" data-params=\"%7B%22alias%22%3A%22jaguar%22%7D\" target=\"_blank\" rel=\"noopener\">Jaguar<\/a> :<\/p>\n<blockquote>\n<p>\u00ab\u00a0Nous avons \u00e9labor\u00e9 nos plans, les voitures sont d\u00e9voil\u00e9es, elles re\u00e7oivent des r\u00e9ponses enthousiastes de la part des clients sur le terrain. C&rsquo;est pourquoi la strat\u00e9gie est la suivante.\u00a0\u00bb<\/p>\n<\/blockquote>\n<p>Il a \u00e9galement r\u00e9pondu aux remarques cinglantes du pr\u00e9sident am\u00e9ricain Donald Trump, qui a qualifi\u00e9 la direction de Jaguar de \u00ab\u00a0d\u00e9sastre total\u00a0\u00bb, entre autres critiques, en d\u00e9clarant :<\/p>\n<blockquote>\n<p>\u00ab\u00a0Vous devez comparer nos chiffres par rapport \u00e0 ce que font les autres.\u00a0\u00bb<\/p>\n<\/blockquote>\n<p>        <img decoding=\"async\" src=\"https:\/\/www.europesays.com\/fr\/wp-content\/uploads\/2025\/04\/16x9-tr.png\" alt=\"\" width=\"16\" height=\"9\" loading=\"lazy\"\/><\/p>\n<p>Photo : Jaguar<\/p>\n<p>Nous ne sommes pas l\u00e0 pour faire de la politique, mais il convient de noter que peu des \u00ab\u00a0clients\u00a0\u00bb auxquels Balaji a fait r\u00e9f\u00e9rence sont d&rsquo;anciens acheteurs de Jaguar. Le directeur g\u00e9n\u00e9ral Rawdon Glover a admis que l&rsquo;entreprise \u00e9tait pr\u00eate \u00e0 perdre jusqu&rsquo;\u00e0 85 % de sa client\u00e8le actuelle. Le changement de marque en un constructeur de v\u00e9hicules \u00e9lectriques haut de gamme ne devrait conserver qu&rsquo;environ 15 % des acheteurs actuels, ce qui repr\u00e9sente un coup dur pour les clients fid\u00e8les, alors que Jaguar vise <a href=\"https:\/\/fr.motor1.com\/bentley\/\" data-inline-widget=\"internal-links\" data-type-id=\"2\" data-params=\"%7B%22alias%22%3A%22bentley%22%7D\" target=\"_blank\" rel=\"noopener\">Bentley<\/a> et d&rsquo;autres marques d&rsquo;\u00e9lite similaires.<\/p>\n<p>Alors que de nombreux constructeurs automobiles ont revu \u00e0 la baisse leurs ambitieux projets d&rsquo;\u00e9lectrification, Jaguar fait ses adieux aux moteurs \u00e0 combustion. Selon M. Glover, dans le segment haut de gamme, les acheteurs se soucient peu de ce qui alimente les roues : \u00ab\u00a0Le groupe motopropulseur est \u00e0 peu pr\u00e8s le 13e\u00a0de la liste. Au lieu de cela, le design et l&rsquo;int\u00e9rieur sont prioritaires.\u00a0\u00bb<\/p>\n<p>Revenant sur les nouveaux dirigeants de JLR, M. Balaji a \u00e9galement fait allusion \u00e0 d&rsquo;autres mod\u00e8les que l&rsquo;imposante voiture de grand tourisme qui doit \u00eatre pr\u00e9sent\u00e9e plus tard dans l&rsquo;ann\u00e9e : \u00ab\u00a0Les voitures sont en train d&rsquo;\u00eatre d\u00e9voil\u00e9es\u00a0\u00bb. Les amateurs de l&rsquo;industrie pensent que deux autres v\u00e9hicules \u00e9lectriques, partageant la m\u00eame plateforme d\u00e9di\u00e9e, suivront \u00e0 environ un an d&rsquo;intervalle : l&rsquo;un sera un coup\u00e9, l&rsquo;autre un grand SUV pour rivaliser avec le premier mod\u00e8le \u00e9lectrique de Bentley.<\/p>\n<p>Dans cette nouvelle \u00e8re, Jaguar ne vendra rien \u00e0 moins de six chiffres, que ce soit en dollars, en euros ou en livres. Les prix d&rsquo;entr\u00e9e des prochains VE d\u00e9passeront les 100 000 euros, loin de l&rsquo;\u00e9poque o\u00f9 un E-Pace ou une XF commen\u00e7ait \u00e0 environ 40 000 euros.<\/p>\n<p>La mont\u00e9e en gamme donne la priorit\u00e9 aux marges b\u00e9n\u00e9ficiaires sur le volume, ce qui explique pourquoi la marque d\u00e9tenue par Tata Motors n&rsquo;est pas g\u00ean\u00e9e par la baisse des ventes. En cons\u00e9quence, le pic de 180 833 v\u00e9hicules vendus par Jaguar en 2018 restera tr\u00e8s certainement in\u00e9gal\u00e9.<\/p>\n<p>                            <a href=\"http:\/\/fr.motor1.com\/photos\/895740\/jaguar-type-00-concept\/#7976399_concept-jaguar-type-00\" class=\"msnt-photo-thumb-gallery-main-photo-box\" target=\"_blank\" rel=\"noopener\"><\/p>\n<p>                                    <img decoding=\"async\" src=\"https:\/\/www.europesays.com\/fr\/wp-content\/uploads\/2025\/04\/16x9-tr.png\" loading=\"lazy\" alt=\"Concept Jaguar Type 00\" width=\"16\" height=\"9\"\/><\/p>\n<p>                            <\/a><\/p>\n<p>                                    42                                <\/p>\n<p>\n                            Source: InsideEVs                        <\/p>\n","protected":false},"excerpt":{"rendered":"Le PDG de Jaguar Land Rover, Adrian Mardell, a quitt\u00e9 ses fonctions apr\u00e8s seulement deux ans, et c&rsquo;est&hellip;\n","protected":false},"author":2,"featured_media":314147,"comment_status":"","ping_status":"","sticky":false,"template":"","format":"standard","meta":{"footnotes":""},"categories":[6],"tags":[35,33,34,1011,27,15725,45369],"class_list":{"0":"post-314146","1":"post","2":"type-post","3":"status-publish","4":"format-standard","5":"has-post-thumbnail","7":"category-economie","8":"tag-business","9":"tag-economie","10":"tag-economy","11":"tag-fr","12":"tag-france","13":"tag-jaguar","14":"tag-u00c9conomie-marchu00e9"},"share_on_mastodon":{"url":"https:\/\/pubeurope.com\/@fr\/115016376317785393","error":""},"_links":{"self":[{"href":"https:\/\/www.europesays.com\/fr\/wp-json\/wp\/v2\/posts\/314146","targetHints":{"allow":["GET"]}}],"collection":[{"href":"https:\/\/www.europesays.com\/fr\/wp-json\/wp\/v2\/posts"}],"about":[{"href":"https:\/\/www.europesays.com\/fr\/wp-json\/wp\/v2\/types\/post"}],"author":[{"embeddable":true,"href":"https:\/\/www.europesays.com\/fr\/wp-json\/wp\/v2\/users\/2"}],"replies":[{"embeddable":true,"href":"https:\/\/www.europesays.com\/fr\/wp-json\/wp\/v2\/comments?post=314146"}],"version-history":[{"count":0,"href":"https:\/\/www.europesays.com\/fr\/wp-json\/wp\/v2\/posts\/314146\/revisions"}],"wp:featuredmedia":[{"embeddable":true,"href":"https:\/\/www.europesays.com\/fr\/wp-json\/wp\/v2\/media\/314147"}],"wp:attachment":[{"href":"https:\/\/www.europesays.com\/fr\/wp-json\/wp\/v2\/media?parent=314146"}],"wp:term":[{"taxonomy":"category","embeddable":true,"href":"https:\/\/www.europesays.com\/fr\/wp-json\/wp\/v2\/categories?post=314146"},{"taxonomy":"post_tag","embeddable":true,"href":"https:\/\/www.europesays.com\/fr\/wp-json\/wp\/v2\/tags?post=314146"}],"curies":[{"name":"wp","href":"https:\/\/api.w.org\/{rel}","templated":true}]}}