{"id":314148,"date":"2025-08-12T14:56:10","date_gmt":"2025-08-12T14:56:10","guid":{"rendered":"https:\/\/www.europesays.com\/fr\/314148\/"},"modified":"2025-08-12T14:56:10","modified_gmt":"2025-08-12T14:56:10","slug":"un-trafiquant-de-drogue-voit-son-reseau-demantele-par-la-police-anglaise-grace-a-son-perroquet-un-peu-trop-bavard","status":"publish","type":"post","link":"https:\/\/www.europesays.com\/fr\/314148\/","title":{"rendered":"Un trafiquant de drogue voit son r\u00e9seau d\u00e9mantel\u00e9 par la police anglaise gr\u00e2ce \u00e0 son perroquet un peu trop bavard"},"content":{"rendered":"<p class=\"paragraph text_align_left lp-f-body-02\">Si la police du Lancashire (Royaume-Uni) avait des soup\u00e7ons, elle ne s\u2019attendait pas \u00e0 d\u00e9couvrir le pot aux roses de cette mani\u00e8re. En perquisitionnant la cellule d\u2019Adam Garnett, qui purgeait une peine de quinze ans de prison, les autorit\u00e9s ont saisi plusieurs <a href=\"https:\/\/www.leparisien.fr\/faits-divers\/operation-prison-break-cest-quoi-ces-mini-telephones-indetectables-20-05-2025-XLPO2SSS2FHRNNCKDNTCHMMUTU.php\" target=\"_self\" rel=\"nofollow noopener\">t\u00e9l\u00e9phones portables<\/a> et routeurs Wi-Fi.<\/p>\n<p class=\"paragraph text_align_left lp-f-body-02\">D\u00e9termin\u00e9s \u00e0 prouver l\u2019implication du prisonnier dans un r\u00e9seau de <a href=\"https:\/\/www.leparisien.fr\/faits-divers\/un-trafic-de-drogue-gere-depuis-la-prison-de-meaux-demantele-13-suspects-mis-en-examen-09-05-2025-IKBEFOYL55CTDFHR7FC6SBY3G4.php\" target=\"_self\" rel=\"nofollow noopener\">trafic de drogue<\/a>, qu\u2019il pilotait \u00e0 distance, les enqu\u00eateurs ont fouill\u00e9 les appareils \u00e0 la recherche d\u2019indices. Mango, <a href=\"https:\/\/www.leparisien.fr\/animaux\/tequila-un-perroquet-vole-il-y-a-8-ans-retrouve-enfin-son-proprietaire-02-07-2024-X6BMYBETBFCAVEO24COA6IZD5I.php\" target=\"_self\" rel=\"nofollow noopener\">le perroquet<\/a> d\u2019Adam Garnett, gard\u00e9 par la petite amie du prisonnier, Shannon Hilton, leur en a servi quelques-uns sur un plateau.<\/p>\n<p class=\"paragraph text_align_left lp-f-body-02\">En consultant les vid\u00e9os issues des diff\u00e9rents t\u00e9l\u00e9phones confisqu\u00e9s, les policiers ont en effet pu d\u00e9couvrir le volatile avec des billets de banque dans le bec, entour\u00e9 d\u2019autres billets qui jonchaient le sol, issus de l\u2019argent gagn\u00e9 ill\u00e9galement. L\u2019animal a \u00e9galement appris \u00e0 dire \u00ab\u00a0deux pour 25\u00a0\u00bb, a rapport\u00e9 la police du Lancashire <a href=\"https:\/\/news.lancashire.police.uk\/news\/2025\/august\/gang-who-ran-drugs-line-from-prison-for-more-than-103-years\/\" target=\"_self\" rel=\"nofollow noopener\">sur son site<\/a> d\u00e9but ao\u00fbt.<\/p>\n<p>19\u00a0ans de prison suppl\u00e9mentaires<\/p>\n<p class=\"paragraph text_align_left lp-f-body-02\">Ces vid\u00e9os comprenaient \u00e9galement des preuves d\u2019appels entre Shannon Hilton et Adam Garnett, des vid\u00e9os de ce qui semble \u00eatre des blocs de kilos de coca\u00efne, avec de la musique comprenant les paroles \u00ab\u00a0coca\u00efne\u00a0\u00bb par-dessus.<\/p>\n<p class=\"lp-card-podcast-highlighting__title  lp-f-subtitle-05\">[3\/4] C\u00e9cile Vallin, les secrets d\u2019une disparition <\/p>\n<p class=\"lp-card-podcast-highlighting__description lp-f-ui-05\">Crime story raconte chaque semaine les grandes affaires criminelles.<\/p>\n<p><a class=\"lp-card-podcast-highlighting__call-to-action\" data-page-type=\"HP\" data-block-name=\"podcast-highlight\">\u00c9couter<\/a><\/p>\n<p class=\"paragraph text_align_left lp-f-body-02\">Suite \u00e0 cette d\u00e9couverte, les adjoints d\u2019Adam Garnett ont \u00e9t\u00e9 identifi\u00e9s. Depuis sa cellule, il dirigeait une quinzaine de personnes, toutes interpell\u00e9es. Des perquisitions \u00e0 leurs domiciles ont permis de d\u00e9couvrir d\u2019importantes quantit\u00e9s de drogue, d\u2019argent liquide et de t\u00e9l\u00e9phones, reliant ainsi les membres du gang. Le gang a op\u00e9r\u00e9 entre f\u00e9vrier\u00a02023 et juillet\u00a02024 dans la r\u00e9gion de Blackpool, ont indiqu\u00e9 les autorit\u00e9s.<\/p>\n<p class=\"paragraph text_align_left lp-f-body-02\">Adam Garnett, a \u00e9t\u00e9 condamn\u00e9 \u00e0 19\u00a0ans et six mois de prison, qu\u2019il devra purger cons\u00e9cutivement \u00e0 sa peine actuelle de 15\u00a0ans de prison. Sa petite amie a, elle, \u00e9cop\u00e9 d\u2019une peine de 12\u00a0ans de prison.<\/p>\n","protected":false},"excerpt":{"rendered":"Si la police du Lancashire (Royaume-Uni) avait des soup\u00e7ons, elle ne s\u2019attendait pas \u00e0 d\u00e9couvrir le pot aux&hellip;\n","protected":false},"author":2,"featured_media":314149,"comment_status":"","ping_status":"","sticky":false,"template":"","format":"standard","meta":{"footnotes":""},"categories":[5],"tags":[11,118,1011,27,14,12,28],"class_list":{"0":"post-314148","1":"post","2":"type-post","3":"status-publish","4":"format-standard","5":"has-post-thumbnail","7":"category-international","8":"tag-actualites","9":"tag-faits-divers","10":"tag-fr","11":"tag-france","12":"tag-international","13":"tag-news","14":"tag-world"},"share_on_mastodon":{"url":"https:\/\/pubeurope.com\/@fr\/115016380175840393","error":""},"_links":{"self":[{"href":"https:\/\/www.europesays.com\/fr\/wp-json\/wp\/v2\/posts\/314148","targetHints":{"allow":["GET"]}}],"collection":[{"href":"https:\/\/www.europesays.com\/fr\/wp-json\/wp\/v2\/posts"}],"about":[{"href":"https:\/\/www.europesays.com\/fr\/wp-json\/wp\/v2\/types\/post"}],"author":[{"embeddable":true,"href":"https:\/\/www.europesays.com\/fr\/wp-json\/wp\/v2\/users\/2"}],"replies":[{"embeddable":true,"href":"https:\/\/www.europesays.com\/fr\/wp-json\/wp\/v2\/comments?post=314148"}],"version-history":[{"count":0,"href":"https:\/\/www.europesays.com\/fr\/wp-json\/wp\/v2\/posts\/314148\/revisions"}],"wp:featuredmedia":[{"embeddable":true,"href":"https:\/\/www.europesays.com\/fr\/wp-json\/wp\/v2\/media\/314149"}],"wp:attachment":[{"href":"https:\/\/www.europesays.com\/fr\/wp-json\/wp\/v2\/media?parent=314148"}],"wp:term":[{"taxonomy":"category","embeddable":true,"href":"https:\/\/www.europesays.com\/fr\/wp-json\/wp\/v2\/categories?post=314148"},{"taxonomy":"post_tag","embeddable":true,"href":"https:\/\/www.europesays.com\/fr\/wp-json\/wp\/v2\/tags?post=314148"}],"curies":[{"name":"wp","href":"https:\/\/api.w.org\/{rel}","templated":true}]}}