{"id":31415,"date":"2025-04-17T10:11:25","date_gmt":"2025-04-17T10:11:25","guid":{"rendered":"https:\/\/www.europesays.com\/fr\/31415\/"},"modified":"2025-04-17T10:11:25","modified_gmt":"2025-04-17T10:11:25","slug":"le-top-des-chasses-aux-oeufs-a-nantes-big-city-nantes","status":"publish","type":"post","link":"https:\/\/www.europesays.com\/fr\/31415\/","title":{"rendered":"le top des chasses aux \u0153ufs \u00e0 Nantes \u2013 Big City Nantes"},"content":{"rendered":"<p>Lundi c\u2019est f\u00e9ri\u00e9 et \u00e7a c\u2019est d\u00e9j\u00e0 g\u00e9nial. Mais on en conna\u00eet qui attendent ce week-end pour une autre tr\u00e8s bonne raison : la <strong>chasse aux \u0153ufs<\/strong> ! Car oui, cette tradition est d\u00e9sormais tr\u00e8s bien ancr\u00e9e dans les habitudes des gourmands et fans de chocolat : pour P\u00e2ques, on part \u00e0 la chasse aux \u0153ufs chocolat\u00e9s ! Et comme \u00e0 notre habitude, chez\u00a0Big City, on aime te donner\u00a0<strong>les bons plans<\/strong> \u00e0 ne pas rater\u00a0pour savoir\u00a0<strong>o\u00f9 et quand chercher les \u0153ufs de P\u00e2ques<\/strong>\u00a0\u00e0 Nantes et aux alentours ! Big City te donne sa s\u00e9lection juste en dessous ! \ud83d\ude09<\/p>\n<p>La grande chasse aux \u0153ufs solidaire du Secours Populaire<\/p>\n<p><img loading=\"lazy\" decoding=\"async\" width=\"1160\" height=\"671\" src=\"https:\/\/www.europesays.com\/fr\/wp-content\/uploads\/2025\/04\/chasse-oeufs-solidaires-1-1160x671.jpg\" alt=\"\" class=\"wp-image-112514\" style=\"aspect-ratio:16\/9;object-fit:cover\"  \/>Secours Populaire<\/p>\n<p>On adore cette initiative solidaire, alors forc\u00e9ment, on la remet en avant pour son retour cette ann\u00e9e. C\u2019est le\u00a0<strong>20 avril<\/strong>\u00a0que la chasse aux \u0153ufs solidaire revient sur Nantes ! De nombreuses animations seront \u00e0 retrouver tout au long de la journ\u00e9e pour le plus grand plaisir des enfants. Le petit + : l\u2019int\u00e9gralit\u00e9 des fonds obtenus sera revers\u00e9e aux projets de solidarit\u00e9 internationale du<strong> Secours Populaire<\/strong>. Tu as la possibilit\u00e9 d\u2019aider et de manger du chocolat le m\u00eame jour, c\u2019est g\u00e9nial non ? Rendez-vous au <strong>Parc du Grand Blottereau<\/strong> le 20 avril de <strong>10h00 \u00e0 17h00 <\/strong>! \ud83d\ude0e <\/p>\n<p class=\"has-white-color has-text-color has-background\">\n    <strong> Infos pratiques<\/strong>\n    <\/p>\n<p><strong>O\u00f9 ?<\/strong>\u00a0\u00a0Parc du Grand Blottereau, Nantes<br \/><strong>Quand ?<\/strong>\u00a0\u00a0Dimanche 20 avril 2025<br \/><strong>Horaire(s)<\/strong>\u00a0\u00a0De 10h00 \u00e0 17h00<br \/><strong>Tarif(s)<\/strong>\u00a0\u00a05\u20ac par enfant \/ Gratuit pour les accompagnants  <\/p>\n<p>Chasse aux \u0153ufs \u00e0 la ferme<\/p>\n<p><img loading=\"lazy\" decoding=\"async\" width=\"808\" height=\"489\" src=\"https:\/\/www.europesays.com\/fr\/wp-content\/uploads\/2025\/04\/chasse-ferme-1.jpg\" alt=\"\" class=\"wp-image-112515\" style=\"aspect-ratio:16\/9;object-fit:cover\"  \/><\/p>\n<p>Lapins et lapines, c\u2019est votre moment ! Une chasse aux \u0153ufs aupr\u00e8s des animaux ? C\u2019est possible ! La chasse aux \u0153ufs \u00e0 la <strong>Ferme de la Chebuette<\/strong> revient le<strong> samedi 19 avril<\/strong>, pour un max de fun ! Au programme : nourrissage des animaux et chasse aux \u0153ufs en famille ! Une chasse aux \u0153ufs au c\u0153ur de la nature, l\u2019endroit r\u00eav\u00e9 pour les chasseurs les plus habiles ! <\/p>\n<p class=\"has-white-color has-text-color has-background\">\n    <strong> Infos pratiques<\/strong>\n    <\/p>\n<p><strong>O\u00f9 ?<\/strong>\u00a0\u00a0Ferme de la Chebuette, Saint-Julien-de-Concelles<br \/><strong>Quand ?<\/strong>\u00a0\u00a0Samedi 19 avril 2025<br \/><strong>Horaire(s)<\/strong>\u00a0\u00a010h30 \u00e0 16:30<br \/><strong>Tarif(s)<\/strong>\u00a0\u00a02\u20ac par enfant  <\/p>\n<p>Chasse aux oeufs et brunch au Ch\u00e2teau de Maubreuil<\/p>\n<p><img loading=\"lazy\" decoding=\"async\" width=\"680\" height=\"510\" src=\"https:\/\/www.europesays.com\/fr\/wp-content\/uploads\/2025\/04\/Brunch-et-chasse-aux-oeufs-au-Chateau-de-Maubreuil-1.png\" alt=\"\" class=\"wp-image-112524\" style=\"aspect-ratio:16\/9;object-fit:cover\"  \/><\/p>\n<p>Voil\u00e0 une chasse aux \u0153ufs assez unique qui t\u2019est propos\u00e9e au <strong>Ch\u00e2teau de Maubreuil<\/strong>. Pour le week-end de P\u00e2ques, retrouve des animations sp\u00e9ciales. Un\u00a0<strong>brunch<\/strong>\u00a0d\u2019exception sign\u00e9 Capkao t\u2019attend\u00a0<strong>les 20 et 21 avril<\/strong>, suivi d\u2019une\u00a0<strong>grande chasse aux \u0153ufs<\/strong>\u00a0dans les jardins\u00a0<strong>le 21 avril \u00e0 15h<\/strong>. Une vraie parenth\u00e8se \u00e9l\u00e9gante et gourmande pour petits et grands ! Sur r\u00e9servation uniquement.<\/p>\n<p class=\"has-white-color has-text-color has-background\">\n    <strong> Infos pratiques<\/strong>\n    <\/p>\n<p><strong>O\u00f9 ?<\/strong>\u00a0\u00a0Ch\u00e2teau de Maubreuil<br \/><strong>Quand ?<\/strong>\u00a0\u00a0Dimanche 20 avril et lundi 21  avril 2025<br \/><strong>Horaire(s)<\/strong>\u00a0\u00a0Chasse aux \u0153ufs \u00e0 partir de 15h<br \/><strong>Tarif(s)<\/strong>\u00a0\u00a010\u20ac par enfant  <\/p>\n<p>Chasse aux \u0153ufs \u00e0 Orvault<\/p>\n<p><img loading=\"lazy\" decoding=\"async\" width=\"1200\" height=\"630\" src=\"https:\/\/www.europesays.com\/fr\/wp-content\/uploads\/2025\/04\/Chasse-aux-oeufs-orvault-1.jpg\" alt=\"\" class=\"wp-image-112528\" style=\"aspect-ratio:16\/9;object-fit:cover\"  \/><\/p>\n<p>Fans de chocolat, \u00e0 vos marques, pr\u00eats, partez ! Une chasse aux \u0153ufs g\u00e9ante t\u2019attend le\u00a0<strong>lundi 21 avril<\/strong>\u00a0au parc de<strong> la Gobini\u00e8re \u00e0 Orvault<\/strong>. Restauration sur place, \u0153ufs en chocolat, une chasse pour les petits et les plus grands, un lundi de p\u00e2ques qui s\u2019annonce g\u00e9ant ! Certains lots surprises seront \u00e0 gagner pour les plus chanceux\u2026\u00a0 \u00a0<\/p>\n<p class=\"has-white-color has-text-color has-background\">\n    <strong> Infos pratiques<\/strong>\n    <\/p>\n<p><strong>O\u00f9 ?<\/strong>\u00a0\u00a0Parc de la Gobini\u00e8re, Orvault<br \/><strong>Quand ?<\/strong>\u00a0\u00a0Lundi 21 avril 2025<br \/><strong>Horaire(s)<\/strong>\u00a0\u00a0De 10h00 \u00e0 12h00<br \/><strong>Tarif(s)<\/strong>\u00a0\u00a0Gratuit  <\/p>\n<p>Traque aux tr\u00e9sors de P\u00e2ques<\/p>\n<p><img loading=\"lazy\" decoding=\"async\" width=\"462\" height=\"433\" src=\"https:\/\/www.europesays.com\/fr\/wp-content\/uploads\/2025\/04\/traque-.jpg\" alt=\"\" class=\"wp-image-112531\" style=\"aspect-ratio:1.7777777777777777;object-fit:cover;width:680px;height:auto\"  \/><\/p>\n<p>Une chasse aux \u0153ufs d\u2019horreur ? Oui, c\u2019est possible ! On te donne rendez vous entre le <strong>12 avril et le 12 mai<\/strong>, pour tester cette <strong>Traque de P\u00e2ques<\/strong>, \u00e0 15 kilom\u00e8tres de Nantes, au <strong>Sanatorium Hermann<\/strong>. Pour cette traque, oublie les \u0153ufs en chocolat, les lapins de P\u00e2ques\u2026 Au moindre bruit, fuis ! A toi de choisir entre trac ou traque\u2026<\/p>\n<p class=\"has-white-color has-text-color has-background\">\n    <strong> Infos pratiques<\/strong>\n    <\/p>\n<p><strong>O\u00f9 ?<\/strong>\u00a0\u00a0Sanatorium Hermann, Montbert<br \/><strong>Quand ?<\/strong>\u00a0\u00a0Du 12 avril au 12 mai 2025<br \/><strong>Horaire(s)<\/strong>\u00a0\u00a0 \u00c0 partir de 16:45<br \/><strong>Tarif(s)<\/strong>\u00a0\u00a035\u20ac par joueur  <\/p>\n<p>Chasse aux tr\u00e9sors de P\u00e2ques<\/p>\n<p><img loading=\"lazy\" decoding=\"async\" width=\"778\" height=\"325\" src=\"https:\/\/www.europesays.com\/fr\/wp-content\/uploads\/2025\/04\/chasse-aux-tresors-1.jpg\" alt=\"\" class=\"wp-image-112532\" style=\"aspect-ratio:16\/9;object-fit:cover;width:680px;height:auto\"  \/><\/p>\n<p>Pour continuer dans nos <strong>chasses aux \u0153ufs<\/strong>, on te propose une chasse aux tr\u00e9sors de P\u00e2ques le <strong>samedi 19 avril<\/strong> \u00e0 Saint-Philbert-de-Grand-Lieu. Parfaite pour les familles, pleine de surprises et de chocolats ! Au programme : bonbons, d\u00e9lices, boissons et pop corn, de quoi te r\u00e9galer ! En plus de la <strong>chasse aux tr\u00e9sors<\/strong> \u00e0 15h00, on t\u2019attend aussi pour la soir\u00e9e dansante \u00e0 partir de 18h30. Place \u00e0 la f\u00eate !<\/p>\n<p class=\"has-white-color has-text-color has-background\">\n    <strong> Infos pratiques<\/strong>\n    <\/p>\n<p><strong>O\u00f9 ?<\/strong>\u00a0\u00a0Place de l\u2019Abbatiale, Saint-Philbert-de-Grand-Lieu<br \/><strong>Quand ?<\/strong>\u00a0\u00a0Le samedi 19 avril 2025<br \/><strong>Horaire(s)<\/strong>\u00a0\u00a0\u00c0 partir de 15h00<br \/><strong>Tarif(s)<\/strong>\u00a0\u00a0De 8\u20ac \u00e0 20\u20ac  <\/p>\n<p>P\u00e2ques au Ch\u00e2teau de Goulaine<\/p>\n<p><img loading=\"lazy\" decoding=\"async\" width=\"846\" height=\"846\" src=\"https:\/\/www.europesays.com\/fr\/wp-content\/uploads\/2025\/04\/paques-chateau.webp.webp\" alt=\"\" class=\"wp-image-112539\" style=\"aspect-ratio:16\/9;object-fit:cover;width:680px;height:auto\"  \/><\/p>\n<p>Le <strong>samedi 19 avril<\/strong>, tu peux aussi opter pour la chasse aux \u0153ufs pas comme les autres du<strong> Ch\u00e2teau de Goulaine<\/strong>. Pourquoi est-elle diff\u00e9rente ? Car c\u2019est \u00e0 toi de retrouver les d\u00e9corations des \u0153ufs, effac\u00e9es par un sortil\u00e8ge lanc\u00e9 sur le ch\u00e2teau. \u00c9nigmes, visite des salles du ch\u00e2teau, mais surtout, r\u00e9compense pour celui ou celle qui r\u00e9ussira \u00e0 lib\u00e9rer le ch\u00e2teau de l\u2019enchantement !<\/p>\n<p class=\"has-white-color has-text-color has-background\">\n    <strong> Infos pratiques<\/strong>\n    <\/p>\n<p><strong>O\u00f9 ?<\/strong>\u00a0\u00a0Ch\u00e2teau de Goulaine<br \/><strong>Quand ?<\/strong>\u00a0\u00a0Le samedi 19 avril 2025<br \/><strong>Horaire(s)<\/strong>\u00a0\u00a0De 14h00 \u00e0 18h30<br \/><strong>Tarif(s)<\/strong>\u00a0\u00a0De 5\u20ac50 \u00e0 10\u20ac50  <\/p>\n<p>\u00c9nigme de P\u00e2ques \u00e0 Saint-Nazaire<\/p>\n<p><img loading=\"lazy\" decoding=\"async\" width=\"657\" height=\"595\" src=\"https:\/\/www.europesays.com\/fr\/wp-content\/uploads\/2025\/04\/st-nazz.jpg\" alt=\"\" class=\"wp-image-112545\" style=\"aspect-ratio:16\/9;object-fit:cover;width:680px;height:auto\"  \/><\/p>\n<p>Une chasse aux \u0153ufs dans un mus\u00e9e, c\u2019est possible ! C\u2019est pas g\u00e9nial \u00e7a ? Rendez-vous le <strong>dimanche 20 avril<\/strong> \u00e0 l\u2019<strong>\u00c9comus\u00e9e de Saint-Nazaire<\/strong> pour d\u00e9busquer les coquilles sans vous faire sonner les cloches. Au programme :\u00a0questions et d\u00e9fis\u00a0pour jouer et d\u00e9chiffrer l\u2019histoire de la ville, avec un souvenir gourmand pour la fin de parcours.<\/p>\n<p class=\"has-white-color has-text-color has-background\">\n    <strong> Infos pratiques<\/strong>\n    <\/p>\n<p><strong>O\u00f9 ?<\/strong>\u00a0\u00a0\u00c9comus\u00e9e, Saint-Nazaire<br \/><strong>Quand ?<\/strong>\u00a0\u00a0Le dimanche 20 avril 2025<br \/><strong>Horaire(s)<\/strong>\u00a0\u00a0De 9h30 \u00e0 12h30 et de 14h00 \u00e0 17h30<br \/><strong>Tarif(s)<\/strong>\u00a0\u00a0De 3\u20ac \u00e0 6\u20ac  <\/p>\n<p>Toute l\u2019\u00e9quipe de Big City te souhaite un tr\u00e8s bon week-end de P\u00e2ques ! Qu\u2019il soit rempli de bonheur, d\u2019amusement et de gourmandises en tout genre (gare aux crises de foie\u2026) \ud83e\udd2d<\/p>\n","protected":false},"excerpt":{"rendered":"Lundi c\u2019est f\u00e9ri\u00e9 et \u00e7a c\u2019est d\u00e9j\u00e0 g\u00e9nial. Mais on en conna\u00eet qui attendent ce week-end pour une&hellip;\n","protected":false},"author":2,"featured_media":31416,"comment_status":"","ping_status":"","sticky":false,"template":"","format":"standard","meta":{"footnotes":""},"categories":[2818],"tags":[1111,11,10685,1777,674,1011,27,10686,766,12,4769,2636,25,1669],"class_list":{"0":"post-31415","1":"post","2":"type-post","3":"status-publish","4":"format-standard","5":"has-post-thumbnail","7":"category-nantes","8":"tag-actu","9":"tag-actualites","10":"tag-chocolats","11":"tag-eu","12":"tag-europe","13":"tag-fr","14":"tag-france","15":"tag-kids","16":"tag-nantes","17":"tag-news","18":"tag-paques","19":"tag-pays-de-la-loire","20":"tag-republique-francaise","21":"tag-sorties"},"share_on_mastodon":{"url":"https:\/\/pubeurope.com\/@fr\/114352769724204878","error":""},"_links":{"self":[{"href":"https:\/\/www.europesays.com\/fr\/wp-json\/wp\/v2\/posts\/31415","targetHints":{"allow":["GET"]}}],"collection":[{"href":"https:\/\/www.europesays.com\/fr\/wp-json\/wp\/v2\/posts"}],"about":[{"href":"https:\/\/www.europesays.com\/fr\/wp-json\/wp\/v2\/types\/post"}],"author":[{"embeddable":true,"href":"https:\/\/www.europesays.com\/fr\/wp-json\/wp\/v2\/users\/2"}],"replies":[{"embeddable":true,"href":"https:\/\/www.europesays.com\/fr\/wp-json\/wp\/v2\/comments?post=31415"}],"version-history":[{"count":0,"href":"https:\/\/www.europesays.com\/fr\/wp-json\/wp\/v2\/posts\/31415\/revisions"}],"wp:featuredmedia":[{"embeddable":true,"href":"https:\/\/www.europesays.com\/fr\/wp-json\/wp\/v2\/media\/31416"}],"wp:attachment":[{"href":"https:\/\/www.europesays.com\/fr\/wp-json\/wp\/v2\/media?parent=31415"}],"wp:term":[{"taxonomy":"category","embeddable":true,"href":"https:\/\/www.europesays.com\/fr\/wp-json\/wp\/v2\/categories?post=31415"},{"taxonomy":"post_tag","embeddable":true,"href":"https:\/\/www.europesays.com\/fr\/wp-json\/wp\/v2\/tags?post=31415"}],"curies":[{"name":"wp","href":"https:\/\/api.w.org\/{rel}","templated":true}]}}