{"id":314160,"date":"2025-08-12T15:03:10","date_gmt":"2025-08-12T15:03:10","guid":{"rendered":"https:\/\/www.europesays.com\/fr\/314160\/"},"modified":"2025-08-12T15:03:10","modified_gmt":"2025-08-12T15:03:10","slug":"le-ya-degun-festival-sinstalle-a-six-fours-les-plages","status":"publish","type":"post","link":"https:\/\/www.europesays.com\/fr\/314160\/","title":{"rendered":"le Ya Degun festival s&rsquo;installe \u00e0 Six-Fours-Les-Plages"},"content":{"rendered":"<p>            Par<br \/>\n        <strong><br \/>\n            <a href=\"https:\/\/actu.fr\/auteur\/guillemette-herve\" title=\"Consulter tous les articles de Agence de presse APEI\" rel=\"nofollow noopener\" target=\"_blank\">Agence de presse APEI<\/a><br \/>\n        <\/strong><\/p>\n<p>        Publi\u00e9 le<\/p>\n<p>            12 ao\u00fbt 2025 \u00e0 16h21        <\/p>\n<p>C\u2019est reparti pour le Ya Degun festival, \u00e9v\u00e9nement incontournable de <strong>la sc\u00e8ne musicale du Var<\/strong>. Apr\u00e8s avoir fait danser <a href=\"https:\/\/actu.fr\/provence-alpes-cote-d-azur\/le-castellet_83035\/var-le-ya-degun-festival-un-rendez-vous-musical-incontournable-au-castellet_62887158.html\" rel=\"nofollow noopener\" target=\"_blank\">Le Castellet<\/a> en juillet, le voil\u00e0 qui s\u2019installe \u00e0 Six-Fours-Les-Plages, sur l\u2019esplanade du Rayon de soleil, du vendredi 15 au dimanche 17 ao\u00fbt 2025.<\/p>\n<p>Une sc\u00e8ne pour les collectifs locaux<\/p>\n<p class=\" wall-content\">Trois jours de musique dans un cadre exceptionnel face \u00e0 la mer, entre f\u00eate, plage et culture locale. Cette ann\u00e9e, le site accueillera une deuxi\u00e8me sc\u00e8ne d\u00e9di\u00e9e aux collectifs locaux pour offrir plus de visibilit\u00e9 aux <strong>talents \u00e9mergents<\/strong> de la r\u00e9gion.<\/p>\n<p class=\" wall-content\">Au programme :<\/p>\n<ul class=\" wall-content\">\n<li>Vendredi 15 ao\u00fbt : Feder, Arkadyan, Sorrentino B2B Susini, Antho Deck, Oonly Cut<\/li>\n<li>Samedi 16 ao\u00fbt : Synapson, Djibril Ciss\u00e9 aka Tcheba, Essence of Time, Carla Mo, Owlish, Mika Gennaro<\/li>\n<li>Dimanche 17 ao\u00fbt : Mercer, Notre Dame, Myle Ren B2B Jack Ollins, Mathias D., Single Spark, Sempere<\/li>\n<\/ul>\n<p class=\" wall-content\">Et comme chaque ann\u00e9e, <strong>des animations sportives<\/strong> \u2014 <a href=\"https:\/\/actu.fr\/provence-alpes-cote-d-azur\/sarrians_84122\/coupe-du-monde-de-bmx-a-sarrians-sylvain-andre-triomphe-a-domicile-dans-le-vaucluse_62777834.html\" rel=\"nofollow noopener\" target=\"_blank\">BMX<\/a>, breakdance, skate \u2014 seront organis\u00e9es dans la journ\u00e9e avant de danser jusqu\u2019\u00e0 1h du matin.<\/p>\n<p>Informations et billetterie sur\u00a0<a href=\"http:\/\/www.yadegunfestival.com\" rel=\"nofollow noopener\" target=\"_blank\">www.yadegunfestival.com<\/a><\/p>\n<p class=\" wall-content\">Suivez toute l\u2019actualit\u00e9 de vos villes et m\u00e9dias favoris en vous inscrivant \u00e0 <a href=\"https:\/\/moncompte.actu.fr\" title=\"D\u00e9couvez Mon Actu\" rel=\"nofollow noopener\" data-trk=\"{&quot;cta&quot;:{&quot;action&quot;:&quot;https:\\\/\\\/moncompte.actu.fr&quot;,&quot;category&quot;:&quot;mon compte&quot;,&quot;from&quot;:&quot;article footer&quot;,&quot;name&quot;:&quot;Mon actu&quot;,&quot;type&quot;:&quot;cta&quot;}}\" target=\"_blank\">Mon Actu<\/a>.<\/p>\n","protected":false},"excerpt":{"rendered":"Par Agence de presse APEI Publi\u00e9 le 12 ao\u00fbt 2025 \u00e0 16h21 C\u2019est reparti pour le Ya Degun&hellip;\n","protected":false},"author":2,"featured_media":314161,"comment_status":"","ping_status":"","sticky":false,"template":"","format":"standard","meta":{"footnotes":""},"categories":[9619],"tags":[1111,11,1777,674,1011,27,1652,873,12,882,25,2310],"class_list":{"0":"post-314160","1":"post","2":"type-post","3":"status-publish","4":"format-standard","5":"has-post-thumbnail","7":"category-toulon","8":"tag-actu","9":"tag-actualites","10":"tag-eu","11":"tag-europe","12":"tag-fr","13":"tag-france","14":"tag-loisirs-culture","15":"tag-musique","16":"tag-news","17":"tag-provence-alpes-cote-dazur","18":"tag-republique-francaise","19":"tag-toulon"},"share_on_mastodon":{"url":"https:\/\/pubeurope.com\/@fr\/115016407697249552","error":""},"_links":{"self":[{"href":"https:\/\/www.europesays.com\/fr\/wp-json\/wp\/v2\/posts\/314160","targetHints":{"allow":["GET"]}}],"collection":[{"href":"https:\/\/www.europesays.com\/fr\/wp-json\/wp\/v2\/posts"}],"about":[{"href":"https:\/\/www.europesays.com\/fr\/wp-json\/wp\/v2\/types\/post"}],"author":[{"embeddable":true,"href":"https:\/\/www.europesays.com\/fr\/wp-json\/wp\/v2\/users\/2"}],"replies":[{"embeddable":true,"href":"https:\/\/www.europesays.com\/fr\/wp-json\/wp\/v2\/comments?post=314160"}],"version-history":[{"count":0,"href":"https:\/\/www.europesays.com\/fr\/wp-json\/wp\/v2\/posts\/314160\/revisions"}],"wp:featuredmedia":[{"embeddable":true,"href":"https:\/\/www.europesays.com\/fr\/wp-json\/wp\/v2\/media\/314161"}],"wp:attachment":[{"href":"https:\/\/www.europesays.com\/fr\/wp-json\/wp\/v2\/media?parent=314160"}],"wp:term":[{"taxonomy":"category","embeddable":true,"href":"https:\/\/www.europesays.com\/fr\/wp-json\/wp\/v2\/categories?post=314160"},{"taxonomy":"post_tag","embeddable":true,"href":"https:\/\/www.europesays.com\/fr\/wp-json\/wp\/v2\/tags?post=314160"}],"curies":[{"name":"wp","href":"https:\/\/api.w.org\/{rel}","templated":true}]}}