{"id":314162,"date":"2025-08-12T15:04:13","date_gmt":"2025-08-12T15:04:13","guid":{"rendered":"https:\/\/www.europesays.com\/fr\/314162\/"},"modified":"2025-08-12T15:04:13","modified_gmt":"2025-08-12T15:04:13","slug":"evacuation-au-campus-rct-a-toulon-la-brasserie-a-finalement-pu-rouvrir-ses-portes","status":"publish","type":"post","link":"https:\/\/www.europesays.com\/fr\/314162\/","title":{"rendered":"\u00c9vacuation au Campus RCT \u00e0 Toulon: la brasserie a finalement pu rouvrir ses portes"},"content":{"rendered":"<p>Ce mardi apr\u00e8s-midi, quelques heures apr\u00e8s <a href=\"https:\/\/www.varmatin.com\/sport\/une-partie-du-campus-rct-evacuee-ce-mardi-les-sapeurs-pompiers-sur-place-997777\" rel=\"nofollow noopener\" target=\"_blank\">l\u2019\u00e9vacuation d\u2019une partie du Campus RCT, \u00e0 l\u2019est de Toulon<\/a>, le b\u00e2timent accueillant la brasserie du club a finalement rouvert ses portes dans des conditions normales, m\u00eame si le service du midi n\u2019a pas pu \u00eatre assur\u00e9.<\/p>\n<p>Du c\u00f4t\u00e9 du centre d\u2019entra\u00eenement des Rouge et Noir, en revanche, joueurs, membres du staff et autres salari\u00e9s \u00e9taient toujours priv\u00e9s d\u2019\u00e9lectricit\u00e9 en d\u00e9but d\u2019apr\u00e8s-midi.<\/p>\n<p>Un incident survenu en fin de matin\u00e9e<\/p>\n<p>Plus t\u00f4t dans la journ\u00e9e, juste apr\u00e8s l\u2019entra\u00eenement ouvert au public de l\u2019\u00e9quipe professionnelle, les fum\u00e9es qui se seraient d\u00e9gag\u00e9es d\u2019un transformateur \u00e9lectrique avaient n\u00e9cessit\u00e9 l\u2019intervention des sapeurs-pompiers du Var et des services d\u2019Enedis.<\/p>\n<p>Vers 11h30, le demi de m\u00eal\u00e9e Baptiste Serin signait encore des autographes dans le secteur de la brasserie lorsque l\u2019\u00e9vacuation de la centaine de supporters et employ\u00e9s pr\u00e9sents de ce c\u00f4t\u00e9 du Campus \u00e9tait ordonn\u00e9e.<\/p>\n<p>Mais l\u2019incident a donc pu \u00eatre rapidement ma\u00eetris\u00e9.<\/p>\n","protected":false},"excerpt":{"rendered":"Ce mardi apr\u00e8s-midi, quelques heures apr\u00e8s l\u2019\u00e9vacuation d\u2019une partie du Campus RCT, \u00e0 l\u2019est de Toulon, le b\u00e2timent&hellip;\n","protected":false},"author":2,"featured_media":314163,"comment_status":"","ping_status":"","sticky":false,"template":"","format":"standard","meta":{"footnotes":""},"categories":[9619],"tags":[1111,11,1777,674,118,1011,27,12,882,25,479,60,2310],"class_list":{"0":"post-314162","1":"post","2":"type-post","3":"status-publish","4":"format-standard","5":"has-post-thumbnail","7":"category-toulon","8":"tag-actu","9":"tag-actualites","10":"tag-eu","11":"tag-europe","12":"tag-faits-divers","13":"tag-fr","14":"tag-france","15":"tag-news","16":"tag-provence-alpes-cote-dazur","17":"tag-republique-francaise","18":"tag-rugby","19":"tag-sports","20":"tag-toulon"},"share_on_mastodon":{"url":"https:\/\/pubeurope.com\/@fr\/115016411601843270","error":""},"_links":{"self":[{"href":"https:\/\/www.europesays.com\/fr\/wp-json\/wp\/v2\/posts\/314162","targetHints":{"allow":["GET"]}}],"collection":[{"href":"https:\/\/www.europesays.com\/fr\/wp-json\/wp\/v2\/posts"}],"about":[{"href":"https:\/\/www.europesays.com\/fr\/wp-json\/wp\/v2\/types\/post"}],"author":[{"embeddable":true,"href":"https:\/\/www.europesays.com\/fr\/wp-json\/wp\/v2\/users\/2"}],"replies":[{"embeddable":true,"href":"https:\/\/www.europesays.com\/fr\/wp-json\/wp\/v2\/comments?post=314162"}],"version-history":[{"count":0,"href":"https:\/\/www.europesays.com\/fr\/wp-json\/wp\/v2\/posts\/314162\/revisions"}],"wp:featuredmedia":[{"embeddable":true,"href":"https:\/\/www.europesays.com\/fr\/wp-json\/wp\/v2\/media\/314163"}],"wp:attachment":[{"href":"https:\/\/www.europesays.com\/fr\/wp-json\/wp\/v2\/media?parent=314162"}],"wp:term":[{"taxonomy":"category","embeddable":true,"href":"https:\/\/www.europesays.com\/fr\/wp-json\/wp\/v2\/categories?post=314162"},{"taxonomy":"post_tag","embeddable":true,"href":"https:\/\/www.europesays.com\/fr\/wp-json\/wp\/v2\/tags?post=314162"}],"curies":[{"name":"wp","href":"https:\/\/api.w.org\/{rel}","templated":true}]}}