{"id":314164,"date":"2025-08-12T15:05:19","date_gmt":"2025-08-12T15:05:19","guid":{"rendered":"https:\/\/www.europesays.com\/fr\/314164\/"},"modified":"2025-08-12T15:05:19","modified_gmt":"2025-08-12T15:05:19","slug":"quel-programme-pour-la-fete-de-la-saint-roch","status":"publish","type":"post","link":"https:\/\/www.europesays.com\/fr\/314164\/","title":{"rendered":"Quel programme pour la f\u00eate de la Saint-Roch\u00a0?"},"content":{"rendered":"<p>            Par<br \/>\n        <strong><br \/>\n            <a href=\"https:\/\/actu.fr\/auteur\/metropoop\" title=\"Consulter tous les articles de R\u00e9daction M\u00e9tropolitain\" rel=\"nofollow noopener\" target=\"_blank\">R\u00e9daction M\u00e9tropolitain<\/a><br \/>\n        <\/strong><\/p>\n<p>        Publi\u00e9 le<\/p>\n<p>            12 ao\u00fbt 2025 \u00e0 16h30        <\/p>\n<p>Distinctement culturelle et religieuse, la <strong>f\u00eate de la Saint-Roch<\/strong> vient c\u00e9l\u00e9brer le montpelli\u00e9rain le plus connu au monde. Cette ann\u00e9e, les rues de <strong>Montpellier<\/strong> accueilleront, les 15 et 16 ao\u00fbt, des milliers de personnes venues non seulement rendre hommage \u00e0 Saint-Roch, mais \u00e9galement venues profiter d\u2019une ambiance festive au c\u0153ur de la capitale h\u00e9raultaise.<\/p>\n<p class=\" wall-content\">Orchestr\u00e9 par l\u2019<strong>Association Internationale Saint-Roch de Montpellier,<\/strong> qui f\u00eate ses 30 ans cette ann\u00e9e, en partenariat avec la Ville, l\u2019\u00e9v\u00e9nement accueillera des personnalit\u00e9s notamment en provenance d\u2019Italie qui viennent renforcer la coop\u00e9ration culturelle entre Montpellier et des villes transalpines comme <strong>Turin<\/strong> et <strong>Voghera<\/strong>. Sont ainsi convi\u00e9s <strong>Daniele Salerno<\/strong> (membre d\u2019honneur de l\u2019association internationale Saint-Roch et Pr\u00e9sident du conseil municipal de Voghera),<strong> Silvio Barbieri<\/strong> (pr\u00e9sident des amis de Saint-Roch de Sarmato), et pour la premi\u00e8re fois <strong>Marco Raiteri<\/strong> (qui deviendra membre d\u2019honneur de l\u2019association et qui a r\u00e9cemment \u00e9t\u00e9 nomm\u00e9 \u00e0 nouveau <strong>Giaduja<\/strong> de la Famille turinoise, qui elle f\u00eate ses 100 ans).\u00a0<\/p>\n<p><img loading=\"lazy\" decoding=\"async\" src=\"https:\/\/www.europesays.com\/fr\/wp-content\/uploads\/2025\/08\/gianduja-e-giacometta-900x600-1-640x427.jpg\" alt=\"\" width=\"640\" height=\"427\"\/>Qui est Gianduja ?<\/p>\n<p>Personnage embl\u00e9matique de la commedia dell&rsquo;arte, il incarne l&rsquo;\u00e2me populaire de la ville de Turin, au nord-ouest de l&rsquo;Italie. Invent\u00e9 au XIXe si\u00e8cle, c&rsquo;est en 1925, lorsque la Famija Turin\u00e8isa (famille turinoise) est fond\u00e9e, que Gianduja reprend une place importante dans la culture r\u00e9gionale. Chaque ann\u00e9e au mois de janvier, une investiture a lieu afin de confier les r\u00f4les de Gianduja et Giacometta, son amante. Cette ann\u00e9e encore, c&rsquo;est Marco Raiteri qui a \u00e9t\u00e9 d\u00e9sign\u00e9 pour incarner l&rsquo;h\u00e9ros populaire qui symbolise un esprit libre, chaleureux et proche du peuple.<\/p>\n<p>Quel programme ?\u00a0<\/p>\n<p class=\" wall-content\">F\u00eate la\u00efque malgr\u00e9 l\u2019appellation d\u2019un saint, la f\u00eate de la Saint-Roch promet un programme festif, culturel et historique. \u00ab Saint-Roch d\u00e9passe la sph\u00e8re cultuelle. Il fait partie de l\u2019histoire de la ville de Montpellier et <strong>Georges Fr\u00eache<\/strong> avait voulu, en 1995, doter la ville d\u2019une f\u00eate d\u2019\u00e9t\u00e9 pour les Montpelli\u00e9rains et c\u2019\u00e9tait une \u00e9vidence de rendre hommage \u00e0 cet homme connu dans le monde entier\u00a0\u00bb, explique <strong>Anne-Marie Conte-Privat<\/strong>, pr\u00e9sidente de l\u2019association. Dans ce contexte, de nombreuses animations se tiendront dans les rues de la ville sous le soleil et la chaleur d\u2019ao\u00fbt ce samedi 16 :\u00a0<\/p>\n<ul class=\" wall-content\">\n<li>9h30 : D\u00e9part de la <strong>Maison des relations internationales<\/strong> (MRI) direction la place de la Com\u00e9die, puis la place Saint-Roch en passant par la Grand Rue Jean Moulin, pour terminer sur la <strong>Place Royale du Peyrou<\/strong> o\u00f9 aura lieu une aubade de chaque groupe, qui emprunteront des itin\u00e9raires diff\u00e9rents par la suite afin qu\u2019une majorit\u00e9 de Montpelli\u00e9rain puissent d\u00e9couvrir et suivre une partie du cort\u00e8ge.\u00a0<\/li>\n<li>12h00 \u00e0 12h30 : spectacle de chaque groupe sur l\u2019esplanade (fontaine Porte d\u2019eau).\u00a0<\/li>\n<li>16h45 : Grand d\u00e9fil\u00e9-cort\u00e8ge dans les rues de la ville qui partira de la MRI qui passera par la place de la Com\u00e9die, Grand-Rue Jean Moulin, la place Saint-Roch, la rue Saint-Guilhem, la rue de la Loge, la maison de Saint-Roch. Le cort\u00e8ge rejoindra en finalit\u00e9 l\u2019esplanade \u00e0 travers la Porte d\u2019Eau.\u00a0<\/li>\n<\/ul>\n<p>Vid\u00e9os : en ce moment sur Actu<\/p>\n<p class=\" wall-content\">C\u00f4t\u00e9 culturel, du lundi 18 ao\u00fbt au jeudi 4 septembre, une exposition de reproductions de pi\u00e8ces d\u2019archives relatives \u00e0 Saint-Roch sera pr\u00e9sent\u00e9e \u00e0 la MRI (du lundi au vendredi de 9h \u00e0 12h et de 14h \u00e0 17h).\u00a0<\/p>\n<p class=\" wall-content\">Saint-Roch, c\u2019est \u00e9galement un homme religieux envers lequel l\u2019\u00e9glise montpelli\u00e9raine rend hommage \u00e0 travers ces f\u00eates de la Saint-Roch. C\u2019est pour cela que le <strong>Sanctuaire Saint-Roch<\/strong> propose \u00e9galement un programme cultuel, culturel et historique les vendredi 15 et samedi 16 :\u00a0<\/p>\n<p class=\" wall-content\"><strong>Vendredi 15 ao\u00fbt :\u00a0<\/strong><\/p>\n<ul class=\" wall-content\">\n<li>15-17h au Sanctuaire Saint-Roch : Visites guid\u00e9es et pr\u00e9sentation des reliques.\u00a0<\/li>\n<li>20h30 \u00e0 la basilique Notre-Dame des Tables : Temps de pri\u00e8res.\u00a0<\/li>\n<li>21h : Procession aux flambeaux, M\u00e9ditation des myst\u00e8res du Rosaire au d\u00e9part de Notre-Dame des Tables jusqu\u2019au Sanctuaire.\u00a0<\/li>\n<li>22h au Sanctuaire : Chant du Magnificat et b\u00e9n\u00e9diction<\/li>\n<\/ul>\n<p class=\" wall-content\"><strong>Samedi 16 ao\u00fbt :\u00a0<\/strong><\/p>\n<ul class=\" wall-content\">\n<li>8h30 : Messe.<\/li>\n<li>10h30 : Messe solennelle pr\u00e9sid\u00e9e par <strong>Monseigneur Turini,<\/strong> archev\u00eaque de Montpellier.\u00a0<\/li>\n<li>12h : Messe.\u00a0<\/li>\n<li>14h : Explication des tableaux qui sont dans le ch\u0153ur par <strong>Michel Colomb,<\/strong> professeur \u00e9m\u00e9rite de l\u2019Universit\u00e9 Paul Val\u00e9ry.\u00a0<\/li>\n<li>15h : Conf\u00e9rence \u00ab\u00a0j\u2019\u00e9tais malade et vous m\u2019avez visit\u00e9\u00a0\u00bb, par <strong>Olivier Jonquet<\/strong>, professeur \u00e9m\u00e9rite de m\u00e9decine de l\u2019Universit\u00e9 de Montpellier et pr\u00e9sident au comit\u00e9 m\u00e9dical international de Lourdes.\u00a0<\/li>\n<li>16h : Concert du <strong>Fr\u00e8re Arnaud Blunat<\/strong>, prieur du Couvent des Dominicains de Montpellier, accompagn\u00e9 par Isabelle Van Ginneken et Jean Baptiste Yao au violon.\u00a0<\/li>\n<li>17h : Chant des V\u00eapres.\u00a0<\/li>\n<li>17h30 : Procession des reliques et de la statue de Saint-Roch dans les rues de la ville.\u00a0<\/li>\n<li>18h : B\u00e9n\u00e9dictions de la ville, de ses habitants et des animaux de compagnie.\u00a0<\/li>\n<\/ul>\n<p class=\" wall-content\">\u00ab\u00a0Montpellier est tr\u00e8s fier car cette f\u00eate attire beaucoup de monde. C\u2019est un \u00e9v\u00e9nement convivial ouvert aux croyants et aux non-croyants et dans laquelle nous retrouvons un moment de partage entre les Montpelli\u00e9rains et des personnes venues de l\u2019\u00e9tranger\u00a0\u00bb, conclue <strong>Mylvia Houguet<\/strong>, 15e Adjointe au maire de Montpellier, d\u00e9l\u00e9gu\u00e9e \u00e0 la vie associative et aux Maisons pour Tous.\u00a0<\/p>\n<p class=\" wall-content\">Suivez toute l\u2019actualit\u00e9 de vos villes et m\u00e9dias favoris en vous inscrivant \u00e0 <a href=\"https:\/\/moncompte.actu.fr\" title=\"D\u00e9couvez Mon Actu\" rel=\"nofollow noopener\" data-trk=\"{&quot;cta&quot;:{&quot;action&quot;:&quot;https:\\\/\\\/moncompte.actu.fr&quot;,&quot;category&quot;:&quot;mon compte&quot;,&quot;from&quot;:&quot;article footer&quot;,&quot;name&quot;:&quot;Mon actu&quot;,&quot;type&quot;:&quot;cta&quot;}}\" target=\"_blank\">Mon Actu<\/a>.<\/p>\n","protected":false},"excerpt":{"rendered":"Par R\u00e9daction M\u00e9tropolitain Publi\u00e9 le 12 ao\u00fbt 2025 \u00e0 16h30 Distinctement culturelle et religieuse, la f\u00eate de la&hellip;\n","protected":false},"author":2,"featured_media":314165,"comment_status":"","ping_status":"","sticky":false,"template":"","format":"standard","meta":{"footnotes":""},"categories":[9599],"tags":[1111,11,1777,674,1011,27,2208,12,2680,2551,4020,25,104],"class_list":{"0":"post-314164","1":"post","2":"type-post","3":"status-publish","4":"format-standard","5":"has-post-thumbnail","7":"category-montpellier","8":"tag-actu","9":"tag-actualites","10":"tag-eu","11":"tag-europe","12":"tag-fr","13":"tag-france","14":"tag-montpellier","15":"tag-news","16":"tag-occitanie","17":"tag-patrimoine","18":"tag-religion","19":"tag-republique-francaise","20":"tag-societe"},"share_on_mastodon":{"url":"https:\/\/pubeurope.com\/@fr\/115016415580825816","error":""},"_links":{"self":[{"href":"https:\/\/www.europesays.com\/fr\/wp-json\/wp\/v2\/posts\/314164","targetHints":{"allow":["GET"]}}],"collection":[{"href":"https:\/\/www.europesays.com\/fr\/wp-json\/wp\/v2\/posts"}],"about":[{"href":"https:\/\/www.europesays.com\/fr\/wp-json\/wp\/v2\/types\/post"}],"author":[{"embeddable":true,"href":"https:\/\/www.europesays.com\/fr\/wp-json\/wp\/v2\/users\/2"}],"replies":[{"embeddable":true,"href":"https:\/\/www.europesays.com\/fr\/wp-json\/wp\/v2\/comments?post=314164"}],"version-history":[{"count":0,"href":"https:\/\/www.europesays.com\/fr\/wp-json\/wp\/v2\/posts\/314164\/revisions"}],"wp:featuredmedia":[{"embeddable":true,"href":"https:\/\/www.europesays.com\/fr\/wp-json\/wp\/v2\/media\/314165"}],"wp:attachment":[{"href":"https:\/\/www.europesays.com\/fr\/wp-json\/wp\/v2\/media?parent=314164"}],"wp:term":[{"taxonomy":"category","embeddable":true,"href":"https:\/\/www.europesays.com\/fr\/wp-json\/wp\/v2\/categories?post=314164"},{"taxonomy":"post_tag","embeddable":true,"href":"https:\/\/www.europesays.com\/fr\/wp-json\/wp\/v2\/tags?post=314164"}],"curies":[{"name":"wp","href":"https:\/\/api.w.org\/{rel}","templated":true}]}}